{"id":139982,"date":"2022-02-01T09:25:09","date_gmt":"2022-02-01T14:25:09","guid":{"rendered":"https:\/\/linitiative.ca\/International\/covid-19-les-admissions-en-reanimation-et-aux-soins-intensifs-en-forte-augmentation-ministere-de-la-sante\/"},"modified":"2022-02-01T09:25:09","modified_gmt":"2022-02-01T14:25:09","slug":"covid-19-les-admissions-en-reanimation-et-aux-soins-intensifs-en-forte-augmentation-ministere-de-la-sante","status":"publish","type":"post","link":"https:\/\/linitiative.ca\/International\/covid-19-les-admissions-en-reanimation-et-aux-soins-intensifs-en-forte-augmentation-ministere-de-la-sante\/","title":{"rendered":"Covid-19. Les admissions en r\u00e9animation et aux soins intensifs en forte augmentation [Minist\u00e8re de la Sant\u00e9]"},"content":{"rendered":"<div><img decoding=\"async\" width=\"660\" height=\"330\" src=\"https:\/\/linitiative.ca\/International\/wp-content\/uploads\/sites\/23\/2022\/02\/mouad-mrab.jpg\" class=\"attachment-post-thumbnail size-post-thumbnail wp-post-image\" alt=\"\" loading=\"lazy\" srcset=\"https:\/\/linitiative.ca\/International\/wp-content\/uploads\/sites\/23\/2022\/02\/mouad-mrab.jpg 660w, https:\/\/www.challenge.ma\/wp-content\/uploads\/2021\/12\/mouad-mrab-300x150.jpg 300w, https:\/\/www.challenge.ma\/wp-content\/uploads\/2021\/12\/mouad-mrab-360x180.jpg 360w\" sizes=\"auto, (max-width: 660px) 100vw, 660px\" itemprop=\"image\">Selon le minist\u00e8re de la Sant\u00e9, la troisi\u00e8me vague de l\u2019\u00e9pid\u00e9mie de Covid-19 est entr\u00e9e dans une phase descendante au Maroc. Toutefois, force est de signaler que les admissions en r\u00e9animation et aux soins intensifs augmentent de mani\u00e8re substantielle, avec une hausse de 19% la semaine pass\u00e9e. Le d\u00e9partement de<\/div>\n<p>Auteur: challenge<br \/>\n<a href=\"https:\/\/www.challenge.ma\/covid-19-les-admissions-en-reanimation-et-aux-soins-intensifs-en-forte-augmentation-ministere-de-la-sante-231817\/\">Cliquez ici pour lire l&rsquo;article depuis sa source.<\/a><\/p>\n","protected":false},"excerpt":{"rendered":"<p>Selon le minist\u00e8re de la Sant\u00e9, la troisi\u00e8me vague de l\u2019\u00e9pid\u00e9mie de Covid-19 est entr\u00e9e dans une phase descendante au Maroc. Toutefois, force est de signaler que les admissions en r\u00e9animation et aux soins intensifs augmentent de mani\u00e8re substantielle, avec une hausse de 19% la semaine pass\u00e9e. Le d\u00e9partement de Auteur: challenge Cliquez ici pour [&hellip;]<\/p>\n","protected":false},"author":1787,"featured_media":0,"comment_status":"closed","ping_status":"closed","sticky":false,"template":"","format":"standard","meta":{"fifu_image_url":"https:\/\/www.challenge.ma\/wp-content\/uploads\/2021\/12\/mouad-mrab.jpg","fifu_image_alt":"Covid-19. Les admissions en r\u00e9animation et aux soins intensifs en forte augmentation [Minist\u00e8re de la Sant\u00e9]","footnotes":""},"categories":[78,54],"tags":[],"class_list":["post-139982","post","type-post","status-publish","format-standard","hentry","category-economie","category-maroc"],"_links":{"self":[{"href":"https:\/\/linitiative.ca\/International\/wp-json\/wp\/v2\/posts\/139982","targetHints":{"allow":["GET"]}}],"collection":[{"href":"https:\/\/linitiative.ca\/International\/wp-json\/wp\/v2\/posts"}],"about":[{"href":"https:\/\/linitiative.ca\/International\/wp-json\/wp\/v2\/types\/post"}],"author":[{"embeddable":true,"href":"https:\/\/linitiative.ca\/International\/wp-json\/wp\/v2\/users\/1787"}],"replies":[{"embeddable":true,"href":"https:\/\/linitiative.ca\/International\/wp-json\/wp\/v2\/comments?post=139982"}],"version-history":[{"count":0,"href":"https:\/\/linitiative.ca\/International\/wp-json\/wp\/v2\/posts\/139982\/revisions"}],"wp:attachment":[{"href":"https:\/\/linitiative.ca\/International\/wp-json\/wp\/v2\/media?parent=139982"}],"wp:term":[{"taxonomy":"category","embeddable":true,"href":"https:\/\/linitiative.ca\/International\/wp-json\/wp\/v2\/categories?post=139982"},{"taxonomy":"post_tag","embeddable":true,"href":"https:\/\/linitiative.ca\/International\/wp-json\/wp\/v2\/tags?post=139982"}],"curies":[{"name":"wp","href":"https:\/\/api.w.org\/{rel}","templated":true}]}}