{"id":139988,"date":"2022-02-01T15:52:14","date_gmt":"2022-02-01T20:52:14","guid":{"rendered":"https:\/\/linitiative.ca\/International\/reouverture-des-frontieres-voici-les-conditions-pour-acceder-au-territoire-marocain-a-partir-du-7-fevrier\/"},"modified":"2022-02-01T15:52:14","modified_gmt":"2022-02-01T20:52:14","slug":"reouverture-des-frontieres-voici-les-conditions-pour-acceder-au-territoire-marocain-a-partir-du-7-fevrier","status":"publish","type":"post","link":"https:\/\/linitiative.ca\/International\/reouverture-des-frontieres-voici-les-conditions-pour-acceder-au-territoire-marocain-a-partir-du-7-fevrier\/","title":{"rendered":"R\u00e9ouverture des fronti\u00e8res. Voici les conditions pour acc\u00e9der au territoire marocain \u00e0 partir du 7 f\u00e9vrier"},"content":{"rendered":"<div><img decoding=\"async\" width=\"733\" height=\"435\" src=\"https:\/\/linitiative.ca\/International\/wp-content\/uploads\/sites\/23\/2022\/02\/aeroport-ue-1.jpg\" class=\"attachment-post-thumbnail size-post-thumbnail wp-post-image\" alt=\"\" loading=\"lazy\" srcset=\"https:\/\/linitiative.ca\/International\/wp-content\/uploads\/sites\/23\/2022\/02\/aeroport-ue-1.jpg 733w, https:\/\/www.challenge.ma\/wp-content\/uploads\/2022\/02\/aeroport-ue-1-300x178.jpg 300w, https:\/\/www.challenge.ma\/wp-content\/uploads\/2022\/02\/aeroport-ue-1-360x214.jpg 360w\" sizes=\"auto, (max-width: 733px) 100vw, 733px\" itemprop=\"image\">Le gouvernement a annonc\u00e9, le 1er f\u00e9vrier, une s\u00e9rie de mesures et dispositions, \u00e0 partir du 7 f\u00e9vrier, pour garantir une mise en \u0153uvre efficace de sa d\u00e9cision portant sur la r\u00e9ouverture des fronti\u00e8res aux vols en provenance et \u00e0 destination du royaume.Prises conform\u00e9ment aux dispositions juridiques relatives \u00e0 la<\/div>\n<p>Auteur: challenge<br \/>\n<a href=\"https:\/\/www.challenge.ma\/reouverture-des-frontieres-voici-les-conditions-pour-acceder-au-territoire-marocain-a-partir-du-7-fevrier-231835\/\">Cliquez ici pour lire l&rsquo;article depuis sa source.<\/a><\/p>\n","protected":false},"excerpt":{"rendered":"<p>Le gouvernement a annonc\u00e9, le 1er f\u00e9vrier, une s\u00e9rie de mesures et dispositions, \u00e0 partir du 7 f\u00e9vrier, pour garantir une mise en \u0153uvre efficace de sa d\u00e9cision portant sur la r\u00e9ouverture des fronti\u00e8res aux vols en provenance et \u00e0 destination du royaume.Prises conform\u00e9ment aux dispositions juridiques relatives \u00e0 la Auteur: challenge Cliquez ici pour [&hellip;]<\/p>\n","protected":false},"author":1787,"featured_media":0,"comment_status":"closed","ping_status":"closed","sticky":false,"template":"","format":"standard","meta":{"fifu_image_url":"https:\/\/www.challenge.ma\/wp-content\/uploads\/2022\/02\/aeroport-ue-1.jpg","fifu_image_alt":"R\u00e9ouverture des fronti\u00e8res. Voici les conditions pour acc\u00e9der au territoire marocain \u00e0 partir du 7 f\u00e9vrier","footnotes":""},"categories":[78,54],"tags":[],"class_list":["post-139988","post","type-post","status-publish","format-standard","hentry","category-economie","category-maroc"],"_links":{"self":[{"href":"https:\/\/linitiative.ca\/International\/wp-json\/wp\/v2\/posts\/139988","targetHints":{"allow":["GET"]}}],"collection":[{"href":"https:\/\/linitiative.ca\/International\/wp-json\/wp\/v2\/posts"}],"about":[{"href":"https:\/\/linitiative.ca\/International\/wp-json\/wp\/v2\/types\/post"}],"author":[{"embeddable":true,"href":"https:\/\/linitiative.ca\/International\/wp-json\/wp\/v2\/users\/1787"}],"replies":[{"embeddable":true,"href":"https:\/\/linitiative.ca\/International\/wp-json\/wp\/v2\/comments?post=139988"}],"version-history":[{"count":0,"href":"https:\/\/linitiative.ca\/International\/wp-json\/wp\/v2\/posts\/139988\/revisions"}],"wp:attachment":[{"href":"https:\/\/linitiative.ca\/International\/wp-json\/wp\/v2\/media?parent=139988"}],"wp:term":[{"taxonomy":"category","embeddable":true,"href":"https:\/\/linitiative.ca\/International\/wp-json\/wp\/v2\/categories?post=139988"},{"taxonomy":"post_tag","embeddable":true,"href":"https:\/\/linitiative.ca\/International\/wp-json\/wp\/v2\/tags?post=139988"}],"curies":[{"name":"wp","href":"https:\/\/api.w.org\/{rel}","templated":true}]}}