{"id":139990,"date":"2022-02-01T15:34:09","date_gmt":"2022-02-01T20:34:09","guid":{"rendered":"https:\/\/linitiative.ca\/International\/depuis-letranger-rafik-abdessalem-teste-positif-a-lomicron\/"},"modified":"2022-02-01T15:34:09","modified_gmt":"2022-02-01T20:34:09","slug":"depuis-letranger-rafik-abdessalem-teste-positif-a-lomicron","status":"publish","type":"post","link":"https:\/\/linitiative.ca\/International\/depuis-letranger-rafik-abdessalem-teste-positif-a-lomicron\/","title":{"rendered":"Depuis l\u2019\u00e9tranger : Rafik Abdessalem test\u00e9 positif \u00e0 l\u2019omicron"},"content":{"rendered":"<div>\n<p>Le gendre de Ghannouchi, par ailleurs ancien ministre nahdhaoui des Affaires Etrang\u00e8res, Rafik Abdessalem a annonc\u00e9 dans un post publi\u00e9 sur sa page ce soir 01er f\u00e9vrier 2022, qu\u2019il a \u00e9t\u00e9 test\u00e9 positif \u00e0 l\u2019omicron. Ajoutant qu\u2019il a \u00e9t\u00e9 infect\u00e9 \u00ab\u00a0au cours d\u2019un voyage\u00a0\u00bb et que son \u00e9tat de sant\u00e9 est stable.<\/p>\n<p>L\u2019article <a href=\"https:\/\/www.tunisienumerique.com\/depuis-letranger-rafik-abdessalem-teste-positif-a-lomicron\/\">Depuis l\u2019\u00e9tranger : Rafik Abdessalem test\u00e9 positif \u00e0 l\u2019omicron<\/a> est apparu en premier sur <a href=\"https:\/\/www.tunisienumerique.com\/\">Tunisie<\/a>.<\/p>\n<\/div>\n<p>Auteur: rania ben slimane<br \/>\n<a href=\"https:\/\/www.tunisienumerique.com\/depuis-letranger-rafik-abdessalem-teste-positif-a-lomicron\/\">Cliquez ici pour lire l&rsquo;article depuis sa source.<\/a><\/p>\n","protected":false},"excerpt":{"rendered":"<p>Le gendre de Ghannouchi, par ailleurs ancien ministre nahdhaoui des Affaires Etrang\u00e8res, Rafik Abdessalem a annonc\u00e9 dans un post publi\u00e9 sur sa page ce soir 01er f\u00e9vrier 2022, qu\u2019il a \u00e9t\u00e9 test\u00e9 positif \u00e0 l\u2019omicron. Ajoutant qu\u2019il a \u00e9t\u00e9 infect\u00e9 \u00ab\u00a0au cours d\u2019un voyage\u00a0\u00bb et que son \u00e9tat de sant\u00e9 est stable. L\u2019article Depuis l\u2019\u00e9tranger [&hellip;]<\/p>\n","protected":false},"author":1789,"featured_media":0,"comment_status":"closed","ping_status":"closed","sticky":false,"template":"","format":"standard","meta":{"fifu_image_url":"","fifu_image_alt":"","footnotes":""},"categories":[73,55],"tags":[],"class_list":["post-139990","post","type-post","status-publish","format-standard","hentry","category-actualite","category-tunisie"],"_links":{"self":[{"href":"https:\/\/linitiative.ca\/International\/wp-json\/wp\/v2\/posts\/139990","targetHints":{"allow":["GET"]}}],"collection":[{"href":"https:\/\/linitiative.ca\/International\/wp-json\/wp\/v2\/posts"}],"about":[{"href":"https:\/\/linitiative.ca\/International\/wp-json\/wp\/v2\/types\/post"}],"author":[{"embeddable":true,"href":"https:\/\/linitiative.ca\/International\/wp-json\/wp\/v2\/users\/1789"}],"replies":[{"embeddable":true,"href":"https:\/\/linitiative.ca\/International\/wp-json\/wp\/v2\/comments?post=139990"}],"version-history":[{"count":0,"href":"https:\/\/linitiative.ca\/International\/wp-json\/wp\/v2\/posts\/139990\/revisions"}],"wp:attachment":[{"href":"https:\/\/linitiative.ca\/International\/wp-json\/wp\/v2\/media?parent=139990"}],"wp:term":[{"taxonomy":"category","embeddable":true,"href":"https:\/\/linitiative.ca\/International\/wp-json\/wp\/v2\/categories?post=139990"},{"taxonomy":"post_tag","embeddable":true,"href":"https:\/\/linitiative.ca\/International\/wp-json\/wp\/v2\/tags?post=139990"}],"curies":[{"name":"wp","href":"https:\/\/api.w.org\/{rel}","templated":true}]}}