{"id":139994,"date":"2022-02-01T15:55:58","date_gmt":"2022-02-01T20:55:58","guid":{"rendered":"https:\/\/linitiative.ca\/International\/ligue-1-pro-changement-de-stade-pour-ess-ass\/"},"modified":"2022-02-01T15:55:58","modified_gmt":"2022-02-01T20:55:58","slug":"ligue-1-pro-changement-de-stade-pour-ess-ass","status":"publish","type":"post","link":"https:\/\/linitiative.ca\/International\/ligue-1-pro-changement-de-stade-pour-ess-ass\/","title":{"rendered":"Ligue 1 Pro : changement de stade pour ESS \u2013 ASS"},"content":{"rendered":"<div>\n<p>La LNFP a annonc\u00e9 le changement du stade qui abritera ce dimanche 06 f\u00e9vrier \u00e0 14h00, le match comptant pour la 8\u00e8me journ\u00e9e de\u00a0Ligue 1 professionnelle, opposant l\u2019Etoile du Sahel et l\u2019AS Soliman. D\u00e9sign\u00e9e d\u2019abord au stade Bouali Lahouar \u00e0 Hammam-Sousse, cette rencontre aura lieu au stade Mustapha Ben Jannet \u00e0 Monastir, et ce, \u00e0 [\u2026]<\/p>\n<p>L\u2019article <a href=\"https:\/\/sport.tunisienumerique.com\/ligue-1-pro-changement-de-stade-pour-ess-ass\/\">Ligue 1 Pro : changement de stade pour ESS \u2013 ASS<\/a> est apparu en premier sur <a href=\"https:\/\/www.tunisienumerique.com\/\">Tunisie<\/a>.<\/p>\n<\/div>\n<p>Auteur: Hamza Ben Khlifa<br \/>\n<a href=\"https:\/\/sport.tunisienumerique.com\/ligue-1-pro-changement-de-stade-pour-ess-ass\/\">Cliquez ici pour lire l&rsquo;article depuis sa source.<\/a><\/p>\n","protected":false},"excerpt":{"rendered":"<p>La LNFP a annonc\u00e9 le changement du stade qui abritera ce dimanche 06 f\u00e9vrier \u00e0 14h00, le match comptant pour la 8\u00e8me journ\u00e9e de\u00a0Ligue 1 professionnelle, opposant l\u2019Etoile du Sahel et l\u2019AS Soliman. D\u00e9sign\u00e9e d\u2019abord au stade Bouali Lahouar \u00e0 Hammam-Sousse, cette rencontre aura lieu au stade Mustapha Ben Jannet \u00e0 Monastir, et ce, \u00e0 [&hellip;]<\/p>\n","protected":false},"author":1789,"featured_media":0,"comment_status":"closed","ping_status":"closed","sticky":false,"template":"","format":"standard","meta":{"fifu_image_url":"","fifu_image_alt":"","footnotes":""},"categories":[73,55],"tags":[],"class_list":["post-139994","post","type-post","status-publish","format-standard","hentry","category-actualite","category-tunisie"],"_links":{"self":[{"href":"https:\/\/linitiative.ca\/International\/wp-json\/wp\/v2\/posts\/139994","targetHints":{"allow":["GET"]}}],"collection":[{"href":"https:\/\/linitiative.ca\/International\/wp-json\/wp\/v2\/posts"}],"about":[{"href":"https:\/\/linitiative.ca\/International\/wp-json\/wp\/v2\/types\/post"}],"author":[{"embeddable":true,"href":"https:\/\/linitiative.ca\/International\/wp-json\/wp\/v2\/users\/1789"}],"replies":[{"embeddable":true,"href":"https:\/\/linitiative.ca\/International\/wp-json\/wp\/v2\/comments?post=139994"}],"version-history":[{"count":0,"href":"https:\/\/linitiative.ca\/International\/wp-json\/wp\/v2\/posts\/139994\/revisions"}],"wp:attachment":[{"href":"https:\/\/linitiative.ca\/International\/wp-json\/wp\/v2\/media?parent=139994"}],"wp:term":[{"taxonomy":"category","embeddable":true,"href":"https:\/\/linitiative.ca\/International\/wp-json\/wp\/v2\/categories?post=139994"},{"taxonomy":"post_tag","embeddable":true,"href":"https:\/\/linitiative.ca\/International\/wp-json\/wp\/v2\/tags?post=139994"}],"curies":[{"name":"wp","href":"https:\/\/api.w.org\/{rel}","templated":true}]}}