{"id":139995,"date":"2022-02-01T14:40:11","date_gmt":"2022-02-01T19:40:11","guid":{"rendered":"https:\/\/linitiative.ca\/International\/plus-jamais-ca-des-eleves-qui-se-saoulent-la-gueule-avant\/"},"modified":"2022-02-01T14:40:11","modified_gmt":"2022-02-01T19:40:11","slug":"plus-jamais-ca-des-eleves-qui-se-saoulent-la-gueule-avant","status":"publish","type":"post","link":"https:\/\/linitiative.ca\/International\/plus-jamais-ca-des-eleves-qui-se-saoulent-la-gueule-avant\/","title":{"rendered":"PLUS JAMAIS \u00c7A: Des \u00e9l\u00e8ves qui se saoulent la gueule avant\u2026"},"content":{"rendered":"<div>\n<p><img decoding=\"async\" width=\"1137\" height=\"636\" src=\"https:\/\/linitiative.ca\/International\/wp-content\/uploads\/sites\/23\/2022\/02\/lepaysresponsive.png\" class=\"attachment- default-featured-img\" alt=\"\" loading=\"lazy\" srcset=\"https:\/\/linitiative.ca\/International\/wp-content\/uploads\/sites\/23\/2022\/02\/lepaysresponsive.png 1137w, https:\/\/lepays.bf\/wp-content\/uploads\/2017\/07\/lepaysresponsive-300x168.png 300w, https:\/\/lepays.bf\/wp-content\/uploads\/2017\/07\/lepaysresponsive-768x430.png 768w, https:\/\/lepays.bf\/wp-content\/uploads\/2017\/07\/lepaysresponsive-1024x573.png 1024w\" sizes=\"auto, (max-width: 1137px) 100vw, 1137px\">Des \u00e9l\u00e8ves qui se saoulent la gueule avant d\u2019aller en classe. Le ph\u00e9nom\u00e8ne prend de plus en plus de l\u2019ampleur si fait qu\u2019il inqui\u00e8te\u00a0 plus d\u2019un parent. Surtout quand on sait qu\u2019avec la mauvaise compagnie, m\u00eame les enfants les plus s\u00e9rieux risquent de se laisser entra\u00eener par les autres avec toutes les cons\u00e9quences qui vont \u2026<\/p>\n<p>L\u2019article <a rel=\"nofollow\" href=\"https:\/\/lepays.bf\/plus-jamais-ca-des-eleves-qui-se-saoulent-la-gueule-avant\/\">PLUS JAMAIS \u00c7A: Des \u00e9l\u00e8ves qui se saoulent la gueule avant\u2026<\/a> est apparu en premier sur <a rel=\"nofollow\" href=\"https:\/\/lepays.bf\/\">Editions Le Pays<\/a>.<\/p>\n<\/div>\n<p>Auteur: Editions LEPAYS<br \/>\n<a href=\"https:\/\/lepays.bf\/plus-jamais-ca-des-eleves-qui-se-saoulent-la-gueule-avant\/\">Cliquez ici pour lire l&rsquo;article depuis sa source.<\/a><\/p>\n","protected":false},"excerpt":{"rendered":"<p>Des \u00e9l\u00e8ves qui se saoulent la gueule avant d\u2019aller en classe. Le ph\u00e9nom\u00e8ne prend de plus en plus de l\u2019ampleur si fait qu\u2019il inqui\u00e8te\u00a0 plus d\u2019un parent. Surtout quand on sait qu\u2019avec la mauvaise compagnie, m\u00eame les enfants les plus s\u00e9rieux risquent de se laisser entra\u00eener par les autres avec toutes les cons\u00e9quences qui vont [&hellip;]<\/p>\n","protected":false},"author":1813,"featured_media":0,"comment_status":"closed","ping_status":"closed","sticky":false,"template":"","format":"standard","meta":{"fifu_image_url":"https:\/\/lepays.bf\/wp-content\/uploads\/2017\/07\/lepaysresponsive.png","fifu_image_alt":"PLUS JAMAIS \u00c7A: Des \u00e9l\u00e8ves qui se saoulent la gueule avant\u2026","footnotes":""},"categories":[73,81],"tags":[],"class_list":["post-139995","post","type-post","status-publish","format-standard","hentry","category-actualite","category-burkina-faso"],"_links":{"self":[{"href":"https:\/\/linitiative.ca\/International\/wp-json\/wp\/v2\/posts\/139995","targetHints":{"allow":["GET"]}}],"collection":[{"href":"https:\/\/linitiative.ca\/International\/wp-json\/wp\/v2\/posts"}],"about":[{"href":"https:\/\/linitiative.ca\/International\/wp-json\/wp\/v2\/types\/post"}],"author":[{"embeddable":true,"href":"https:\/\/linitiative.ca\/International\/wp-json\/wp\/v2\/users\/1813"}],"replies":[{"embeddable":true,"href":"https:\/\/linitiative.ca\/International\/wp-json\/wp\/v2\/comments?post=139995"}],"version-history":[{"count":0,"href":"https:\/\/linitiative.ca\/International\/wp-json\/wp\/v2\/posts\/139995\/revisions"}],"wp:attachment":[{"href":"https:\/\/linitiative.ca\/International\/wp-json\/wp\/v2\/media?parent=139995"}],"wp:term":[{"taxonomy":"category","embeddable":true,"href":"https:\/\/linitiative.ca\/International\/wp-json\/wp\/v2\/categories?post=139995"},{"taxonomy":"post_tag","embeddable":true,"href":"https:\/\/linitiative.ca\/International\/wp-json\/wp\/v2\/tags?post=139995"}],"curies":[{"name":"wp","href":"https:\/\/api.w.org\/{rel}","templated":true}]}}