{"id":139997,"date":"2022-02-01T14:44:21","date_gmt":"2022-02-01T19:44:21","guid":{"rendered":"https:\/\/linitiative.ca\/International\/tentative-de-coup-detat-en-guinee-bissau-encore-un-pied-de-nez-a-la-cedeao\/"},"modified":"2022-02-01T14:44:21","modified_gmt":"2022-02-01T19:44:21","slug":"tentative-de-coup-detat-en-guinee-bissau-encore-un-pied-de-nez-a-la-cedeao","status":"publish","type":"post","link":"https:\/\/linitiative.ca\/International\/tentative-de-coup-detat-en-guinee-bissau-encore-un-pied-de-nez-a-la-cedeao\/","title":{"rendered":"TENTATIVE DE COUP D\u2019ETAT EN GUINEE-BISSAU: Encore un pied de nez \u00e0 la CEDEAO"},"content":{"rendered":"<div>\n<p><img loading=\"lazy\" decoding=\"async\" width=\"225\" height=\"225\" src=\"https:\/\/linitiative.ca\/International\/wp-content\/uploads\/sites\/23\/2022\/02\/M3.jpg\" class=\"attachment- size- wp-post-image\" alt=\"\" style=\"float:left; margin:0 15px 15px 0;\" srcset=\"https:\/\/linitiative.ca\/International\/wp-content\/uploads\/sites\/23\/2022\/02\/M3.jpg 225w, https:\/\/lepays.bf\/wp-content\/uploads\/2022\/02\/M3-150x150.jpg 150w\" sizes=\"auto, (max-width: 225px) 100vw, 225px\">L\u2019Afrique de l\u2019Ouest renoue avec les vieux d\u00e9mons. C\u2019est le moins que l\u2019on puisse dire. Apr\u00e8s les coups d\u2019Etat au Mali, en Guin\u00e9e et au Burkina Faso, c\u2019est au tour de la Guin\u00e9e-Bissau de faire parler d\u2019elle et de fa\u00e7on bruyante. Assimi Go\u00efta fait d\u00e9cid\u00e9ment des \u00e9mules\u00a0! Et \u00e0 ce rythme, l\u2019on se demande o\u00f9 \u2026<\/p>\n<p>L\u2019article <a rel=\"nofollow\" href=\"https:\/\/lepays.bf\/tentative-de-coup-detat-en-guinee-bissau-encore-un-pied-de-nez-a-la-cedeao\/\">TENTATIVE DE COUP D\u2019ETAT EN GUINEE-BISSAU: Encore un pied de nez \u00e0 la CEDEAO<\/a> est apparu en premier sur <a rel=\"nofollow\" href=\"https:\/\/lepays.bf\/\">Editions Le Pays<\/a>.<\/p>\n<\/div>\n<p>Auteur: Editions LEPAYS<br \/>\n<a href=\"https:\/\/lepays.bf\/tentative-de-coup-detat-en-guinee-bissau-encore-un-pied-de-nez-a-la-cedeao\/\">Cliquez ici pour lire l&rsquo;article depuis sa source.<\/a><\/p>\n","protected":false},"excerpt":{"rendered":"<p>L\u2019Afrique de l\u2019Ouest renoue avec les vieux d\u00e9mons. C\u2019est le moins que l\u2019on puisse dire. Apr\u00e8s les coups d\u2019Etat au Mali, en Guin\u00e9e et au Burkina Faso, c\u2019est au tour de la Guin\u00e9e-Bissau de faire parler d\u2019elle et de fa\u00e7on bruyante. Assimi Go\u00efta fait d\u00e9cid\u00e9ment des \u00e9mules\u00a0! Et \u00e0 ce rythme, l\u2019on se demande o\u00f9 [&hellip;]<\/p>\n","protected":false},"author":1813,"featured_media":0,"comment_status":"closed","ping_status":"closed","sticky":false,"template":"","format":"standard","meta":{"fifu_image_url":"https:\/\/lepays.bf\/wp-content\/uploads\/2022\/02\/M3.jpg","fifu_image_alt":"TENTATIVE DE COUP D\u2019ETAT EN GUINEE-BISSAU: Encore un pied de nez \u00e0 la CEDEAO","footnotes":""},"categories":[73,81],"tags":[],"class_list":["post-139997","post","type-post","status-publish","format-standard","hentry","category-actualite","category-burkina-faso"],"_links":{"self":[{"href":"https:\/\/linitiative.ca\/International\/wp-json\/wp\/v2\/posts\/139997","targetHints":{"allow":["GET"]}}],"collection":[{"href":"https:\/\/linitiative.ca\/International\/wp-json\/wp\/v2\/posts"}],"about":[{"href":"https:\/\/linitiative.ca\/International\/wp-json\/wp\/v2\/types\/post"}],"author":[{"embeddable":true,"href":"https:\/\/linitiative.ca\/International\/wp-json\/wp\/v2\/users\/1813"}],"replies":[{"embeddable":true,"href":"https:\/\/linitiative.ca\/International\/wp-json\/wp\/v2\/comments?post=139997"}],"version-history":[{"count":0,"href":"https:\/\/linitiative.ca\/International\/wp-json\/wp\/v2\/posts\/139997\/revisions"}],"wp:attachment":[{"href":"https:\/\/linitiative.ca\/International\/wp-json\/wp\/v2\/media?parent=139997"}],"wp:term":[{"taxonomy":"category","embeddable":true,"href":"https:\/\/linitiative.ca\/International\/wp-json\/wp\/v2\/categories?post=139997"},{"taxonomy":"post_tag","embeddable":true,"href":"https:\/\/linitiative.ca\/International\/wp-json\/wp\/v2\/tags?post=139997"}],"curies":[{"name":"wp","href":"https:\/\/api.w.org\/{rel}","templated":true}]}}