{"id":139999,"date":"2022-02-01T12:43:26","date_gmt":"2022-02-01T17:43:26","guid":{"rendered":"https:\/\/linitiative.ca\/International\/fada-grippe-aviaire-le-haut-commissaire-interdit-lentree-ou-la-sortie-de-volailles-objets-et-produits-daviculture\/"},"modified":"2022-02-01T12:43:26","modified_gmt":"2022-02-01T17:43:26","slug":"fada-grippe-aviaire-le-haut-commissaire-interdit-lentree-ou-la-sortie-de-volailles-objets-et-produits-daviculture","status":"publish","type":"post","link":"https:\/\/linitiative.ca\/International\/fada-grippe-aviaire-le-haut-commissaire-interdit-lentree-ou-la-sortie-de-volailles-objets-et-produits-daviculture\/","title":{"rendered":"Fada\/Grippe Aviaire : Le Haut-Commissaire interdit l\u2019entr\u00e9e ou la sortie de volailles, objets et produits d\u2019aviculture"},"content":{"rendered":"<div>\n<p><strong>Dans un communiqu\u00e9 en date du 31 janvier 2022, le Haut-Commissaire, Adama Jean Yves B\u00e9r\u00e9 a d\u00e9clar\u00e9 que la ville est sous menace de la grippe aviaire. Il a affirm\u00e9 que l\u2019existence de cette maladie aviaire due au virus Aviaire de l\u2019influenza H5N1 dans cette ville a \u00e9t\u00e9 confirm\u00e9e apr\u00e8s des (examens virologiques r\u00e9alis\u00e9s \u00e0 cet effet). <\/strong><\/p>\n<h3><strong>Il <\/strong>interdit l\u00a0<em>entr\u00e9e ou sortie de volailles, objets et produits d\u2019aviculture sans autorisation d\u00e9livr\u00e9e par les services v\u00e9t\u00e9rinaires.<\/em><\/h3>\n<p><strong>La R\u00e9daction<\/strong><\/p>\n<p>\u00a0<\/p>\n<p>L\u2019article <a rel=\"nofollow\" href=\"https:\/\/www.sidwaya.info\/blog\/2022\/02\/01\/fada-grippe-aviaire-le-haut-commissaire-interdit-lentree-ou-la-sortie-de-volailles-objets-et-produits-daviculture\/\">Fada\/Grippe Aviaire : Le Haut-Commissaire interdit l\u2019entr\u00e9e ou la sortie de volailles, objets et produits d\u2019aviculture<\/a> est apparu en premier sur <a rel=\"nofollow\" href=\"https:\/\/www.sidwaya.info\/\">Quotidien Sidwaya<\/a>.<\/p>\n<\/div>\n<p>Auteur: Wamini SIDWAYA<br \/>\n<a href=\"https:\/\/www.sidwaya.info\/blog\/2022\/02\/01\/fada-grippe-aviaire-le-haut-commissaire-interdit-lentree-ou-la-sortie-de-volailles-objets-et-produits-daviculture\/?utm_source=rss&#038;utm_medium=rss&#038;utm_campaign=fada-grippe-aviaire-le-haut-commissaire-interdit-lentree-ou-la-sortie-de-volailles-objets-et-produits-daviculture\">Cliquez ici pour lire l&rsquo;article depuis sa source.<\/a><\/p>\n","protected":false},"excerpt":{"rendered":"<p>Dans un communiqu\u00e9 en date du 31 janvier 2022, le Haut-Commissaire, Adama Jean Yves B\u00e9r\u00e9 a d\u00e9clar\u00e9 que la ville est sous menace de la grippe aviaire. Il a affirm\u00e9 que l\u2019existence de cette maladie aviaire due au virus Aviaire de l\u2019influenza H5N1 dans cette ville a \u00e9t\u00e9 confirm\u00e9e apr\u00e8s des (examens virologiques r\u00e9alis\u00e9s \u00e0 [&hellip;]<\/p>\n","protected":false},"author":1816,"featured_media":0,"comment_status":"closed","ping_status":"closed","sticky":false,"template":"","format":"standard","meta":{"fifu_image_url":"","fifu_image_alt":"","footnotes":""},"categories":[73,81],"tags":[],"class_list":["post-139999","post","type-post","status-publish","format-standard","hentry","category-actualite","category-burkina-faso"],"_links":{"self":[{"href":"https:\/\/linitiative.ca\/International\/wp-json\/wp\/v2\/posts\/139999","targetHints":{"allow":["GET"]}}],"collection":[{"href":"https:\/\/linitiative.ca\/International\/wp-json\/wp\/v2\/posts"}],"about":[{"href":"https:\/\/linitiative.ca\/International\/wp-json\/wp\/v2\/types\/post"}],"author":[{"embeddable":true,"href":"https:\/\/linitiative.ca\/International\/wp-json\/wp\/v2\/users\/1816"}],"replies":[{"embeddable":true,"href":"https:\/\/linitiative.ca\/International\/wp-json\/wp\/v2\/comments?post=139999"}],"version-history":[{"count":0,"href":"https:\/\/linitiative.ca\/International\/wp-json\/wp\/v2\/posts\/139999\/revisions"}],"wp:attachment":[{"href":"https:\/\/linitiative.ca\/International\/wp-json\/wp\/v2\/media?parent=139999"}],"wp:term":[{"taxonomy":"category","embeddable":true,"href":"https:\/\/linitiative.ca\/International\/wp-json\/wp\/v2\/categories?post=139999"},{"taxonomy":"post_tag","embeddable":true,"href":"https:\/\/linitiative.ca\/International\/wp-json\/wp\/v2\/tags?post=139999"}],"curies":[{"name":"wp","href":"https:\/\/api.w.org\/{rel}","templated":true}]}}