{"id":140000,"date":"2022-02-01T17:02:44","date_gmt":"2022-02-01T22:02:44","guid":{"rendered":"https:\/\/linitiative.ca\/International\/actu-vert-la-foret-regionale-du-centre-risque-de-disparaitre\/"},"modified":"2022-02-01T17:02:44","modified_gmt":"2022-02-01T22:02:44","slug":"actu-vert-la-foret-regionale-du-centre-risque-de-disparaitre","status":"publish","type":"post","link":"https:\/\/linitiative.ca\/International\/actu-vert-la-foret-regionale-du-centre-risque-de-disparaitre\/","title":{"rendered":"Actu vert : La for\u00eat r\u00e9gionale du Centre risque  de disparaitre"},"content":{"rendered":"<div>\n<p><strong>Sur la Route nationale 4 (RN4) dans la commune rurale de Saaba, pr\u00e9cis\u00e9ment dans le village de Borgo, se dresse une for\u00eat le long de l\u2019axe Ouagadougou-Fada N\u2019Gourma. Il s\u2019agit de la for\u00eat r\u00e9gionale du Centre. D\u2019une superficie de 37 hectares, ce massif forestier est en train de subir un \u00e9cocide d\u00fb \u00e0 l\u2019action humaine. Pis, cette for\u00eat est dans le viseur des soci\u00e9t\u00e9s immobili\u00e8res.<\/strong><\/p>\n<p>Lentement et progressivement, la for\u00eat r\u00e9gionale du Centre est en train de mourir. Situ\u00e9e \u00e0 Borgo, un village de la commune rurale de Saaba sur la Route nationale 4 (RN 4), la niche \u00e9cologique n\u2019existe pratiquement que de nom, gr\u00e2ce \u00e0 la pancarte au fronton de l\u2019entr\u00e9e principale du site.<\/p>\n<p>Cette for\u00eat qui se laissait contempler par l\u2019usager \u00e0 bord d\u2019un v\u00e9hicule, voyant d\u00e9filer une verdure faite de grands arbres, a fait place \u00e0 un alignement de maisons, de kiosques, de monticules d\u2019agr\u00e9gats et tas d\u2019immondices qui se pr\u00e9sentent \u00e0 lui. For\u00eat communale au d\u00e9part, cette futaie est l\u2019initiative du minist\u00e8re de l\u2019Environnement en collaboration avec la commune de Ouagadougou en 1998.<\/p>\n<p>Il s\u2019est agi d\u2019identifier un espace qui allait porter le nom de for\u00eat r\u00e9gionale avec une superficie de 200 hectares, financ\u00e9e par la Coop\u00e9ration fran\u00e7aise et une contre-partie nationale. Toutefois, la superficie qui a \u00e9t\u00e9 v\u00e9ritablement mise en place est de 197 hectares. Selon la directrice r\u00e9gionale de la transition \u00e9cologique et de l\u2019environnement du Centre, Awa Fofana, l\u2019objectif du projet \u00e9tait d\u2019abord d\u2019approvisionner la ville de Ouagadougou et les environnants notamment, les villages aux alentours de la capitale de tout ce que la for\u00eat pourrait produire en termes de besoin pour les populations.<\/p>\n<figure id=\"attachment_45046\" aria-describedby=\"caption-attachment-45046\" style=\"width: 271px\" class=\"wp-caption alignleft\"><img decoding=\"async\" loading=\"lazy\" class=\"size-medium wp-image-45046\" src=\"https:\/\/linitiative.ca\/International\/wp-content\/uploads\/sites\/23\/2022\/02\/foret3-271x300-1.gif\" alt=\"\" width=\"271\" height=\"300\" srcset=\"https:\/\/linitiative.ca\/International\/wp-content\/uploads\/sites\/23\/2022\/02\/foret3-271x300-1.gif 271w, https:\/\/www.sidwaya.info\/wp-content\/uploads\/2022\/02\/foret3-150x166.gif 150w, https:\/\/www.sidwaya.info\/wp-content\/uploads\/2022\/02\/foret3-300x332.gif 300w, https:\/\/www.sidwaya.info\/wp-content\/uploads\/2022\/02\/foret3-380x420.gif 380w\" sizes=\"auto, (max-width: 271px) 100vw, 271px\"><figcaption id=\"caption-attachment-45046\" class=\"wp-caption-text\">Pour le CVD du village de Borgo, S\u00e9ni Tiendrebeogo, il faut emp\u00eacher \u00e0 tout prix les personnes sans autorisation d\u2019acc\u00e9der \u00e0 cette for\u00eat.<\/figcaption><\/figure>\n<p>\u00ab\u00a0Il s\u2019agissait \u00e9galement de cr\u00e9er de l\u2019emploi en mettant \u00e0 disposition le bois de feu et de service, de limiter les maladies pulmonaires \u00e0 travers la limitation de la propagation de la poussi\u00e8re dans la ville de Ouagadougou y compris la ceinture verte qui a \u00e9t\u00e9 mise en place depuis les ann\u00e9es 1976\u00a0\u00bb, ajoute-t-elle.<\/p>\n<p>Malheureusement, l\u2019\u00e9tat actuel de ce couvert v\u00e9g\u00e9tal am\u00e8ne \u00e0 tirer la conclusion que l\u2019objectif fix\u00e9 depuis 1998 n\u2019est pas au rendez-vous, soit 24 ans apr\u00e8s. Tout porte \u00e0 croire que le pronostic vital de la for\u00eat r\u00e9gionale du Centre est engag\u00e9 en ce jeudi 27 janvier 2022.<\/p>\n<p>A la porte d\u2019entr\u00e9e, une gu\u00e9rite et des toilettes nouvellement construites par le Conseil r\u00e9gional du Centre donnent l\u2019impression d\u2019une pr\u00e9sence permanente des agents des eaux et for\u00eats, mais l\u2019int\u00e9rieur du site laisse penser qu\u2019il est laiss\u00e9 \u00e0 lui-m\u00eame. En effet, le nombre important de clairi\u00e8res en dit long sur l\u2019\u00e9cocide des esp\u00e8ces v\u00e9g\u00e9tales.<\/p>\n<p>Pendant que des arbres sont abattus par-ci, des fagots de bois sont entass\u00e9s par-l\u00e0 attendant d\u2019\u00eatre enlev\u00e9s par des individus auteurs de l\u2019abattage. La for\u00eat r\u00e9gionale du Centre est devenue un lieu de ramassage d\u2019agr\u00e9gats.<\/p>\n<h3>\u00ab\u2026aucune notion de l\u2019importance d\u2019une for\u00eat\u00a0\u00bb<\/h3>\n<p>Visiblement remont\u00e9, Souleymane Derra, un vendeur de mat\u00e9riaux de construction situ\u00e9 \u00e0 proximit\u00e9, confie avoir attir\u00e9 l\u2019attention les responsables de cet acte. \u00ab\u00a0Toute la for\u00eat est parsem\u00e9e de trous et d\u2019amas d\u2019agr\u00e9gats.<\/p>\n<p>J\u2019ai toujours interpell\u00e9 les personnes qui viennent creuser des trous pour enlever des agr\u00e9gats. J\u2019ai une fois \u00e9t\u00e9 me plaindre \u00e0 la mairie de Saaba sur l\u2019\u00e9tat de d\u00e9gradation de cette for\u00eat par la faute des personnes qui n\u2019ont aucune notion de l\u2019importance d\u2019une for\u00eat. Mais en aucun moment, un agent de la mairie ne s\u2019est d\u00e9plac\u00e9 pour venir constater l\u2019\u00e9tat dans lequel se trouve le bosquet\u00a0\u00bb, s\u2019indigne-t-il.<\/p>\n<figure id=\"attachment_45047\" aria-describedby=\"caption-attachment-45047\" style=\"width: 300px\" class=\"wp-caption alignright\"><img decoding=\"async\" loading=\"lazy\" class=\"size-medium wp-image-45047\" src=\"https:\/\/linitiative.ca\/International\/wp-content\/uploads\/sites\/23\/2022\/02\/foret5-300x229-1.gif\" alt=\"\" width=\"300\" height=\"229\" srcset=\"https:\/\/linitiative.ca\/International\/wp-content\/uploads\/sites\/23\/2022\/02\/foret5-300x229-1.gif 300w, https:\/\/www.sidwaya.info\/wp-content\/uploads\/2022\/02\/foret5-150x114.gif 150w, https:\/\/www.sidwaya.info\/wp-content\/uploads\/2022\/02\/foret5-550x420.gif 550w, https:\/\/www.sidwaya.info\/wp-content\/uploads\/2022\/02\/foret5-80x60.gif 80w\" sizes=\"auto, (max-width: 300px) 100vw, 300px\"><figcaption id=\"caption-attachment-45047\" class=\"wp-caption-text\">De l\u2019avis du chef de poste forestier de Gons\u00e9, Toussaint Semd\u00e9, en plus de la gu\u00e9rite et des toilettes, une cl\u00f4ture peut contribuer \u00e0 une surveillance permanente du couvert v\u00e9g\u00e9tal.<\/figcaption><\/figure>\n<p>M\u00eame les visites inopin\u00e9es des agents des eaux et for\u00eats n\u2019ont pas r\u00e9ussi \u00e0 dissuader ces individus. Le Conseiller villageois de d\u00e9veloppement (CVD) de Borgo, S\u00e9ni Tiendrebeogo, pointe un doigt accusateur sur des vieilles femmes d\u00e9munies qui viennent creuser des trous pour ramasser soit du sable ou des gravillons pour ensuite les revendre aux collecteurs d\u2019agr\u00e9gats.<\/p>\n<p>\u00ab Du fait du lien de la cohabitation et de la familiarit\u00e9, il est souvent difficile de durcir le ton pour qu\u2019elles arr\u00eatent. Nous avons m\u00eame organis\u00e9 des activit\u00e9s de plantation d\u2019arbres pour dissuader les gens afin qu\u2019ils prennent conscience du r\u00f4le que peut jouer une for\u00eat dans un village \u00bb, att\u00e9nue-t-il. Faute de cl\u00f4ture, le bosquet est devenu un d\u00e9potoir d\u2019ordures des m\u00e9nages situ\u00e9s \u00e0 proximit\u00e9. Il sert \u00e9galement de lieu de sacrifice o\u00f9 des personnes d\u00e9posent des offrandes sur des sentiers.<\/p>\n<p>Le site sert d\u00e9sormais de raccourci pour des pi\u00e9tons, des cyclistes et des motocyclistes qui pr\u00e9f\u00e8rent le traverser dans tous les sens en d\u00e9truisant quelques jeunes plants. \u00ab Cette zone est en train de devenir un nid de d\u00e9linquants qui viennent souvent consommer des stup\u00e9fiants \u00bb, d\u00e9voile Souleymane Derra. Deux familles habitent la for\u00eat o\u00f9 elles cultivent pendant l\u2019hivernage. Dans un aveu d\u2019impuissance, le chef d\u2019une des familles, Ali Guigma, la soixantaine bien sonn\u00e9e, dit observer les animaux divaguer dans la for\u00eat sans qu\u2019il ne puisse r\u00e9agir.<\/p>\n<figure id=\"attachment_45048\" aria-describedby=\"caption-attachment-45048\" style=\"width: 300px\" class=\"wp-caption alignleft\"><img decoding=\"async\" loading=\"lazy\" class=\"size-medium wp-image-45048\" src=\"https:\/\/linitiative.ca\/International\/wp-content\/uploads\/sites\/23\/2022\/02\/foret6-300x210-1.gif\" alt=\"\" width=\"300\" height=\"210\" srcset=\"https:\/\/linitiative.ca\/International\/wp-content\/uploads\/sites\/23\/2022\/02\/foret6-300x210-1.gif 300w, https:\/\/www.sidwaya.info\/wp-content\/uploads\/2022\/02\/foret6-768x538.gif 768w, https:\/\/www.sidwaya.info\/wp-content\/uploads\/2022\/02\/foret6-150x105.gif 150w, https:\/\/www.sidwaya.info\/wp-content\/uploads\/2022\/02\/foret6-696x487.gif 696w, https:\/\/www.sidwaya.info\/wp-content\/uploads\/2022\/02\/foret6-600x420.gif 600w, https:\/\/www.sidwaya.info\/wp-content\/uploads\/2022\/02\/foret6-100x70.gif 100w\" sizes=\"auto, (max-width: 300px) 100vw, 300px\"><figcaption id=\"caption-attachment-45048\" class=\"wp-caption-text\">Le chef de programme de l\u2019UICN au Burkina Faso, Dr Jacques Somda\u00a0: \u00ab\u00a0Quand on coupe un seul arbre pour du bois, ce sont plusieurs services qu\u2019on perd pour l\u2019humanit\u00e9 y compris la personne qui a coup\u00e9 l\u2019arbre\u00a0\u00bb.<\/figcaption><\/figure>\n<p>\u00ab Cette situation est plus forte que moi. Seul, je ne peux les (animaux, Ndlr) chasser \u00bb, se r\u00e9signe-t-il. A ces menaces s\u2019ajoute l\u2019empi\u00e8tement des limites de la for\u00eat. En effet, \u00e0 certains endroits du site, notamment la partie faisant face au bitume, des personnes ont occup\u00e9 des portions de terre en d\u00e9montant la grille qui servait \u00e0 d\u00e9limiter la for\u00eat. C\u2019est ainsi que l\u2019on peut constater des lieux de d\u00e9tente (bars, maquis), de commerce, d\u2019entrep\u00f4ts d\u2019agr\u00e9gats ou de ferraille, soit \u00e0 l\u2019int\u00e9rieur ou \u00e0 la lisi\u00e8re de la for\u00eat.<\/p>\n<p>A en croire le chef de poste forestier de Gons\u00e9, Toussaint Semd\u00e9, les litiges fonciers ont r\u00e9duit la superficie de la for\u00eat \u00e0 37 hectares (Lire encadr\u00e9). De l\u2019avis du CVD, S\u00e9ni Tiendrebeogo, des individus se faisant passer pour des propri\u00e9taires terriens ont vendu ces espaces aux occupants du site. \u00ab Il faut obligatoirement une cl\u00f4ture pour emp\u00eacher les gens d\u2019avoir acc\u00e8s \u00e0 cette for\u00eat afin qu\u2019elle puisse respirer \u00bb, insiste-t-il.<\/p>\n<p>Selon la directrice r\u00e9gionale de la transition \u00e9cologique et de l\u2019environnement du Centre, Awa Fofana, des actions de r\u00e9cup\u00e9ration avaient \u00e9t\u00e9 entreprises \u00e0 travers la cl\u00f4ture du bosquet par le Conseil r\u00e9gional du Centre.<\/p>\n<h3>L\u2019ombre des soci\u00e9t\u00e9s immobili\u00e8res<\/h3>\n<p>Malheureusement, ce projet traine les pas. L\u2019une des principales raisons est que la for\u00eat r\u00e9gionale du Centre est dans le viseur des soci\u00e9t\u00e9s immobili\u00e8res. Un contentieux oppose des individus se r\u00e9clamant propri\u00e9taires du site au Conseil r\u00e9gional du Centre au point que le dossier est actuellement sur la table du Tribunal Ouaga II. \u00a0Cette for\u00eat appartient \u00e0 nos grands-parents. Ils avaient c\u00e9d\u00e9 une partie \u00e0 des personnes pour la culture.<\/p>\n<p>Ces derni\u00e8res aujourd\u2019hui r\u00e9clament la propri\u00e9t\u00e9 des lieux et elles veulent vendre la for\u00eat \u00e0 des promoteurs immobiliers. Nous nous sommes oppos\u00e9s et nous avons demand\u00e9 au Conseil r\u00e9gional du Centre de s\u2019occuper de sa gestion.<\/p>\n<figure id=\"attachment_45044\" aria-describedby=\"caption-attachment-45044\" style=\"width: 300px\" class=\"wp-caption alignright\"><img decoding=\"async\" loading=\"lazy\" class=\"size-medium wp-image-45044\" src=\"https:\/\/linitiative.ca\/International\/wp-content\/uploads\/sites\/23\/2022\/02\/foret2-300x184-1.gif\" alt=\"\" width=\"300\" height=\"184\" srcset=\"https:\/\/linitiative.ca\/International\/wp-content\/uploads\/sites\/23\/2022\/02\/foret2-300x184-1.gif 300w, https:\/\/www.sidwaya.info\/wp-content\/uploads\/2022\/02\/foret2-768x471.gif 768w, https:\/\/www.sidwaya.info\/wp-content\/uploads\/2022\/02\/foret2-150x92.gif 150w, https:\/\/www.sidwaya.info\/wp-content\/uploads\/2022\/02\/foret2-696x427.gif 696w, https:\/\/www.sidwaya.info\/wp-content\/uploads\/2022\/02\/foret2-684x420.gif 684w, https:\/\/www.sidwaya.info\/wp-content\/uploads\/2022\/02\/foret2-356x220.gif 356w\" sizes=\"auto, (max-width: 300px) 100vw, 300px\"><figcaption id=\"caption-attachment-45044\" class=\"wp-caption-text\">Des personnes ont \u00e9rig\u00e9 ill\u00e9galement des hangars et boutiques sur une partie du site.<\/figcaption><\/figure>\n<p>Des promoteurs immobiliers ont r\u00e9ussi \u00e0 corrompre certaines personnes parmi nous \u00bb, d\u00e9taille S\u00e9ni Tiendrebeogo. Pour lui, ce serait un drame \u00e9cologique si ce couvert v\u00e9g\u00e9tal venait \u00e0 dispara\u00eetre du fait de la cupidit\u00e9 de certains individus sans scrupules qui veulent se mettre plein les poches, sans se soucier des diff\u00e9rents avantages que profitent les populations.<\/p>\n<p>Dans ce sens, le chef de programme de l\u2019Union internationale pour la conservation de la nature (UICN) au Burkina Faso, Dr Jacques Somda, indique qu\u2019une for\u00eat a plusieurs b\u00e9n\u00e9fices pour la communaut\u00e9. Malheureusement explique-t-il, les b\u00e9n\u00e9fices tangibles (le bois \u00e9nergie, les feuilles, les fleurs, les \u00e9corces et les racines) qui entrent dans les besoins alimentaires, de sant\u00e9 de l\u2019homme ou de l\u2019animal, sont \u00e0 l\u2019origine de la d\u00e9gradation des for\u00eats.<\/p>\n<p>\u00ab L\u2019arbre a la capacit\u00e9 d\u2019absorber le gaz carbonique. Dans une ville comme Ouagadougou, des voitures et des motos \u00e9mettent \u00e9norm\u00e9ment du gaz carbonique, si vous avez des arbres, l\u2019atmosph\u00e8re est nettoy\u00e9e d\u00e8s qu\u2019il y a une \u00e9mission de gaz carbonique. Ce qui va nous permettre de respirer de l\u2019air pur.<\/p>\n<figure id=\"attachment_45049\" aria-describedby=\"caption-attachment-45049\" style=\"width: 300px\" class=\"wp-caption alignleft\"><img decoding=\"async\" loading=\"lazy\" class=\"size-medium wp-image-45049\" src=\"https:\/\/linitiative.ca\/International\/wp-content\/uploads\/sites\/23\/2022\/02\/foreCC82t7-300x206-1.gif\" alt=\"\" width=\"300\" height=\"206\" srcset=\"https:\/\/linitiative.ca\/International\/wp-content\/uploads\/sites\/23\/2022\/02\/foreCC82t7-300x206-1.gif 300w, https:\/\/www.sidwaya.info\/wp-content\/uploads\/2022\/02\/fore\u0302t7-150x103.gif 150w, https:\/\/www.sidwaya.info\/wp-content\/uploads\/2022\/02\/fore\u0302t7-218x150.gif 218w, https:\/\/www.sidwaya.info\/wp-content\/uploads\/2022\/02\/fore\u0302t7-696x477.gif 696w, https:\/\/www.sidwaya.info\/wp-content\/uploads\/2022\/02\/fore\u0302t7-613x420.gif 613w, https:\/\/www.sidwaya.info\/wp-content\/uploads\/2022\/02\/fore\u0302t7-100x70.gif 100w\" sizes=\"auto, (max-width: 300px) 100vw, 300px\"><figcaption id=\"caption-attachment-45049\" class=\"wp-caption-text\">Des visites inopin\u00e9es sont souvent op\u00e9r\u00e9es par des agents des eaux<br \/>et for\u00eats.<\/figcaption><\/figure>\n<p>Lorsqu\u2019on coupe un arbre, on supprime ce service parce que les arbres ont la capacit\u00e9 d\u2019absorber ce que l\u2019homme ne veut pas et de rejeter ce que l\u2019homme veut qui est l\u2019oxyg\u00e8ne par le principe de la photosynth\u00e8se \u00bb, d\u00e9montre-t-il. L\u2019abattage d\u2019un arbre, poursuit Dr Jacques Somda, supprime non seulement l\u2019habitat pour les animaux (oiseaux, insectes, reptiles) qui contribuent \u00e0 la pollinisation des esp\u00e8ces, mais emp\u00eache aussi la fertilisation des sols par les feuilles mortes qui tombent.<\/p>\n<p>Le chef de programme de l\u2019UICN souligne que la for\u00eat est un lieu de r\u00e9f\u00e9rentiel culturel\u00a0 pour la communaut\u00e9 parce qu\u2019il y a des esp\u00e8ces qui repr\u00e9sentent une valeur religieuse pour certaines personnes. La directrice r\u00e9gionale de la transition \u00e9cologique et de l\u2019environnement du Centre, Awa Fofana, embouche la m\u00eame trompette en plaidant que l\u2019arbre est la seule esp\u00e8ce noble, g\u00e9n\u00e9reuse que l\u2019humanit\u00e9 a re\u00e7ue du cr\u00e9ateur. \u00ab G\u00e9n\u00e9reux parce qu\u2019il ne produit pas ses fruits pour lui-m\u00eame.<\/p>\n<p>Tout ce qu\u2019il produit est pour les populations humaines et animales. Je voudrais \u00e0 cet effet lancer un appel \u00e0 l\u2019ensemble de la population burkinab\u00e8 et en particulier la population de la r\u00e9gion du Centre d\u2019avoir un droit de regard sur l\u2019arbre qui maintient la biodiversit\u00e9 sur place et c\u2019est la principale mati\u00e8re de vie sur terre. Si nous la d\u00e9truisons, nous nous auto-d\u00e9truisons \u00bb, d\u00e9fend-elle.<\/p>\n<p style=\"text-align: right\"><strong>Pat\u00e9n\u00e9ma Oumar OUEDRAOGO<\/strong><\/p>\n<p style=\"text-align: right\">pathnema@gmail.com<\/p>\n<hr>\n<p><strong>En attendant la d\u00e9cision du Tribunal Ouaga II<\/strong><\/p>\n<p>Suite \u00e0 l\u2019accord du d\u00e9funt chef de Borgo, il \u00e9tait pr\u00e9vu dans le cadre de la sauvegarde de la for\u00eat, un certain nombre d\u2019investissements par le Conseil r\u00e9gional du Centre notamment, la construction d\u2019une cl\u00f4ture. Le budget vot\u00e9 par le Conseil r\u00e9gional pour l\u2019ex\u00e9cution des travaux \u00e9tait \u00e9valu\u00e9 \u00e0 pr\u00e8s de 85 millions F CFA. Selon le pr\u00e9sident de la commission environnement et d\u00e9veloppement local du Conseil r\u00e9gional du Centre, Goama Alexis Tapsoba, il y a eu une concertation avec la population le 11 mars 2021, o\u00f9 la majorit\u00e9 \u00e9tait pour l\u2019am\u00e9nagement du bosquet, avant le d\u00e9but des travaux. Ceux qui s\u2019\u00e9taient oppos\u00e9s (des entrepreneurs et des propri\u00e9taires de soci\u00e9t\u00e9 immobili\u00e8re et bien d\u2019autres personnes natives de la localit\u00e9) avaient demand\u00e9 qu\u2019on leur c\u00e8de 20 hectares sur 37 hectares. Mais, la majorit\u00e9 a refus\u00e9. Le gouverneur de la r\u00e9gion du Centre mis au courant de l\u2019affaire a m\u00eame mis en garde les frondeurs. Refusant de l\u00e2cher le morceau, les frondeurs ont port\u00e9 l\u2019affaire au tribunal administratif. \u00abNous avons obtenu gain de cause qui nous permettait de d\u00e9buter les travaux. Mais, ils (les frondeurs, Ndlr) ont fait un appel de la d\u00e9cision du tribunal. L\u2019affaire se trouve pr\u00e9sentement au niveau du Tribunal Ouaga II\u00a0\u00bb, explique Goama Alexis Tapsoba. De son avis, tous les regards sont tourn\u00e9s vers le Tribunal Ouaga II\u00a0 pour d\u00e9cider de la poursuite ou de l\u2019arr\u00eat des travaux entam\u00e9s avec la construction de la gu\u00e9rite et des toilettes dans la for\u00eat. Joint au t\u00e9l\u00e9phone, Wendyam Alfonse Dakour\u00e9, responsable de la soci\u00e9t\u00e9 immobili\u00e8re Dakour\u00e9, oppos\u00e9 au Conseil r\u00e9gional donne sa version. Selon M. Dakour\u00e9, des propri\u00e9taires terriens lui auraient c\u00e9d\u00e9 20 hectares de superficie. Par la suite, il re\u00e7oit une lettre du Conseil r\u00e9gional lui intimant de ne rien entreprendre sous le pr\u00e9texte que le terrain lui revenait. \u00ab\u00a0J\u2019ai demand\u00e9 qu\u2019on me fournisse des documents qui prouvent qu\u2019il s\u2019agit d\u2019une for\u00eat class\u00e9e afin que je puisse me tourner vers les propri\u00e9taires terriens. Le Conseil r\u00e9gional n\u2019a pas pu me fournir les arr\u00eat\u00e9s.\u00a0Mon avocat a convoqu\u00e9 la collectivit\u00e9 pour trouver une solution \u00e0 l\u2019amiable, raison pour laquelle le dossier a \u00e9t\u00e9 envoy\u00e9 en justice\u00bb, indique-t-il. Wendyam Alfonse Dakour\u00e9 a fait savoir que c\u2019est le juge de la mise en l\u2019\u00e9tat qui a ordonn\u00e9 l\u2019arr\u00eat des travaux. P.0.0.<\/p>\n<p>L\u2019article <a rel=\"nofollow\" href=\"https:\/\/www.sidwaya.info\/blog\/2022\/02\/01\/actu-vert-la-foret-regionale-du-centre-risque-de-disparaitre\/\">Actu vert : La for\u00eat r\u00e9gionale du Centre risque  de disparaitre<\/a> est apparu en premier sur <a rel=\"nofollow\" href=\"https:\/\/www.sidwaya.info\/\">Quotidien Sidwaya<\/a>.<\/p>\n<\/div>\n<p>Auteur: JK. Sidwaya<br \/>\n<a href=\"https:\/\/www.sidwaya.info\/blog\/2022\/02\/01\/actu-vert-la-foret-regionale-du-centre-risque-de-disparaitre\/?utm_source=rss&#038;utm_medium=rss&#038;utm_campaign=actu-vert-la-foret-regionale-du-centre-risque-de-disparaitre\">Cliquez ici pour lire l&rsquo;article depuis sa source.<\/a><\/p>\n","protected":false},"excerpt":{"rendered":"<p>Sur la Route nationale 4 (RN4) dans la commune rurale de Saaba, pr\u00e9cis\u00e9ment dans le village de Borgo, se dresse une for\u00eat le long de l\u2019axe Ouagadougou-Fada N\u2019Gourma. Il s\u2019agit de la for\u00eat r\u00e9gionale du Centre. D\u2019une superficie de 37 hectares, ce massif forestier est en train de subir un \u00e9cocide d\u00fb \u00e0 l\u2019action humaine. [&hellip;]<\/p>\n","protected":false},"author":1816,"featured_media":0,"comment_status":"closed","ping_status":"closed","sticky":false,"template":"","format":"standard","meta":{"fifu_image_url":"https:\/\/www.sidwaya.info\/wp-content\/uploads\/2022\/02\/foret3-271x300.gif","fifu_image_alt":"Actu vert : La for\u00eat r\u00e9gionale du Centre risque  de disparaitre","footnotes":""},"categories":[73,81],"tags":[],"class_list":["post-140000","post","type-post","status-publish","format-standard","hentry","category-actualite","category-burkina-faso"],"_links":{"self":[{"href":"https:\/\/linitiative.ca\/International\/wp-json\/wp\/v2\/posts\/140000","targetHints":{"allow":["GET"]}}],"collection":[{"href":"https:\/\/linitiative.ca\/International\/wp-json\/wp\/v2\/posts"}],"about":[{"href":"https:\/\/linitiative.ca\/International\/wp-json\/wp\/v2\/types\/post"}],"author":[{"embeddable":true,"href":"https:\/\/linitiative.ca\/International\/wp-json\/wp\/v2\/users\/1816"}],"replies":[{"embeddable":true,"href":"https:\/\/linitiative.ca\/International\/wp-json\/wp\/v2\/comments?post=140000"}],"version-history":[{"count":0,"href":"https:\/\/linitiative.ca\/International\/wp-json\/wp\/v2\/posts\/140000\/revisions"}],"wp:attachment":[{"href":"https:\/\/linitiative.ca\/International\/wp-json\/wp\/v2\/media?parent=140000"}],"wp:term":[{"taxonomy":"category","embeddable":true,"href":"https:\/\/linitiative.ca\/International\/wp-json\/wp\/v2\/categories?post=140000"},{"taxonomy":"post_tag","embeddable":true,"href":"https:\/\/linitiative.ca\/International\/wp-json\/wp\/v2\/tags?post=140000"}],"curies":[{"name":"wp","href":"https:\/\/api.w.org\/{rel}","templated":true}]}}