{"id":140006,"date":"2022-02-01T17:09:33","date_gmt":"2022-02-01T22:09:33","guid":{"rendered":"https:\/\/linitiative.ca\/International\/journee-dhommage-au-ouidi-naba-karfo-honneur-reconnaissancea-un-grand-cavalier\/"},"modified":"2022-02-01T17:09:33","modified_gmt":"2022-02-01T22:09:33","slug":"journee-dhommage-au-ouidi-naba-karfo-honneur-reconnaissancea-un-grand-cavalier","status":"publish","type":"post","link":"https:\/\/linitiative.ca\/International\/journee-dhommage-au-ouidi-naba-karfo-honneur-reconnaissancea-un-grand-cavalier\/","title":{"rendered":"Journ\u00e9e d\u2019hommage au Ouidi Naba Karfo : Honneur, reconnaissance\u2026\u00e0 un \u00ab grand cavalier \u00bb"},"content":{"rendered":"<div>\n<p><strong>D\u00e9c\u00e9d\u00e9 le jeudi 27 janvier dernier, le Ouidi Naaba Karfo repose d\u00e9sormais en \u00ab paix \u00bb sur la terre libre du Burkina Faso. Le mardi 1er f\u00e9vrier 2022 \u00e0 son domicile \u00e0 Ouagadougou, proches, amis et parents lui ont rendu hommage \u00e0 travers des t\u00e9moignages.<\/strong><\/p>\n<p>Comme un baobab terrass\u00e9 par le temps, le Ouidi Naaba Karfo, doyen des ministres de la Cour du Mogho Naaba Boango, s\u2019en est all\u00e9. Si ce bref passage a \u00e9t\u00e9 marqu\u00e9 par des titres et des distinctions sur le plan professionnel, il a aussi \u00e9t\u00e9 \u00e9crit \u00e0 travers des relations interhumaines, politiques\u2026<\/p>\n<p>Et c\u2019est la qualit\u00e9 intrins\u00e8que de l\u2019homme qui a \u00e9t\u00e9 salu\u00e9e ce mardi 1er f\u00e9vrier 2022 par ses proches, amis et parents \u00e0 travers des t\u00e9moignages. Pour le Cheik Doukour\u00e9, l\u2019amiti\u00e9 entre le regrett\u00e9 et sa famille ne date pas d\u2019hier. \u00ab C\u2019est son p\u00e8re qui a donn\u00e9 le terrain en 1958 (actuel Hamdalaye) \u00e0 notre grand-p\u00e8re apr\u00e8s sa lib\u00e9ration des prisons coloniales o\u00f9 il a pass\u00e9 dix-huit ans \u00bb, a-t-il confi\u00e9.<\/p>\n<p>A entendre Cheik Doukour\u00e9, le Ouidi Naaba Karfo est fid\u00e8le en amiti\u00e9. \u00ab Au cours de notre mandat de cinq ans au comit\u00e9 national d\u2019\u00e9thique, il m\u2019a toujours demand\u00e9 de m\u2019asseoir \u00e0 sa droite bien que je ne sois pas son vice-pr\u00e9sident \u00bb, a expliqu\u00e9 le guide religieux Doukour\u00e9. Traditionnaliste et tr\u00e8s cultiv\u00e9, le d\u00e9funt ne faisait pas de distinction entre ses concitoyens.<\/p>\n<p>Selon Dawelgue Naaba qui l\u2019a beaucoup c\u00f4toy\u00e9, il est l\u2019incarnation des valeurs fondatrices de nos soci\u00e9t\u00e9s qui sont, entre autres, le bien, le juste et le vrai. \u00ab Si vous perdez certaines de ces valeurs, votre soci\u00e9t\u00e9 court le grand risque de s\u2019effondrer \u00bb, a-t-il pr\u00e9cis\u00e9, ajoutant que l\u2019homme \u00e9tait \u00e0 cheval entre ces valeurs et la rigueur.<\/p>\n<p>De nombreuses personnes le percevaient comme quelqu\u2019un d\u2019inaccessible, acrimonieux, insupportable. Mais en r\u00e9alit\u00e9 \u00ab c\u2019\u00e9tait pour \u00e9prouver les relations qu\u2019il tissait avec les gens et leur degr\u00e9 d\u2019adh\u00e9sion entre les valeurs et votre comportement \u00bb, a soulign\u00e9 Dawelgue Naaba.<\/p>\n<h3>Des relations familiales<\/h3>\n<p>Pascal Sanou du comit\u00e9 national d\u2019\u00e9thique, lui, pleure la perte d\u2019un p\u00e8re. En effet, pr\u00e9sident de cette institution de 2001 \u00e0 2005, il a, selon M. Sanou, toujours mis son exp\u00e9rience et son esprit patriotique au service de la marche de la structure. \u00ab Nous avons d\u2019abord eu des relations de collaboration qui se sont par la suite transform\u00e9es en relations familiales. Il m\u2019appelait son fils.<\/p>\n<p>De prime \u00e0 bord, lorsque vous le croisez, vous avez peur de lui, mais si vous arrivez \u00e0 l\u2019approcher, il n\u2019y a pas plus convivial que lui et vous b\u00e9n\u00e9ficiez surtout de ses conseils avis\u00e9s, de sa connaissance \u00e9largie. Il aborde tous les sujets sans tabou avec une ma\u00eetrise de ce qu\u2019il dit \u00bb, a-t-il \u00e9tal\u00e9. Sa clairvoyance et sa sagesse ont permis au comit\u00e9 de tirer son \u00e9pingle du jeu, a ajout\u00e9 M. Sanou.<\/p>\n<p>Et en tant que patriote, il n\u2019h\u00e9sitait pas \u00e0 se sacrifier pour la bonne marche de l\u2019institution, lorsque la situation vascillait, s\u2019est rappel\u00e9 Pascal Sanou. Pour le pr\u00e9sident de l\u2019Ordre des chirurgiens-dentistes du Burkina Faso (OCD-BF), Wendpoulmd\u00e9 Aim\u00e9 D\u00e9sir\u00e9 Kabor\u00e9, l\u2019Ordre vient de subir une lourde perte. Car, c\u2019est un \u2018\u2019 baobab \u2019\u2019 qui est tomb\u00e9, une lampe qui s\u2019est \u00e9teinte, une voix qui s\u2019est tue.<\/p>\n<p>Mais a-t-il dit, ces racines continueront de nourrir le sol dentaire pour toujours. Et si, le Ouidi Naaba Karfo laisse un vide au sein de sa \u2019\u2019grande famille\u2019\u2019, D\u00e9sir\u00e9 Kabor\u00e9 a rassur\u00e9 que les conseils de l\u2019illustre continueront de les nourrir et de les guider dans leur m\u00e9tier. Fid\u00e8le \u00e0 son parti, le Congr\u00e8s pour la d\u00e9mocratie et le progr\u00e8s, l\u2019ex-pr\u00e9sident, Blaise Compaor\u00e9 a aussi salu\u00e9 la m\u00e9moire du militant engag\u00e9. C\u2019est l\u2019ex- maire, Marin Casimir Ilboudo qui a transmis le message.<\/p>\n<p>Selon lui, la fid\u00e9lit\u00e9 du doyen des ministres de la Cour du Mogho Naba Baongo \u00e0 l\u2019 \u2019\u2019 ex-parti \u2019\u2019 a \u00e9t\u00e9 sans faille, d\u2019o\u00f9 la lettre de condol\u00e9ances \u00e9crite des mains du pr\u00e9sident Compaor\u00e9 adress\u00e9e \u00e0 la famille.<\/p>\n<h3>Un homme plein d\u2019humour<\/h3>\n<p>Maire de la ville de Ouagadougou (avril 1995- janvier 2013), Simon Compaor\u00e9 n\u2019a pas oubli\u00e9 la contribution du Ouidi Naaba, au moment de la mise en place du service bucco-dentaire.<\/p>\n<p>Pour M. Compaor\u00e9, le regrett\u00e9 avait tous les qualificatifs sauf celui de la \u00ab diplomatie \u00bb. Car l\u2019homme, a-t-il dit, avait un franc-parler. \u00ab Je suis fier d\u2019avoir fait sa connaissance. Car au-del\u00e0 d\u2019\u00eatre un homme cultiv\u00e9, il n\u2019h\u00e9sitait \u00e0 partager sa culture, la tradition avec les autres. Et je souhaite que son successeur aille dans le m\u00eame sens que lui. C\u2019est l\u2019ensemble des Burkinab\u00e8 qui gagnera \u00bb, s\u2019est-il r\u00e9joui.<\/p>\n<p>Pour l\u2019archev\u00eaque \u00e9m\u00e9rite de Koup\u00e8la, Mgr S\u00e9raphin Fran\u00e7ois Rouamba, certains le connaissaient mal et ce, au regard des valeurs qu\u2019il incarnait et qu\u2019il voulait absolument inculquer \u00e0 tous. Il retient \u00e9galement de son grand fr\u00e8re un homme plein d\u2019humour. \u00ab La veille de son d\u00e9c\u00e8s, quand je l\u2019ai appel\u00e9, il m\u2019a dit, Saint Pierre te salue \u00bb, s\u2019est-il rem\u00e9mor\u00e9. Et m\u00eame s\u2019ils ne partageaient pas les m\u00eames valeurs religieuses, il reconnait que son grand fr\u00e8re respectait la la\u00efcit\u00e9 qui existe dans la famille.<\/p>\n<p>Le Ouidi Naaba Karfo est d\u00e9c\u00e9d\u00e9 \u00e0 l\u2019\u00e2ge de 86 ans et apr\u00e8s 55 ans de r\u00e8gne. Et en attendant son successeur, c\u2019est la princesse Sonia Rouamba qui assure l\u2019int\u00e9rim du tr\u00f4ne.<\/p>\n<p style=\"text-align: right\"><strong>Donald Wendpouir\u00e9 NIKIEMA <\/strong><\/p>\n<p style=\"text-align: right\">tousunis.do@gmail.com<\/p>\n<p>L\u2019article <a rel=\"nofollow\" href=\"https:\/\/www.sidwaya.info\/blog\/2022\/02\/01\/journee-dhommage-au-ouidi-naba-karfo-honneur-reconnaissancea-un-grand-cavalier\/\">Journ\u00e9e d\u2019hommage au Ouidi Naba Karfo : Honneur, reconnaissance\u2026\u00e0 un \u00ab grand cavalier \u00bb<\/a> est apparu en premier sur <a rel=\"nofollow\" href=\"https:\/\/www.sidwaya.info\/\">Quotidien Sidwaya<\/a>.<\/p>\n<\/div>\n<p>Auteur: JK. Sidwaya<br \/>\n<a href=\"https:\/\/www.sidwaya.info\/blog\/2022\/02\/01\/journee-dhommage-au-ouidi-naba-karfo-honneur-reconnaissancea-un-grand-cavalier\/?utm_source=rss&#038;utm_medium=rss&#038;utm_campaign=journee-dhommage-au-ouidi-naba-karfo-honneur-reconnaissancea-un-grand-cavalier\">Cliquez ici pour lire l&rsquo;article depuis sa source.<\/a><\/p>\n","protected":false},"excerpt":{"rendered":"<p>D\u00e9c\u00e9d\u00e9 le jeudi 27 janvier dernier, le Ouidi Naaba Karfo repose d\u00e9sormais en \u00ab paix \u00bb sur la terre libre du Burkina Faso. Le mardi 1er f\u00e9vrier 2022 \u00e0 son domicile \u00e0 Ouagadougou, proches, amis et parents lui ont rendu hommage \u00e0 travers des t\u00e9moignages. Comme un baobab terrass\u00e9 par le temps, le Ouidi Naaba [&hellip;]<\/p>\n","protected":false},"author":1816,"featured_media":0,"comment_status":"closed","ping_status":"closed","sticky":false,"template":"","format":"standard","meta":{"fifu_image_url":"","fifu_image_alt":"","footnotes":""},"categories":[73,81],"tags":[],"class_list":["post-140006","post","type-post","status-publish","format-standard","hentry","category-actualite","category-burkina-faso"],"_links":{"self":[{"href":"https:\/\/linitiative.ca\/International\/wp-json\/wp\/v2\/posts\/140006","targetHints":{"allow":["GET"]}}],"collection":[{"href":"https:\/\/linitiative.ca\/International\/wp-json\/wp\/v2\/posts"}],"about":[{"href":"https:\/\/linitiative.ca\/International\/wp-json\/wp\/v2\/types\/post"}],"author":[{"embeddable":true,"href":"https:\/\/linitiative.ca\/International\/wp-json\/wp\/v2\/users\/1816"}],"replies":[{"embeddable":true,"href":"https:\/\/linitiative.ca\/International\/wp-json\/wp\/v2\/comments?post=140006"}],"version-history":[{"count":0,"href":"https:\/\/linitiative.ca\/International\/wp-json\/wp\/v2\/posts\/140006\/revisions"}],"wp:attachment":[{"href":"https:\/\/linitiative.ca\/International\/wp-json\/wp\/v2\/media?parent=140006"}],"wp:term":[{"taxonomy":"category","embeddable":true,"href":"https:\/\/linitiative.ca\/International\/wp-json\/wp\/v2\/categories?post=140006"},{"taxonomy":"post_tag","embeddable":true,"href":"https:\/\/linitiative.ca\/International\/wp-json\/wp\/v2\/tags?post=140006"}],"curies":[{"name":"wp","href":"https:\/\/api.w.org\/{rel}","templated":true}]}}