{"id":140008,"date":"2022-02-01T17:43:39","date_gmt":"2022-02-01T22:43:39","guid":{"rendered":"https:\/\/linitiative.ca\/International\/%c2%bd-can-2021-burkina-faso-senegal-les-etalons-prets-pour-le-combat\/"},"modified":"2022-02-01T17:43:39","modified_gmt":"2022-02-01T22:43:39","slug":"%c2%bd-can-2021-burkina-faso-senegal-les-etalons-prets-pour-le-combat","status":"publish","type":"post","link":"https:\/\/linitiative.ca\/International\/%c2%bd-can-2021-burkina-faso-senegal-les-etalons-prets-pour-le-combat\/","title":{"rendered":"\u00bd CAN 2021\/Burkina Faso-S\u00e9n\u00e9gal : Les Etalons, pr\u00eats pour le combat"},"content":{"rendered":"<div>\n<p><strong>La premi\u00e8re demi-finale de la 33e Coupe d\u2019Afrique des Nations de football TotalEnergies, Cameroun 2021, mettra aux prises les Etalons du Burkina Faso aux Lions de la T\u00e9ranga du S\u00e9n\u00e9gal ce soir au stade Ahmadou-Ahidjo de Yaound\u00e9. Une rencontre que l\u2019\u00e9quipe nationale du Burkina va aborder sans son buteur Dango Ouattara, mais, avec son capitaine Bertrand Traor\u00e9.<\/strong><\/p>\n<p>Le Burkina Faso et le S\u00e9n\u00e9gal, invit\u00e9s dans le dernier carr\u00e9 de la 33e Coupe d\u2019Afrique des Nations de football TotalEnergies Cameroun 2021, seront au coude-\u00e0-coude ce soir au stade Ahmadou- Ahidjo de Yaound\u00e9 pour une place en finale. Un derby ouest-africain qui s\u2019annonce palpitant au vu de ce que les deux \u00e9quipes nationales ont montr\u00e9 dans cette comp\u00e9tition. Etalons et Lions de la T\u00e9ranga sont mont\u00e9s crescendo au fur et mesure de leurs sorties dans cette CAN.<\/p>\n<p>Apr\u00e8s des d\u00e9buts de comp\u00e9tition poussifs, ils semblent maintenant retrouver leurs marques. Dans les deux camps, on estime que le match sera difficile. \u00ab\u00a0L\u2019\u00e9quipe actuelle du Burkina est diff\u00e9rente de celle que nous avons rencontr\u00e9e en 2016 et 2017. Celle-l\u00e0 est jeune et l\u2019instabilit\u00e9 du pays fait en sorte qu\u2019elle est tr\u00e8s motiv\u00e9e\u00a0\u00bb, explique le coach des Lions, Aliou Ciss\u00e9.<\/p>\n<p>Quant au s\u00e9lectionneur des Etalons, Kamou Malo, il indique que \u00ab la difficult\u00e9 r\u00e9side dans le fait que le S\u00e9n\u00e9gal fait partie des meilleures nations de football en Afrique et regorge de grands joueurs \u00bb. Quoi que l\u2019on dise, \u00e0 ce stade de la comp\u00e9tition, un seul r\u00e9sultat sied : la victoire. Et le portier Herv\u00e9 Koffi pense qu\u2019elle sera de leur c\u00f4t\u00e9. \u00ab Nous nous attendons \u00e0 un gros match face au S\u00e9n\u00e9gal, mais nous savons ce que nous devons faire. Nous sommes conscients et confiants \u00bb, laisse-t-il entendre.<\/p>\n<p>Certes, les Lions ont de grands attaquants, reconnait le portier burkinab\u00e8, \u00ab mais nous aussi, avons de grands d\u00e9fenseurs \u00bb. Il a avou\u00e9 que la situation au pays leur met une \u00ab pression positive \u00bb.<\/p>\n<h3>La gestion des \u00e9motions<\/h3>\n<p>Pour Herv\u00e9 Kouakou Koffi, ses co\u00e9quipiers et lui n\u2019ont jamais voulu \u00eatre class\u00e9s parmi les favoris, \u00ab mais, d\u2019aller le plus loin possible dans la comp\u00e9tition. Nous donnerons tout pour gagner le S\u00e9n\u00e9gal \u00bb.<\/p>\n<p>Le capitaine des Lions, Kalidou Koulibaly, d\u00e9plore le fait que beaucoup de leurs adversaires ne mettent en avant que leurs individualit\u00e9s. Cependant, insiste -t-il, le S\u00e9n\u00e9gal ce n\u2019est pas onze joueurs mais un groupe de vingt-huit footballeurs interchangeables. Il reconnait toutefois que la rencontre sera difficile. \u00ab Nous les avons bien \u00e9tudi\u00e9s et nous comptons sortir vainqueur de cette affiche \u00bb, esp\u00e8re-t-il.<\/p>\n<p>Son entraineur abonde dans le m\u00eame sens. Pour ce match, Aliou Ciss\u00e9 veut se focaliser sur les atouts de son \u00e9quipe. \u00ab Notre force, nous la connaissons. Cela fait six ans que nous bourlinguons sur le continent africain. Il y a des joueurs qui en sont \u00e0 leur quatri\u00e8me CAN. Cela, c\u2019est de l\u2019exp\u00e9rience que nous devons faire valoir \u00bb, pr\u00e9vient-il. Les Lions sont plus exp\u00e9riment\u00e9s, mais cela n\u2019inqui\u00e8te aucunement Kamou Malo.<\/p>\n<p>\u00ab Quand vous jouez une \u00e9quipe comme le S\u00e9n\u00e9gal, il faut rester vous-m\u00eames. Nous n\u2019allons pas changer notre identit\u00e9 parce que nous croisons le S\u00e9n\u00e9gal. Nous allons rester nous-m\u00eame \u00bb, d\u00e9clare-t-il. Il reconnait tout de m\u00eame que quelques erreurs sont souvent commises par sa d\u00e9fense.<\/p>\n<p>\u00ab Nous avons travaill\u00e9 \u00e0 minimiser les erreurs \u00bb, rassure-t-il. Pour le s\u00e9lectionneur national du Burkina, la jeunesse des Etalons peut \u00eatre \u00e0 la fois une arme suppl\u00e9mentaire et une insuffisance. \u00ab La preuve, dans la gestion des \u00e9motions, mon \u00e9quipe montre deux visages \u00bb constate Kamou Malo. Il se r\u00e9jouit des retours de son capitaine Bertrand Traor\u00e9 et du d\u00e9fenseur Yssoufou Dayo.<\/p>\n<p>Le seul absent pour ce match est bien Dango Ouattara suspendu pour avoir \u00e9t\u00e9 exclu lors du pr\u00e9c\u00e9dent match face \u00e0 la Tunisie. Le coup d\u2019envoi de ce Burkina-S\u00e9n\u00e9gal sera donn\u00e9 \u00e0 19h TU par l\u2019arbitre \u00e9thiopien Bamlak Tessema. Il sera assist\u00e9 du Soudanais Ibrahim Abdalla Mohamed et du Kenyan Gilbert Cheriyot.<\/p>\n<p style=\"text-align: right\"><strong>Yves OUEDRAOGO Depuis Yaound\u00e9<\/strong><\/p>\n<hr>\n<p><strong>Equipe probable<\/strong><\/p>\n<p>Herv\u00e9 Kouakou Koffi, Issa Kabor\u00e9, Steeve Yago, Yssoufou Dayo, Edmond Tapsoba, Adama Guira, Blati Tour\u00e9, Fabrice Sangar\u00e9, Cyrille Bayala, Bertrand Traor\u00e9, Cheick Djibril Ouattara<\/p>\n<p>L\u2019article <a rel=\"nofollow\" href=\"https:\/\/www.sidwaya.info\/blog\/2022\/02\/01\/%C2%BD-can-2021-burkina-faso-senegal-les-etalons-prets-pour-le-combat\/\">\u00bd CAN 2021\/Burkina Faso-S\u00e9n\u00e9gal : Les Etalons, pr\u00eats pour le combat<\/a> est apparu en premier sur <a rel=\"nofollow\" href=\"https:\/\/www.sidwaya.info\/\">Quotidien Sidwaya<\/a>.<\/p>\n<\/div>\n<p>Auteur: JK. Sidwaya<br \/>\n<a href=\"https:\/\/www.sidwaya.info\/blog\/2022\/02\/01\/%C2%BD-can-2021-burkina-faso-senegal-les-etalons-prets-pour-le-combat\/?utm_source=rss&#038;utm_medium=rss&#038;utm_campaign=%25c2%25bd-can-2021-burkina-faso-senegal-les-etalons-prets-pour-le-combat\">Cliquez ici pour lire l&rsquo;article depuis sa source.<\/a><\/p>\n","protected":false},"excerpt":{"rendered":"<p>La premi\u00e8re demi-finale de la 33e Coupe d\u2019Afrique des Nations de football TotalEnergies, Cameroun 2021, mettra aux prises les Etalons du Burkina Faso aux Lions de la T\u00e9ranga du S\u00e9n\u00e9gal ce soir au stade Ahmadou-Ahidjo de Yaound\u00e9. Une rencontre que l\u2019\u00e9quipe nationale du Burkina va aborder sans son buteur Dango Ouattara, mais, avec son capitaine [&hellip;]<\/p>\n","protected":false},"author":1816,"featured_media":0,"comment_status":"closed","ping_status":"closed","sticky":false,"template":"","format":"standard","meta":{"fifu_image_url":"","fifu_image_alt":"","footnotes":""},"categories":[73,81],"tags":[],"class_list":["post-140008","post","type-post","status-publish","format-standard","hentry","category-actualite","category-burkina-faso"],"_links":{"self":[{"href":"https:\/\/linitiative.ca\/International\/wp-json\/wp\/v2\/posts\/140008","targetHints":{"allow":["GET"]}}],"collection":[{"href":"https:\/\/linitiative.ca\/International\/wp-json\/wp\/v2\/posts"}],"about":[{"href":"https:\/\/linitiative.ca\/International\/wp-json\/wp\/v2\/types\/post"}],"author":[{"embeddable":true,"href":"https:\/\/linitiative.ca\/International\/wp-json\/wp\/v2\/users\/1816"}],"replies":[{"embeddable":true,"href":"https:\/\/linitiative.ca\/International\/wp-json\/wp\/v2\/comments?post=140008"}],"version-history":[{"count":0,"href":"https:\/\/linitiative.ca\/International\/wp-json\/wp\/v2\/posts\/140008\/revisions"}],"wp:attachment":[{"href":"https:\/\/linitiative.ca\/International\/wp-json\/wp\/v2\/media?parent=140008"}],"wp:term":[{"taxonomy":"category","embeddable":true,"href":"https:\/\/linitiative.ca\/International\/wp-json\/wp\/v2\/categories?post=140008"},{"taxonomy":"post_tag","embeddable":true,"href":"https:\/\/linitiative.ca\/International\/wp-json\/wp\/v2\/tags?post=140008"}],"curies":[{"name":"wp","href":"https:\/\/api.w.org\/{rel}","templated":true}]}}