{"id":140009,"date":"2022-02-01T12:23:58","date_gmt":"2022-02-01T17:23:58","guid":{"rendered":"https:\/\/linitiative.ca\/International\/cameroun-me-akere-muna-rend-hommage-a-lactiviste-maybell-boma\/"},"modified":"2022-02-01T12:23:58","modified_gmt":"2022-02-01T17:23:58","slug":"cameroun-me-akere-muna-rend-hommage-a-lactiviste-maybell-boma","status":"publish","type":"post","link":"https:\/\/linitiative.ca\/International\/cameroun-me-akere-muna-rend-hommage-a-lactiviste-maybell-boma\/","title":{"rendered":"Cameroun : Me Akere Muna rend hommage \u00e0 l\u2019activiste Maybell Boma"},"content":{"rendered":"<div>\n<p><img decoding=\"async\" width=\"1024\" height=\"841\" src=\"https:\/\/linitiative.ca\/International\/wp-content\/uploads\/sites\/23\/2022\/02\/Maybell_Boma_et_Akere_Muna.jpeg\" class=\"attachment-post-thumbnail size-post-thumbnail wp-post-image\" alt=\"journalducameroun.com\" loading=\"lazy\" srcset=\"https:\/\/linitiative.ca\/International\/wp-content\/uploads\/sites\/23\/2022\/02\/Maybell_Boma_et_Akere_Muna.jpeg 1024w, https:\/\/www.journalducameroun.com\/wp-content\/uploads\/2022\/02\/Maybell_Boma_et_Akere_Muna-300x246.jpeg 300w, https:\/\/www.journalducameroun.com\/wp-content\/uploads\/2022\/02\/Maybell_Boma_et_Akere_Muna-768x631.jpeg 768w, https:\/\/www.journalducameroun.com\/wp-content\/uploads\/2022\/02\/Maybell_Boma_et_Akere_Muna-536x440.jpeg 536w, https:\/\/www.journalducameroun.com\/wp-content\/uploads\/2022\/02\/Maybell_Boma_et_Akere_Muna-600x493.jpeg 600w\" sizes=\"auto, (max-width: 1024px) 100vw, 1024px\"><\/p>\n<p><span style=\"font-size: 10pt;\"><strong>La promotrice du Toghu Army movement en visite au Cameroun pour c\u00e9l\u00e9brer son mouvement et apporter son soutien aux Lions indomptables a \u00e9t\u00e9 c\u00e9l\u00e9br\u00e9e \u00a0par l\u2019ancien b\u00e2tonnier au Barreau camerounais.<\/strong><\/span><\/p>\n<p>\u00a0<\/p>\n<p>C\u2019est l\u2019une des <strong>ambassadrices de la culture camerounaise<\/strong>. <strong>Maybell Boma<\/strong>, camerounaise d\u2019origine r\u00e9sidant au Etats-Unis est le visage qui se cache derri\u00e8re l\u2019association <strong>Toghu Army movement<\/strong>. Lanc\u00e9e le 25 septembre 2021, l\u2019association a pour objectif de promouvoir cette tenue traditionnelle des peuples de la r\u00e9gion du <strong>Nord-Ouest du Cameroun.\u00a0<\/strong><\/p>\n<p>Pour Maybell, ce v\u00eatement n\u2019est pas seulement une fiert\u00e9 pour le <strong>Nord-Ouest<\/strong>\u00a0 mais pour le Cameroun. Sa beaut\u00e9, sa broderie et sa texture apporte une valeur ajout\u00e9e \u00e0 l\u2019image du <strong>Cameroun<\/strong> en occident. Elle r\u00e9ussit \u00e0 faire distribuer et porter le <strong>Toghu<\/strong> dans plusieurs r\u00e9gions du monde.<\/p>\n<p>Une action qui n\u2019a pas laiss\u00e9 <strong>Me Akere Muna <\/strong>indiff\u00e9rent. Ce dernier a profit\u00e9 de la pr\u00e9sence de <strong>Maybell Boma<\/strong> au Cameroun pour offrir un cocktail \u00e0 son intention.\u00a0 <em>\u00ab C\u2019est une fille que je connais bien.\u00a0 Elle fait la promotion du Cameroun partout. Avec son mouvement Toghu, tout le monde en parle, tout le monde\u00a0 porte et je crois que c\u2019est une belle ouverture pour la culture camerounaise \u00e0 l\u2019international \u00bb<\/em>, a laiss\u00e9 entendre l\u2019ancien candidat \u00e0 la pr\u00e9sidentielle camerounaise.<\/p>\n<p>Elle a \u00e9galement b\u00e2ti sa r\u00e9putation par ses actions sociales. Bloggeuse et activiste, <strong>Maybell Boma<\/strong> fait partie de ses membres de la diaspora qui montent et comptent. Tant ils savent oser pour faire bouger les lignes.<\/p>\n<p>En tant que bloggeuse, elle dit vouloir faire preuve d\u2019originalit\u00e9. Raison pour laquelle, son contenu est loin d\u2019\u00eatre politique. Elle mise plut\u00f4t sur ces africains de la diaspora et ceux sur le continent donc les contributions dans la soci\u00e9t\u00e9 ne sont pas suffisamment relay\u00e9es mais qui excellent pourtant dans leurs domaines. Elle relaie leurs actions qui peuvent servir de mod\u00e8le \u00e0 la jeune g\u00e9n\u00e9ration.<\/p>\n<p>Install\u00e9e \u00e0 New-York aux Etats Unis, Maybell est \u00e0 la t\u00eate d\u2019une association, <strong>International Association of Aunties, IAA<\/strong>. L\u2019organisation \u0153uvre \u00e0 apporter du r\u00e9confort et du sourire aux femmes \u00e2g\u00e9es qui son c\u00e9libataire. Le but \u00e9tant de les aider \u00e0 ne plus d\u00e9primer. L\u2019association a pour devise : l\u2019\u00e2ge n\u2019est qu\u2019un chiffre.<\/p>\n<p>Le cahier d\u2019un retour au pays natal de la <strong>bloggeuse et activiste Maybell Boma<\/strong> va \u00e9galement s\u2019articuler autour des rencontres avec des jeunes pour partager et \u00e9changer son exp\u00e9rience.<\/p>\n<p>Cet article <a rel=\"nofollow\" href=\"https:\/\/www.journalducameroun.com\/cameroun-me-akere-muna-rend-hommage-a-lactiviste-maybell-boma\/\">Cameroun : Me Akere Muna rend hommage \u00e0 l\u2019activiste Maybell Boma<\/a> est apparu en premier sur <a rel=\"nofollow\" href=\"https:\/\/www.journalducameroun.com\/\">Journal du Cameroun<\/a>.<\/p>\n<\/div>\n<p>Auteur: Florine MOUANO<br \/>\n<a href=\"https:\/\/www.journalducameroun.com\/cameroun-me-akere-muna-rend-hommage-a-lactiviste-maybell-boma\/\">Cliquez ici pour lire l&rsquo;article depuis sa source.<\/a><\/p>\n","protected":false},"excerpt":{"rendered":"<p>La promotrice du Toghu Army movement en visite au Cameroun pour c\u00e9l\u00e9brer son mouvement et apporter son soutien aux Lions indomptables a \u00e9t\u00e9 c\u00e9l\u00e9br\u00e9e \u00a0par l\u2019ancien b\u00e2tonnier au Barreau camerounais. \u00a0 C\u2019est l\u2019une des ambassadrices de la culture camerounaise. Maybell Boma, camerounaise d\u2019origine r\u00e9sidant au Etats-Unis est le visage qui se cache derri\u00e8re l\u2019association Toghu [&hellip;]<\/p>\n","protected":false},"author":1965,"featured_media":0,"comment_status":"closed","ping_status":"closed","sticky":false,"template":"","format":"standard","meta":{"fifu_image_url":"https:\/\/www.journalducameroun.com\/wp-content\/uploads\/2022\/02\/Maybell_Boma_et_Akere_Muna.jpeg","fifu_image_alt":"Cameroun : Me Akere Muna rend hommage \u00e0 l\u2019activiste Maybell Boma","footnotes":""},"categories":[73,82],"tags":[],"class_list":["post-140009","post","type-post","status-publish","format-standard","hentry","category-actualite","category-cameroun"],"_links":{"self":[{"href":"https:\/\/linitiative.ca\/International\/wp-json\/wp\/v2\/posts\/140009","targetHints":{"allow":["GET"]}}],"collection":[{"href":"https:\/\/linitiative.ca\/International\/wp-json\/wp\/v2\/posts"}],"about":[{"href":"https:\/\/linitiative.ca\/International\/wp-json\/wp\/v2\/types\/post"}],"author":[{"embeddable":true,"href":"https:\/\/linitiative.ca\/International\/wp-json\/wp\/v2\/users\/1965"}],"replies":[{"embeddable":true,"href":"https:\/\/linitiative.ca\/International\/wp-json\/wp\/v2\/comments?post=140009"}],"version-history":[{"count":0,"href":"https:\/\/linitiative.ca\/International\/wp-json\/wp\/v2\/posts\/140009\/revisions"}],"wp:attachment":[{"href":"https:\/\/linitiative.ca\/International\/wp-json\/wp\/v2\/media?parent=140009"}],"wp:term":[{"taxonomy":"category","embeddable":true,"href":"https:\/\/linitiative.ca\/International\/wp-json\/wp\/v2\/categories?post=140009"},{"taxonomy":"post_tag","embeddable":true,"href":"https:\/\/linitiative.ca\/International\/wp-json\/wp\/v2\/tags?post=140009"}],"curies":[{"name":"wp","href":"https:\/\/api.w.org\/{rel}","templated":true}]}}