{"id":140013,"date":"2022-02-01T14:18:03","date_gmt":"2022-02-01T19:18:03","guid":{"rendered":"https:\/\/linitiative.ca\/International\/le-tentative-de-coup-detat-a-bissau-a-echoue\/"},"modified":"2022-02-01T14:18:03","modified_gmt":"2022-02-01T19:18:03","slug":"le-tentative-de-coup-detat-a-bissau-a-echoue","status":"publish","type":"post","link":"https:\/\/linitiative.ca\/International\/le-tentative-de-coup-detat-a-bissau-a-echoue\/","title":{"rendered":"Le tentative de coup d\u2019\u00e9tat \u00e0 Bissau a \u00e9chou\u00e9"},"content":{"rendered":"<div>\n<p><img decoding=\"async\" width=\"720\" height=\"540\" src=\"https:\/\/linitiative.ca\/International\/wp-content\/uploads\/sites\/23\/2022\/02\/16437430837541.jpg\" class=\"attachment-post-thumbnail size-post-thumbnail wp-post-image\" alt=\"\" loading=\"lazy\" srcset=\"https:\/\/linitiative.ca\/International\/wp-content\/uploads\/sites\/23\/2022\/02\/16437430837541.jpg 720w, https:\/\/www.journalducameroun.com\/wp-content\/uploads\/2022\/02\/16437430837541-300x225.jpg 300w, https:\/\/www.journalducameroun.com\/wp-content\/uploads\/2022\/02\/16437430837541-587x440.jpg 587w, https:\/\/www.journalducameroun.com\/wp-content\/uploads\/2022\/02\/16437430837541-600x450.jpg 600w\" sizes=\"auto, (max-width: 720px) 100vw, 720px\"><\/p>\n<p>Les militaires qui ont tent\u00e9 de prendre le pouvoir ce mardi \u00e0 Bissau ont \u00e9chou\u00e9.Umaru Sissaco Embal\u00f2 est toujours pr\u00e9sident de Guin\u00e9e-Bissau. La tentative de coup d&rsquo;\u00e9tat men\u00e9e par une partie de l&rsquo;arm\u00e9e dans l&rsquo;apr\u00e8s-midi de mardi 1er f\u00e9vrier contre le chef de l&rsquo;Etat \u00e9lu \u00e0 \u00e9chou\u00e9, selon une source proche du chef de l&rsquo;Etat bassau-guin\u00e9en sui a fait parvenir \u00e0 Apa news une photo montrant le pr\u00e9sident Embal\u00f2 install\u00e9 dans son bureau entour\u00e9 de collaborateurs.<\/p>\n<p>En d\u00e9but d&rsquo;apr\u00e8s-midi, alors que le pr\u00e9sident Embal\u00f2 pr\u00e9sidait un des ministres extraordinaire,, des tirs d&rsquo;armes automatiques s&rsquo;etaient fait entendre autour du palais du gouvernement. Dans la capitale bissau-guin\u00e9enne, des t\u00e9moins on rapporte que des mouvements importants de militaires \u00e9taient visibles autour de plusieurs sites sensibles dans la ville de Bissau.<\/p>\n<p>Ces bruits de bottes ont provoqu\u00e9 la confusion au sein des populations qui ont vid\u00e9 le centre-ville. Par mesure de pr\u00e9caution, les \u00e9coles ont \u00e9galement lib\u00e9r\u00e9 leurs \u00e9l\u00e8ves en attendant de voir l&rsquo;\u00e9volution de la situation.<\/p>\n<p>Dans un communiqu\u00e9, la Communaut\u00e9 \u00e9conomique des Etats de l&rsquo;Afrique de l&rsquo;Ouest dit suivre \u00ab avec une grande pr\u00e9occupation la situation en Guin\u00e9e-Bissau \u00bb.<\/p>\n<p>\u00ab La C\u00e9d\u00e9ao condamne cette tentative de coup d&rsquo;Etat et tient les militaires responsables de l&rsquo;int\u00e9grit\u00e9 physique du pr\u00e9sident Umaro Sissaco Embal\u00f3 et des membres de son gouvernement \u00bb, poursuit le texte.<\/p>\n<p>L&rsquo;organisation sous-r\u00e9gionale demande aux militaires de retourner dans leurs casernes et de maintenir une posture r\u00e9publicaine.<\/p>\n<p>La Guin\u00e9e-Bissau, ancienne colonie portugaise devenue ind\u00e9pendante en 1973, a connu plusieurs coups d&rsquo;Etat. Le dernier, qui date du 12 avril 2012, est survenu entre les deux tours d&rsquo;une \u00e9lection pr\u00e9sidentielle contest\u00e9e.<\/p>\n<p>Des militaires avaient alors occup\u00e9 la radio nationale, le si\u00e8ge du Parti africain pour l&rsquo;ind\u00e9pendance de la Guin\u00e9e et du Cap-Vert (Paigc), avant d&rsquo;attaquer \u00e0 la roquette la r\u00e9sidence du Premier ministre sortant, Carlos Gomes J\u00fanior. Le pr\u00e9sident de la R\u00e9publique par int\u00e9rim, Raimundo Pereira, avait \u00e9t\u00e9 arr\u00eat\u00e9 \u00e0 sa r\u00e9sidence ainsi que son chef de gouvernement.<\/p>\n<p>Cet article <a rel=\"nofollow\" href=\"https:\/\/www.journalducameroun.com\/le-tentative-de-coup-detat-a-bissau-a-echoue\/\">Le tentative de coup d\u2019\u00e9tat \u00e0 Bissau a \u00e9chou\u00e9<\/a> est apparu en premier sur <a rel=\"nofollow\" href=\"https:\/\/www.journalducameroun.com\/\">Journal du Cameroun<\/a>.<\/p>\n<\/div>\n<p>Auteur: APA News<br \/>\n<a href=\"https:\/\/www.journalducameroun.com\/le-tentative-de-coup-detat-a-bissau-a-echoue\/\">Cliquez ici pour lire l&rsquo;article depuis sa source.<\/a><\/p>\n","protected":false},"excerpt":{"rendered":"<p>Les militaires qui ont tent\u00e9 de prendre le pouvoir ce mardi \u00e0 Bissau ont \u00e9chou\u00e9.Umaru Sissaco Embal\u00f2 est toujours pr\u00e9sident de Guin\u00e9e-Bissau. La tentative de coup d&rsquo;\u00e9tat men\u00e9e par une partie de l&rsquo;arm\u00e9e dans l&rsquo;apr\u00e8s-midi de mardi 1er f\u00e9vrier contre le chef de l&rsquo;Etat \u00e9lu \u00e0 \u00e9chou\u00e9, selon une source proche du chef de l&rsquo;Etat [&hellip;]<\/p>\n","protected":false},"author":1965,"featured_media":0,"comment_status":"closed","ping_status":"closed","sticky":false,"template":"","format":"standard","meta":{"fifu_image_url":"https:\/\/www.journalducameroun.com\/wp-content\/uploads\/2022\/02\/16437430837541.jpg","fifu_image_alt":"Le tentative de coup d\u2019\u00e9tat \u00e0 Bissau a \u00e9chou\u00e9","footnotes":""},"categories":[73,82],"tags":[],"class_list":["post-140013","post","type-post","status-publish","format-standard","hentry","category-actualite","category-cameroun"],"_links":{"self":[{"href":"https:\/\/linitiative.ca\/International\/wp-json\/wp\/v2\/posts\/140013","targetHints":{"allow":["GET"]}}],"collection":[{"href":"https:\/\/linitiative.ca\/International\/wp-json\/wp\/v2\/posts"}],"about":[{"href":"https:\/\/linitiative.ca\/International\/wp-json\/wp\/v2\/types\/post"}],"author":[{"embeddable":true,"href":"https:\/\/linitiative.ca\/International\/wp-json\/wp\/v2\/users\/1965"}],"replies":[{"embeddable":true,"href":"https:\/\/linitiative.ca\/International\/wp-json\/wp\/v2\/comments?post=140013"}],"version-history":[{"count":0,"href":"https:\/\/linitiative.ca\/International\/wp-json\/wp\/v2\/posts\/140013\/revisions"}],"wp:attachment":[{"href":"https:\/\/linitiative.ca\/International\/wp-json\/wp\/v2\/media?parent=140013"}],"wp:term":[{"taxonomy":"category","embeddable":true,"href":"https:\/\/linitiative.ca\/International\/wp-json\/wp\/v2\/categories?post=140013"},{"taxonomy":"post_tag","embeddable":true,"href":"https:\/\/linitiative.ca\/International\/wp-json\/wp\/v2\/tags?post=140013"}],"curies":[{"name":"wp","href":"https:\/\/api.w.org\/{rel}","templated":true}]}}