{"id":140015,"date":"2022-02-01T16:18:03","date_gmt":"2022-02-01T21:18:03","guid":{"rendered":"https:\/\/linitiative.ca\/International\/les-premiers-signes-du-dialogue-politique-ivoirien-sont-rassurants-ministre\/"},"modified":"2022-02-01T16:18:03","modified_gmt":"2022-02-01T21:18:03","slug":"les-premiers-signes-du-dialogue-politique-ivoirien-sont-rassurants-ministre","status":"publish","type":"post","link":"https:\/\/linitiative.ca\/International\/les-premiers-signes-du-dialogue-politique-ivoirien-sont-rassurants-ministre\/","title":{"rendered":"Les premiers signes du dialogue politique ivoirien sont rassurants (Ministre)"},"content":{"rendered":"<div>\n<p>Les premiers signes du dialogue politique ivoirien sont \u00ab rassurants \u00bb, a d\u00e9clar\u00e9, mardi \u00e0 Abidjan, le ministre ivoirien de la R\u00e9conciliation et de la coh\u00e9sion nationale Bertin Konan Kouadio dit KKB, soulignant qu\u2019un \u00ab grand vent de paix souffle sur le pays \u00bb.<\/p>\n<p>Ce dialogue sens\u00e9 permettre aux acteurs de la classe politique et de la soci\u00e9t\u00e9 civile de d\u00e9battre des questions li\u00e9es \u00e0 la stabilit\u00e9, \u00e0 la paix et au d\u00e9veloppement du pays, a \u00e9t\u00e9 relanc\u00e9 le 16 d\u00e9cembre 2021. Il s\u2019agit de la cinqui\u00e8me phase qui est en cours.<\/p>\n<p>\u00ab C\u2019est le temps d\u2019aller \u00e0 la paix sans calcul \u00bb, a lanc\u00e9 KKB pour qui 2022 sera \u00ab l\u2019ann\u00e9e de la consolidation des acquis\u00bb de la r\u00e9conciliation dans le pays o\u00f9 une \u00ab accalmie\u00bb r\u00e8gne. A ce propos, il a annonc\u00e9 qu\u2019une strat\u00e9gie nationale de la r\u00e9conciliation d\u00e9clin\u00e9e en plan d\u2019actions sera pr\u00e9sent\u00e9e bient\u00f4t aux ivoiriens.<\/p>\n<p>\u00ab Les premiers signes que j\u2019observe sont rassurants \u00bb a d\u00e9clar\u00e9 le ministre KKB se pronon\u00e7ant sur le dialogue politique ivoirien face \u00e0 des journalistes \u00e0 la Maison de la presse d\u2019Abidjan. \u00a0Selon lui, les travaux de ce dialogue se d\u00e9roulent dans une bonne ambiance emprunte de \u00ab courtoisie \u00bb.<\/p>\n<p>\u00ab Il y a un temps pour se battre et il y a un temps pour faire la paix \u00bb, a poursuivi le ministre de la R\u00e9conciliation et de la coh\u00e9sion nationale, faisant observer qu\u2019il y a \u00ab un grand vent de paix qui souffle sur le pays \u00bb.<\/p>\n<p>Le dialogue politique entre le gouvernement ivoirien et les acteurs de la classe politique, a repris le 20 janvier 2022, apr\u00e8s une br\u00e8ve suspension de la rencontre, due aux f\u00eates de fin d\u2019ann\u00e9e.<\/p>\n<p>\u00a0<\/p>\n<p>Pour la mise en \u0153uvre de cette strat\u00e9gie, le r\u00f4le des m\u00e9dias et des journalistes sera d\u00e9terminant. \u00ab Le r\u00f4le des m\u00e9dias et des journalistes que vous \u00eates est incontournable. La r\u00e9conciliation a besoin de vous. La r\u00e9conciliation est l\u2019une des causes majeures que chacun doit porter au plus profond de lui-m\u00eame pour pr\u00e9server notre pays \u00bb, a soutenu le ministre KKB.<\/p>\n<p>En retour, le pr\u00e9sident de l\u2019Union nationale des journalistes de C\u00f4te d\u2019Ivoire (UNJCI), la fa\u00eeti\u00e8re des organisations professionnelles des m\u00e9dias, \u00a0Jean Claude Coulibaly a marqu\u00e9 la disponibilit\u00e9 des hommes des m\u00e9dias \u00e0 accompagner ce processus de r\u00e9conciliation dans le pays.<\/p>\n<p>\u00a0\u00ab La r\u00e9conciliation passera n\u00e9cessairement par une presse libre \u00bb, a-t-il dit, sollicitant le ministre KKB \u00e0 \u00eatre l\u2019avocat des m\u00e9dias aupr\u00e8s du premier ministre et du gouvernement pour une aide financi\u00e8re aux m\u00e9dias.<\/p>\n<p>Cet article <a rel=\"nofollow\" href=\"https:\/\/www.journalducameroun.com\/les-premiers-signes-du-dialogue-politique-ivoirien-sont-rassurants-ministre\/\">Les premiers signes du dialogue politique ivoirien sont rassurants (Ministre)<\/a> est apparu en premier sur <a rel=\"nofollow\" href=\"https:\/\/www.journalducameroun.com\/\">Journal du Cameroun<\/a>.<\/p>\n<\/div>\n<p>Auteur: APA News<br \/>\n<a href=\"https:\/\/www.journalducameroun.com\/les-premiers-signes-du-dialogue-politique-ivoirien-sont-rassurants-ministre\/\">Cliquez ici pour lire l&rsquo;article depuis sa source.<\/a><\/p>\n","protected":false},"excerpt":{"rendered":"<p>Les premiers signes du dialogue politique ivoirien sont \u00ab rassurants \u00bb, a d\u00e9clar\u00e9, mardi \u00e0 Abidjan, le ministre ivoirien de la R\u00e9conciliation et de la coh\u00e9sion nationale Bertin Konan Kouadio dit KKB, soulignant qu\u2019un \u00ab grand vent de paix souffle sur le pays \u00bb. Ce dialogue sens\u00e9 permettre aux acteurs de la classe politique et [&hellip;]<\/p>\n","protected":false},"author":1965,"featured_media":0,"comment_status":"closed","ping_status":"closed","sticky":false,"template":"","format":"standard","meta":{"fifu_image_url":"","fifu_image_alt":"","footnotes":""},"categories":[73,82],"tags":[],"class_list":["post-140015","post","type-post","status-publish","format-standard","hentry","category-actualite","category-cameroun"],"_links":{"self":[{"href":"https:\/\/linitiative.ca\/International\/wp-json\/wp\/v2\/posts\/140015","targetHints":{"allow":["GET"]}}],"collection":[{"href":"https:\/\/linitiative.ca\/International\/wp-json\/wp\/v2\/posts"}],"about":[{"href":"https:\/\/linitiative.ca\/International\/wp-json\/wp\/v2\/types\/post"}],"author":[{"embeddable":true,"href":"https:\/\/linitiative.ca\/International\/wp-json\/wp\/v2\/users\/1965"}],"replies":[{"embeddable":true,"href":"https:\/\/linitiative.ca\/International\/wp-json\/wp\/v2\/comments?post=140015"}],"version-history":[{"count":0,"href":"https:\/\/linitiative.ca\/International\/wp-json\/wp\/v2\/posts\/140015\/revisions"}],"wp:attachment":[{"href":"https:\/\/linitiative.ca\/International\/wp-json\/wp\/v2\/media?parent=140015"}],"wp:term":[{"taxonomy":"category","embeddable":true,"href":"https:\/\/linitiative.ca\/International\/wp-json\/wp\/v2\/categories?post=140015"},{"taxonomy":"post_tag","embeddable":true,"href":"https:\/\/linitiative.ca\/International\/wp-json\/wp\/v2\/tags?post=140015"}],"curies":[{"name":"wp","href":"https:\/\/api.w.org\/{rel}","templated":true}]}}