{"id":140016,"date":"2022-02-01T16:18:04","date_gmt":"2022-02-01T21:18:04","guid":{"rendered":"https:\/\/linitiative.ca\/International\/le-maroc-reitere-sa-determination-a-faire-face-aux-actes-de-destruction-de-lheritage-patrimonial-de-lhumanite\/"},"modified":"2022-02-01T16:18:04","modified_gmt":"2022-02-01T21:18:04","slug":"le-maroc-reitere-sa-determination-a-faire-face-aux-actes-de-destruction-de-lheritage-patrimonial-de-lhumanite","status":"publish","type":"post","link":"https:\/\/linitiative.ca\/International\/le-maroc-reitere-sa-determination-a-faire-face-aux-actes-de-destruction-de-lheritage-patrimonial-de-lhumanite\/","title":{"rendered":"Le Maroc r\u00e9it\u00e8re sa d\u00e9termination \u00e0 faire face aux actes de destruction de l\u2019h\u00e9ritage patrimonial de l\u2019humanit\u00e9"},"content":{"rendered":"<div>\n<p><img decoding=\"async\" width=\"1600\" height=\"1066\" src=\"https:\/\/linitiative.ca\/International\/wp-content\/uploads\/sites\/23\/2022\/02\/16437502849590.jpg\" class=\"attachment-post-thumbnail size-post-thumbnail wp-post-image\" alt=\"\" loading=\"lazy\" srcset=\"https:\/\/linitiative.ca\/International\/wp-content\/uploads\/sites\/23\/2022\/02\/16437502849590.jpg 1600w, https:\/\/www.journalducameroun.com\/wp-content\/uploads\/2022\/02\/16437502849590-300x200.jpg 300w, https:\/\/www.journalducameroun.com\/wp-content\/uploads\/2022\/02\/16437502849590-1024x682.jpg 1024w, https:\/\/www.journalducameroun.com\/wp-content\/uploads\/2022\/02\/16437502849590-768x512.jpg 768w, https:\/\/www.journalducameroun.com\/wp-content\/uploads\/2022\/02\/16437502849590-1536x1023.jpg 1536w, https:\/\/www.journalducameroun.com\/wp-content\/uploads\/2022\/02\/16437502849590-660x440.jpg 660w, https:\/\/www.journalducameroun.com\/wp-content\/uploads\/2022\/02\/16437502849590-600x400.jpg 600w\" sizes=\"auto, (max-width: 1600px) 100vw, 1600px\"><\/p>\n<p>Le Maroc entend poursuivre son implication \u00e0 tous les niveaux contre le terrorisme et ses effets, notamment dans le domaine culturel, o\u00f9 il met \u00e0 disposition des pays victimes d&rsquo;actes terroristes ou de catastrophes naturelles, son exp\u00e9rience dans la pr\u00e9vention, la protection et la restauration du patrimoine et des \u0153uvres mus\u00e9ales, a affirm\u00e9 le ministre marocain de la Jeunesse de la Culture et de la Communication, Mehdi Bensaid.S&rsquo;exprimant lors de la 2\u00e8me conf\u00e9rence des donateurs de la Fondation Aliph pour la protection du patrimoine dans les zones de conflit et les zones \u00e0 risque pour la protection du patrimoine dans les zones de conflit et les zones \u00e0 risque, tenue lundi par visioconf\u00e9rence \u00e0 Paris, le ministre marocain a r\u00e9it\u00e9r\u00e9 la d\u00e9termination du Royaume, \u00e0 faire face \u00ab\u00a0aux actes de destruction de l&rsquo;h\u00e9ritage patrimonial de l&rsquo;humanit\u00e9, perp\u00e9tr\u00e9s par des individus dans le seul objectif de briser les traces du g\u00e9nie humain \u00e0 travers les si\u00e8cles\u00a0\u00bb, indique un communiqu\u00e9 du minist\u00e8re, parvenu \u00e0 APA.\u00a0<\/p>\n<p>Dans son message, le responsable gouvernemental a rappel\u00e9 que le Maroc, qui a fait le choix du multilat\u00e9ralisme, poursuivra son investissement dans la lutte pour la pr\u00e9servation du patrimoine mondial dans toutes ses dimensions tant technique que politique et juridique.<\/p>\n<p>Le ministre a \u00e9galement fait part de l&rsquo;engagement du Maroc \u00e0 lutter contre l&rsquo;obscurantisme, le fanatisme et toute autre id\u00e9ologie \u00ab\u00a0qui se donne pour mission de porter atteinte aux sentiers qui \u00e9clairent notre Histoire commune, notre h\u00e9ritage et notre identit\u00e9\u00a0\u00bb, mettant en exergue l&rsquo;importance de la culture dans la projection de la civilisation, n\u00e9cessaire tant pour nourrir l&rsquo;esprit des Hommes que pour les lier \u00e0 leur histoire commune.<\/p>\n<p>La conf\u00e9rence de la Fondation Aliph s&rsquo;inscrit dans le cadre de l'\u00a0\u00bbAlliance internationale pour la protection du patrimoine dans les zones de conflit\u00a0\u00bb.<\/p>\n<p>Cet article <a rel=\"nofollow\" href=\"https:\/\/www.journalducameroun.com\/le-maroc-reitere-sa-determination-a-faire-face-aux-actes-de-destruction-de-lheritage-patrimonial-de-lhumanite\/\">Le Maroc r\u00e9it\u00e8re sa d\u00e9termination \u00e0 faire face aux actes de destruction de l\u2019h\u00e9ritage patrimonial de l\u2019humanit\u00e9<\/a> est apparu en premier sur <a rel=\"nofollow\" href=\"https:\/\/www.journalducameroun.com\/\">Journal du Cameroun<\/a>.<\/p>\n<\/div>\n<p>Auteur: APA News<br \/>\n<a href=\"https:\/\/www.journalducameroun.com\/le-maroc-reitere-sa-determination-a-faire-face-aux-actes-de-destruction-de-lheritage-patrimonial-de-lhumanite\/\">Cliquez ici pour lire l&rsquo;article depuis sa source.<\/a><\/p>\n","protected":false},"excerpt":{"rendered":"<p>Le Maroc entend poursuivre son implication \u00e0 tous les niveaux contre le terrorisme et ses effets, notamment dans le domaine culturel, o\u00f9 il met \u00e0 disposition des pays victimes d&rsquo;actes terroristes ou de catastrophes naturelles, son exp\u00e9rience dans la pr\u00e9vention, la protection et la restauration du patrimoine et des \u0153uvres mus\u00e9ales, a affirm\u00e9 le ministre [&hellip;]<\/p>\n","protected":false},"author":1965,"featured_media":0,"comment_status":"closed","ping_status":"closed","sticky":false,"template":"","format":"standard","meta":{"fifu_image_url":"https:\/\/www.journalducameroun.com\/wp-content\/uploads\/2022\/02\/16437502849590.jpg","fifu_image_alt":"Le Maroc r\u00e9it\u00e8re sa d\u00e9termination \u00e0 faire face aux actes de destruction de l\u2019h\u00e9ritage patrimonial de l\u2019humanit\u00e9","footnotes":""},"categories":[73,82],"tags":[],"class_list":["post-140016","post","type-post","status-publish","format-standard","hentry","category-actualite","category-cameroun"],"_links":{"self":[{"href":"https:\/\/linitiative.ca\/International\/wp-json\/wp\/v2\/posts\/140016","targetHints":{"allow":["GET"]}}],"collection":[{"href":"https:\/\/linitiative.ca\/International\/wp-json\/wp\/v2\/posts"}],"about":[{"href":"https:\/\/linitiative.ca\/International\/wp-json\/wp\/v2\/types\/post"}],"author":[{"embeddable":true,"href":"https:\/\/linitiative.ca\/International\/wp-json\/wp\/v2\/users\/1965"}],"replies":[{"embeddable":true,"href":"https:\/\/linitiative.ca\/International\/wp-json\/wp\/v2\/comments?post=140016"}],"version-history":[{"count":0,"href":"https:\/\/linitiative.ca\/International\/wp-json\/wp\/v2\/posts\/140016\/revisions"}],"wp:attachment":[{"href":"https:\/\/linitiative.ca\/International\/wp-json\/wp\/v2\/media?parent=140016"}],"wp:term":[{"taxonomy":"category","embeddable":true,"href":"https:\/\/linitiative.ca\/International\/wp-json\/wp\/v2\/categories?post=140016"},{"taxonomy":"post_tag","embeddable":true,"href":"https:\/\/linitiative.ca\/International\/wp-json\/wp\/v2\/tags?post=140016"}],"curies":[{"name":"wp","href":"https:\/\/api.w.org\/{rel}","templated":true}]}}