{"id":140019,"date":"2022-02-01T11:31:30","date_gmt":"2022-02-01T16:31:30","guid":{"rendered":"https:\/\/linitiative.ca\/International\/le-conseil-regional-du-littoral-adopte-ses-priorites-pour-la-periode-2022-2027\/"},"modified":"2022-02-01T11:31:30","modified_gmt":"2022-02-01T16:31:30","slug":"le-conseil-regional-du-littoral-adopte-ses-priorites-pour-la-periode-2022-2027","status":"publish","type":"post","link":"https:\/\/linitiative.ca\/International\/le-conseil-regional-du-littoral-adopte-ses-priorites-pour-la-periode-2022-2027\/","title":{"rendered":"Le conseil r\u00e9gional du Littoral adopte ses priorit\u00e9s pour la p\u00e9riode 2022-2027"},"content":{"rendered":"<div>\n<p>Conforment aux dispositions de la Loi du 24 d\u00e9cembre 2019 portant Code g\u00e9n\u00e9ral des Collectivit\u00e9s territoriales d\u00e9centralis\u00e9es, le Conseil r\u00e9gional se r\u00e9unit en session sp\u00e9ciale, en d\u00e9but d\u2019ann\u00e9e apr\u00e8s adoption du budget national. Le conseil que pr\u00e9side Polycarpe Banlog n\u2019a pas d\u00e9rog\u00e9 \u00e0 cette r\u00e8gle r\u00e9publicaine, d\u2019o\u00f9 la tenue de cette premi\u00e8re session sp\u00e9ciale. \u00c9lus le 6 d\u00e9cembre 2020, ces repr\u00e9sentants des d\u00e9partements de la R\u00e9gion du Littoral ont soumis lors des travaux en pl\u00e9ni\u00e8re, les dol\u00e9ances des populations, afin qu\u2019elles s\u2019inscrivent dans l\u2019avant-projet du plan de d\u00e9veloppement du Littoral pour la p\u00e9riode 2022\/2027. Les \u00e9changes ont port\u00e9 sur les pr\u00e9sentations des rapports et de l\u2019avant-projet du plan de d\u00e9veloppement de la R\u00e9gion.<\/p>\n<p><strong>Lire aussi<\/strong> : <strong><a href=\"https:\/\/ecomatin.net\/mairie-de-douala-le-prefet-du-wouri-critique-le-train-de-vie-princier-du-personnel\/\">Mairie de Douala : le Pr\u00e9fet du Wouri critique le train de vie princier du personnel<\/a><\/strong><\/p>\n<p>Le Gouverneur de la R\u00e9gion du Littoral, repr\u00e9sentant de l\u2019\u00c9tat a \u00e9voqu\u00e9 la port\u00e9e historique de cette premi\u00e8re session sp\u00e9ciale. Samuel Ivaha Diboua a insist\u00e9 sur l\u2019intercommunalit\u00e9 et la coop\u00e9ration d\u00e9centralis\u00e9e entre \u00e9lus communaux et conseillers r\u00e9gionaux, la prise en compte de la planification nationale, et la prospective internationale en droite ligne des dispositions de la Vision 2035, la SND 30 et les ODD. Il a \u00e9galement invit\u00e9 les conseiller \u00e0 mettre un point d\u2019honneur sur les projets suffisamment int\u00e9grateurs \u00e0 forte valeur ajout\u00e9 en s\u2019appuyant sur les forces, les sp\u00e9cificit\u00e9s et les potentialit\u00e9s de la R\u00e9gion.\u00a0<\/p>\n<p><strong>Acquisitions<\/strong><\/p>\n<p>Chaque arrondissement a \u00e9t\u00e9 repr\u00e9sent\u00e9, lors des assises par un conseiller qui a port\u00e9 avec lui les pr\u00e9occupations de ses populations. Hormis l\u2019ach\u00e8vement des travaux de r\u00e9habilitation de son nouveau si\u00e8ge, le Conseil r\u00e9gional du Littoral se fixe pour 2022 \u00e0 2027, l\u2019am\u00e9nagement de la voirie \u00e0 l\u2019arri\u00e8re-pays. Projet majeur dans son plan d\u2019actions, afin de d\u00e9senclaver les d\u00e9partements et am\u00e9liorer la voirie r\u00e9gionale. Des engins lourds ont \u00e9t\u00e9 acquis \u00e0 cet effet, apr\u00e8s appels d\u2019offres lanc\u00e9s le 23 ao\u00fbt 2021, par le Pr\u00e9sident du Conseil R\u00e9gional du Littoral, ma\u00eetre d\u2019ouvrage. L\u2019institution s\u2019est ainsi dot\u00e9e d\u2019une niveleuse de type 1 de tr\u00e8s grande capacit\u00e9 (192 millions de FCFA), 3 niveleuses de type 2 de grande capacit\u00e9 (376 millions de FCFA), une chargeuse de grande capacit\u00e9 (66 millions de FCFA), 1 camion benne (104 milliards de FCFA). \u00abAvec l\u2019acquisition de ce nouveau mat\u00e9riel, nous serons bient\u00f4t sur le terrain pour les travaux. Nous devons \u00e9galement construire 80 et 120 bureaux dans un futur proche\u00bb, a d\u00e9clar\u00e9 Polycarpe Banlog. Les priorit\u00e9s du Conseil R\u00e9gional du Littoral s\u2019\u00e9tendent aux infrastructures d\u2019\u00e9lectricit\u00e9, d\u2019eau, la sant\u00e9, l\u2019\u00e9ducation, la culture et sport, pour un budget de 3 milliards de FCFA, vot\u00e9 le 1er juin 2021.<\/p>\n<p><strong>Les recommandations<\/strong><\/p>\n<p>Au terme de la session sp\u00e9ciale du Conseil R\u00e9gional du littoral, il a \u00e9t\u00e9 recommand\u00e9 la publication des d\u00e9crets fixant les modalit\u00e9s de fonctionnement de certaines comp\u00e9tences transf\u00e9r\u00e9es par l\u2019Etat aux R\u00e9gions, notamment dans les secteurs \u00e0 fortes attentes sociales tels que ceux de l\u2019\u00e9ducation, la sant\u00e9 et les infrastructures, la clarification portant cahier de charge des modalit\u00e9s ayant d\u00e9j\u00e0 fait l\u2019objet de fixation \u00e0 l\u2019instar de la d\u00e9livrance par les R\u00e9gions des titres de transports, la finalisation de la r\u00e9forme de la d\u00e9concentration, avec notamment la pr\u00e9cision des modalit\u00e9s de \u00a0collaboration entre les collectivit\u00e9s territoriales d\u00e9centralis\u00e9es et les services d\u00e9concentres de l\u2019Etat, la pr\u00e9paration minutieuse des conf\u00e9rences d\u2019harmonisation des programmes de l\u2019Etat et ceux de la R\u00e9gion, la cr\u00e9ation d\u2019une synergie d\u2019actions agissantes avec les acteurs du d\u00e9veloppement local dans la R\u00e9gion du littoral, \u00a0l\u2019organisation des sessions \u00a0des renforcements de capacit\u00e9 \u00e0 l\u2019endroit des membres du Conseil r\u00e9gional sur des domaines pr\u00e9cis et identifi\u00e9s etc.<\/p>\n<p><strong>Lire aussi<\/strong> : <strong><a href=\"https:\/\/ecomatin.net\/a-douala-roger-mbassa-ndine-veut-relancer-le-projet-de-construction-dune-ligne-de-tramway\/\">A Douala, Roger Mbassa Ndine veut relancer le projet de construction d\u2019une ligne de Tramway<\/a><\/strong><\/p>\n<p>L\u2019article <a rel=\"nofollow\" href=\"https:\/\/ecomatin.net\/le-conseil-regional-du-littoral-adopte-ses-priorites-pour-la-periode-2022-2027\/\">Le conseil r\u00e9gional du Littoral adopte ses priorit\u00e9s pour la p\u00e9riode 2022-2027<\/a> est apparu en premier sur <a rel=\"nofollow\" href=\"https:\/\/ecomatin.net\/\">EcoMatin<\/a>.<\/p>\n<\/div>\n<p>Auteur: Georges Semey<br \/>\n<a href=\"https:\/\/ecomatin.net\/le-conseil-regional-du-littoral-adopte-ses-priorites-pour-la-periode-2022-2027\/\">Cliquez ici pour lire l&rsquo;article depuis sa source.<\/a><\/p>\n","protected":false},"excerpt":{"rendered":"<p>Conforment aux dispositions de la Loi du 24 d\u00e9cembre 2019 portant Code g\u00e9n\u00e9ral des Collectivit\u00e9s territoriales d\u00e9centralis\u00e9es, le Conseil r\u00e9gional se r\u00e9unit en session sp\u00e9ciale, en d\u00e9but d\u2019ann\u00e9e apr\u00e8s adoption du budget national. Le conseil que pr\u00e9side Polycarpe Banlog n\u2019a pas d\u00e9rog\u00e9 \u00e0 cette r\u00e8gle r\u00e9publicaine, d\u2019o\u00f9 la tenue de cette premi\u00e8re session sp\u00e9ciale. \u00c9lus [&hellip;]<\/p>\n","protected":false},"author":1969,"featured_media":0,"comment_status":"closed","ping_status":"closed","sticky":false,"template":"","format":"standard","meta":{"fifu_image_url":"","fifu_image_alt":"","footnotes":""},"categories":[82,78],"tags":[],"class_list":["post-140019","post","type-post","status-publish","format-standard","hentry","category-cameroun","category-economie"],"_links":{"self":[{"href":"https:\/\/linitiative.ca\/International\/wp-json\/wp\/v2\/posts\/140019","targetHints":{"allow":["GET"]}}],"collection":[{"href":"https:\/\/linitiative.ca\/International\/wp-json\/wp\/v2\/posts"}],"about":[{"href":"https:\/\/linitiative.ca\/International\/wp-json\/wp\/v2\/types\/post"}],"author":[{"embeddable":true,"href":"https:\/\/linitiative.ca\/International\/wp-json\/wp\/v2\/users\/1969"}],"replies":[{"embeddable":true,"href":"https:\/\/linitiative.ca\/International\/wp-json\/wp\/v2\/comments?post=140019"}],"version-history":[{"count":0,"href":"https:\/\/linitiative.ca\/International\/wp-json\/wp\/v2\/posts\/140019\/revisions"}],"wp:attachment":[{"href":"https:\/\/linitiative.ca\/International\/wp-json\/wp\/v2\/media?parent=140019"}],"wp:term":[{"taxonomy":"category","embeddable":true,"href":"https:\/\/linitiative.ca\/International\/wp-json\/wp\/v2\/categories?post=140019"},{"taxonomy":"post_tag","embeddable":true,"href":"https:\/\/linitiative.ca\/International\/wp-json\/wp\/v2\/tags?post=140019"}],"curies":[{"name":"wp","href":"https:\/\/api.w.org\/{rel}","templated":true}]}}