{"id":140022,"date":"2022-02-02T08:45:56","date_gmt":"2022-02-02T13:45:56","guid":{"rendered":"https:\/\/linitiative.ca\/International\/industrie-de-cablage-selma-alami-nommee-directrice-generale-de-nexans-maroc\/"},"modified":"2022-02-02T08:45:56","modified_gmt":"2022-02-02T13:45:56","slug":"industrie-de-cablage-selma-alami-nommee-directrice-generale-de-nexans-maroc","status":"publish","type":"post","link":"https:\/\/linitiative.ca\/International\/industrie-de-cablage-selma-alami-nommee-directrice-generale-de-nexans-maroc\/","title":{"rendered":"Industrie de c\u00e2blage : Selma Alami, nomm\u00e9e directrice g\u00e9n\u00e9rale de Nexans Maroc"},"content":{"rendered":"<div>\n<p><img loading=\"lazy\" decoding=\"async\" width=\"300\" height=\"153\" src=\"https:\/\/linitiative.ca\/International\/wp-content\/uploads\/sites\/23\/2022\/02\/Selma-Alami-DG-Nexans-300x153-1.jpg\" class=\"attachment-medium size-medium wp-post-image\" alt=\"\" srcset=\"https:\/\/linitiative.ca\/International\/wp-content\/uploads\/sites\/23\/2022\/02\/Selma-Alami-DG-Nexans-300x153-1.jpg 300w, https:\/\/aujourdhui.ma\/wp-content\/uploads\/2022\/02\/Selma-Alami-DG-Nexans--274x140.jpg 274w, https:\/\/aujourdhui.ma\/wp-content\/uploads\/2022\/02\/Selma-Alami-DG-Nexans-.jpg 746w, https:\/\/aujourdhui.ma\/wp-content\/uploads\/2022\/02\/Selma-Alami-DG-Nexans--165x84.jpg 165w, https:\/\/aujourdhui.ma\/wp-content\/uploads\/2022\/02\/Selma-Alami-DG-Nexans--702x358.jpg 702w\" sizes=\"auto, (max-width: 300px) 100vw, 300px\"><\/p>\n<p><span style=\"font-size: 20px; color: #800000;\"><strong>Selma Alami succ\u00e8de \u00e0 Karim Bennis \u00e0 la t\u00eate de Nexans Maroc. Apr\u00e8s 16 ans de pilotage, l\u2019homme prend sa retraite tout en gardant un poste de conseiller chez le leader dans l\u2019industrie du c\u00e2ble.<\/strong> <\/span><span id=\"more-398814\"><\/span><\/p>\n<p>Lors de cette nomination, les principales r\u00e9alisations pendant le mandat de M. Bennis ont \u00e9t\u00e9 rappel\u00e9es. Depuis 2017, Nexans Maroc pilote l\u2019ensemble des activit\u00e9s industrielles, financi\u00e8res et commerciales dans la r\u00e9gion contribuant ainsi \u00e0 la consolidation de son leadership. Cette p\u00e9riode a \u00e9t\u00e9 marqu\u00e9e par le d\u00e9veloppement de son activit\u00e9 \u00e0 travers une diversification de l\u2019offre. \u00abDe la production de postes pr\u00e9fabriqu\u00e9s et de transformateurs, en passant par le d\u00e9marrage de l\u2019activit\u00e9 des faisceaux et coffrets ferroviaires, jusqu\u2019au lancement de sa filiale ivoirienne dans la foul\u00e9e de sa prise de participation dans les c\u00e2bleries du S\u00e9n\u00e9gal, le Groupe va confirmer de la sorte sa ferme volont\u00e9 de faire du Maroc une rampe de lancement pour ses activit\u00e9s en Afrique subsaharienne\u00bb, a expliqu\u00e9, \u00e0 l\u2019occasion, le top management de Nexans. L\u2019op\u00e9rateur de l\u2019industrie du c\u00e2blage s\u2019\u00e9tait vu confier par Airbus la production des c\u00e2bles a\u00e9ronautiques \u00e0 partir de son usine de Mohammedia.<\/p>\n<p>\u00abCe partenariat officialisait l\u2019int\u00e9gration significative de l\u2019industrie a\u00e9ronautique marocaine dans le cercle tr\u00e8s ferm\u00e9 des producteurs de c\u00e2bles pour avions\u00bb, a aussi pr\u00e9cis\u00e9 la direction g\u00e9n\u00e9rale. Le groupe Nexans au Maroc avait renforc\u00e9 sa position, en 2021, en inaugurant \u00e0 Nouaceur son usine de production de composants pour les r\u00e9seaux \u00e0 fibre optique, Nexans Interface Maroc. La nomination de Selma Alami s\u2019inscrit, ainsi, dans une logique de continuit\u00e9. Et son pr\u00e9d\u00e9cesseur en profitera pour rappeler l\u2019importance de la promotion interne, port\u00e9e par la strat\u00e9gie globale qui retient la comp\u00e9tence, la performance et l\u2019\u00e9panouissement de ses collaborateurs comme vecteurs de croissance. De son c\u00f4t\u00e9, Mme Alami, au-del\u00e0 de l\u2019int\u00e9r\u00eat certain de d\u00e9velopper davantage le business en Afrique, insistera sur l\u2019urgence \u00e9cologique.<\/p>\n<p>Cet axe qui fait partie des priorit\u00e9s de Nexans Maroc se mat\u00e9rialisera par l\u2019acc\u00e9l\u00e9ration de la transformation des sites en industrie 4.0. L\u2019enjeu principal \u00e9tant l\u2019atteinte de l\u2019objectif z\u00e9ro \u00e9mission de carbone en 2030 dans les proc\u00e9d\u00e9s de fabrication. Il faut dire que cela fait depuis plus d\u2019un si\u00e8cle que Nexans joue un r\u00f4le crucial dans l\u2019\u00e9lectrification de la plan\u00e8te et s\u2019engage \u00e0 \u00e9lectrifier le futur. Le leader dans l\u2019industrie des c\u00e2bles emploie pr\u00e8s de 25.000 personnes dans 38 pays. En 2020, Nexans a g\u00e9n\u00e9r\u00e9 5,7 milliards d\u2019euros de chiffre d\u2019affaires. Au Maroc, Selma Alami a int\u00e9gr\u00e9, en 2003, Nexans via sa filiale marocaine de distribution Sirmel. Sa feuille de route retenait, principalement, la mise \u00e0 niveau des infrastructures et syst\u00e8mes d\u2019information en ad\u00e9quation avec les crit\u00e8res du groupe. La manager occupera par la suite la fonction r\u00e9gionale de CIO pour la zone Moyen-Orient et Afrique avant de prendre en charge, en 2018, la direction g\u00e9n\u00e9rale de ladite filiale. En mars 2020, elle fut d\u00e9sign\u00e9e directrice g\u00e9n\u00e9rale adjointe de Nexans Maroc. Sa nomination \u00e0 la t\u00eate du groupe sera la suite logique. Bon vent !<\/p>\n<\/div>\n<p>Auteur: Dounia Essabban<br \/>\n<a href=\"https:\/\/aujourdhui.ma\/economie\/industrie-de-cablage-selma-alami-nommee-directrice-generale-de-nexans-maroc\">Cliquez ici pour lire l&rsquo;article depuis sa source.<\/a><\/p>\n","protected":false},"excerpt":{"rendered":"<p>Selma Alami succ\u00e8de \u00e0 Karim Bennis \u00e0 la t\u00eate de Nexans Maroc. Apr\u00e8s 16 ans de pilotage, l\u2019homme prend sa retraite tout en gardant un poste de conseiller chez le leader dans l\u2019industrie du c\u00e2ble. Lors de cette nomination, les principales r\u00e9alisations pendant le mandat de M. Bennis ont \u00e9t\u00e9 rappel\u00e9es. Depuis 2017, Nexans Maroc [&hellip;]<\/p>\n","protected":false},"author":1759,"featured_media":0,"comment_status":"closed","ping_status":"closed","sticky":false,"template":"","format":"standard","meta":{"fifu_image_url":"https:\/\/aujourdhui.ma\/wp-content\/uploads\/2022\/02\/Selma-Alami-DG-Nexans--300x153.jpg","fifu_image_alt":"Industrie de c\u00e2blage : Selma Alami, nomm\u00e9e directrice g\u00e9n\u00e9rale de Nexans Maroc","footnotes":""},"categories":[73,54],"tags":[],"class_list":["post-140022","post","type-post","status-publish","format-standard","hentry","category-actualite","category-maroc"],"_links":{"self":[{"href":"https:\/\/linitiative.ca\/International\/wp-json\/wp\/v2\/posts\/140022","targetHints":{"allow":["GET"]}}],"collection":[{"href":"https:\/\/linitiative.ca\/International\/wp-json\/wp\/v2\/posts"}],"about":[{"href":"https:\/\/linitiative.ca\/International\/wp-json\/wp\/v2\/types\/post"}],"author":[{"embeddable":true,"href":"https:\/\/linitiative.ca\/International\/wp-json\/wp\/v2\/users\/1759"}],"replies":[{"embeddable":true,"href":"https:\/\/linitiative.ca\/International\/wp-json\/wp\/v2\/comments?post=140022"}],"version-history":[{"count":0,"href":"https:\/\/linitiative.ca\/International\/wp-json\/wp\/v2\/posts\/140022\/revisions"}],"wp:attachment":[{"href":"https:\/\/linitiative.ca\/International\/wp-json\/wp\/v2\/media?parent=140022"}],"wp:term":[{"taxonomy":"category","embeddable":true,"href":"https:\/\/linitiative.ca\/International\/wp-json\/wp\/v2\/categories?post=140022"},{"taxonomy":"post_tag","embeddable":true,"href":"https:\/\/linitiative.ca\/International\/wp-json\/wp\/v2\/tags?post=140022"}],"curies":[{"name":"wp","href":"https:\/\/api.w.org\/{rel}","templated":true}]}}