{"id":140024,"date":"2022-02-02T09:45:58","date_gmt":"2022-02-02T14:45:58","guid":{"rendered":"https:\/\/linitiative.ca\/International\/renault-5-fete-ses-50-ans-une-annee-pop-et-riche-en-surprises\/"},"modified":"2022-02-02T09:45:58","modified_gmt":"2022-02-02T14:45:58","slug":"renault-5-fete-ses-50-ans-une-annee-pop-et-riche-en-surprises","status":"publish","type":"post","link":"https:\/\/linitiative.ca\/International\/renault-5-fete-ses-50-ans-une-annee-pop-et-riche-en-surprises\/","title":{"rendered":"Renault 5 f\u00eate ses 50 ans : Une ann\u00e9e pop  et riche en surprises"},"content":{"rendered":"<div>\n<p><img loading=\"lazy\" decoding=\"async\" width=\"300\" height=\"153\" src=\"https:\/\/linitiative.ca\/International\/wp-content\/uploads\/sites\/23\/2022\/02\/Renault-5-300x153-1.jpg\" class=\"attachment-medium size-medium wp-post-image\" alt=\"\" srcset=\"https:\/\/linitiative.ca\/International\/wp-content\/uploads\/sites\/23\/2022\/02\/Renault-5-300x153-1.jpg 300w, https:\/\/aujourdhui.ma\/wp-content\/uploads\/2022\/02\/Renault-5-274x140.jpg 274w, https:\/\/aujourdhui.ma\/wp-content\/uploads\/2022\/02\/Renault-5.jpg 746w, https:\/\/aujourdhui.ma\/wp-content\/uploads\/2022\/02\/Renault-5-165x84.jpg 165w, https:\/\/aujourdhui.ma\/wp-content\/uploads\/2022\/02\/Renault-5-702x358.jpg 702w\" sizes=\"auto, (max-width: 300px) 100vw, 300px\"><\/p>\n<p><span style=\"font-size: 20px; color: #800000;\"><strong>La supercar s\u2019est vendue \u00e0 plus de 5 millions d\u2019exemplaires dans de nombreux pays<\/strong> <\/span><span id=\"more-398831\"><\/span><\/p>\n<p>R 5 c\u00e9l\u00e8bre son 50\u00e8me anniversaire et veut en faire un grand \u00e9v\u00e9nement. Pour la supercar, c\u2019est un \u00e2ge honorable et pourtant elle est plus que jamais dans le coup avec sa renaissance prochaine, en 2024. \u00abV\u00e9ritable symbole de la pop culture, R5 s\u2019est vendue \u00e0 plus de 5 millions d\u2019exemplaires dans de nombreux pays\u00bb, selon un communiqu\u00e9 de Renault Maroc. Le Groupe automobile a saisi cette occasion pour faire part de sa mont\u00e9e en croissance et son intention de continuer ses exploits selon le m\u00eame rythme. D\u00e8s le mois de mars, les NFT permettront, selon le Groupe automobile, et ce pour le bonheur des plus grands fans, d\u2019acqu\u00e9rir des \u0153uvres sp\u00e9cialement r\u00e9alis\u00e9es en \u00e9dition limit\u00e9e autour de R 5 et de son univers. Un univers pop et color\u00e9 m\u00ealant \u0153uvres d\u2019art, mais aussi sneakers ainsi que la musique avec le retour d\u2019un in\u00e9dit balladeur cassette. \u00abL\u2019artiste illustrateur Greg r\u00e9alisera tout sp\u00e9cialement une s\u00e9rie d\u2019\u0153uvres sur le th\u00e8me de Renault 5 et de ses diff\u00e9rentes d\u00e9clinaisons\u00bb, fait savoir la m\u00eame source.<\/p>\n<p><span style=\"color: #ff0000;\"><strong>Un d\u00e9part sur les chapeaux de roue<\/strong><\/span><\/p>\n<p>Le calendrier officiel de la marque automobile \u00e9voluera selon l\u2019actualit\u00e9 et sera compl\u00e9t\u00e9 de manifestations et t\u00e9moignages \u00e0 l\u2019initiative de ses fans, un festival \u2018off\u2019 en quelque sorte ! Un d\u00e9part sur les chapeaux de roue pour le mois de janvier, avec la participation au Monte-Carlo historique d\u2019\u00e9quipages de R 5 Alpine Groupe II accompagn\u00e9s par une Renault 5 Turbo. \u00abCette derni\u00e8re sera pour l\u2019occasion pilot\u00e9e par Alain Serpaggi\u00bb, pr\u00e9cise-t-on.<br \/>\nLe 28 du mois a constitu\u00e9 pour le Groupe le meilleur rendez-vous pour la diffusion d\u2019un film exclusif r\u00e9alis\u00e9 en Stopmotion et \u00e0 cette occasion un hashtag sp\u00e9cifique #50YEAR5 est d\u00e9ploy\u00e9 pour accompagner toutes les activations durant l\u2019ann\u00e9e. Pour l\u2019\u00e9dition 2022 de Retromobile, Renault pr\u00e9voit de pr\u00e9senter un stand in\u00e9dit enti\u00e8rement d\u00e9di\u00e9 \u00e0 Renault 5. Ce sont 12 mod\u00e8les qui seront expos\u00e9s du 16 au 20 mars avec une guest star : Renault 5 Prototype, qui annonce la renaissance du mod\u00e8le en 2024. Toute une collection d\u2019objets \u00e0 l\u2019effigie de R 5, finement s\u00e9lectionn\u00e9s et sp\u00e9cifiquement dessin\u00e9s pour ses 50 ans, sera disponible sur le stand aupr\u00e8s de l\u2019estafette-boutique The Originals. \u00abA partir du mois de mars, des op\u00e9rations r\u00e9guli\u00e8res faisant appel aux NFT permettront l\u2019acquisition de diff\u00e9rentes \u0153uvres r\u00e9alis\u00e9es sur le th\u00e8me de Renault 5 tout au long de l\u2019ann\u00e9e\u00bb, explique-t-on.<\/p>\n<p><img loading=\"lazy\" decoding=\"async\" class=\"aligncenter size-full wp-image-398837\" src=\"https:\/\/linitiative.ca\/International\/wp-content\/uploads\/sites\/23\/2022\/02\/Renault-Group-Nissan-Motor-et-Mitsubishi.jpg\" alt=\"\" width=\"746\" height=\"380\" srcset=\"https:\/\/linitiative.ca\/International\/wp-content\/uploads\/sites\/23\/2022\/02\/Renault-Group-Nissan-Motor-et-Mitsubishi.jpg 746w, https:\/\/aujourdhui.ma\/wp-content\/uploads\/2022\/02\/Renault-Group-Nissan-Motor-et-Mitsubishi-300x153.jpg 300w, https:\/\/aujourdhui.ma\/wp-content\/uploads\/2022\/02\/Renault-Group-Nissan-Motor-et-Mitsubishi-274x140.jpg 274w, https:\/\/aujourdhui.ma\/wp-content\/uploads\/2022\/02\/Renault-Group-Nissan-Motor-et-Mitsubishi-165x84.jpg 165w, https:\/\/aujourdhui.ma\/wp-content\/uploads\/2022\/02\/Renault-Group-Nissan-Motor-et-Mitsubishi-702x358.jpg 702w\" sizes=\"auto, (max-width: 746px) 100vw, 746px\"><\/p>\n<p><span style=\"color: #ff0000;\"><strong>Exposition des mod\u00e8les les plus embl\u00e9matiques<\/strong><\/span><\/p>\n<p>Les locaux de Renault Classic \u00e0 Flins r\u00e9aliseront en avril une exposition des mod\u00e8les les plus embl\u00e9matiques de Renault 5. Cette exposition sera ouverte aux m\u00e9dias et accessible virtuellement au grand public. En juin, le Groupe pr\u00e9voit de r\u00e9aliser un concept car in\u00e9dit en collaboration avec un designer de renom \u00e0 l\u2019univers pop et color\u00e9 r\u00e9solument seventies. D\u2019autres projets men\u00e9s cette fois autour de la musique seront r\u00e9v\u00e9l\u00e9s au cours du mois. Renault pr\u00e9voit en juillet un retour sur la carri\u00e8re cin\u00e9matographique d\u2019une v\u00e9ritable star avec la r\u00e9alisation d\u2019une activation interactive. Le Groupe fait part de la participation et exposition de R 5, en septembre, \u00e0 Angoul\u00eame au Circuit des Remparts. Il est pr\u00e9vu \u00e9galement la r\u00e9alisation d\u2019un film stopmotion (d\u00e9di\u00e9 \u00e0 la comp\u00e9tition avec R 5) et la participation au Salon Epoqu\u2019Auto \u00e0 Lyon avec une exposition de plusieurs mod\u00e8les de R 5. \u00abD\u2019autres \u00e9l\u00e9ments seront ajout\u00e9s tout au long de l\u2019ann\u00e9e et viendront enrichir ces \u00e9v\u00e8nements\u00bb, conclut-on.<\/p>\n<div class=\"base-box mom_box_sc_custom mom_box_sc clear\" style=\"-moz-border-radius: 5px; border-radius: 5px;background-color:#fddeef;\">\n<p><span style=\"font-size: 20px; color: #ff0000;\"><strong>Trois e\u0301quipages de Renault 5 pour le Monte-Carlo Historique<\/strong><\/span><\/p>\n<p><img loading=\"lazy\" decoding=\"async\" class=\"aligncenter size-full wp-image-398836\" src=\"https:\/\/linitiative.ca\/International\/wp-content\/uploads\/sites\/23\/2022\/02\/Renault-5-sport.jpg\" alt=\"\" width=\"746\" height=\"380\" srcset=\"https:\/\/linitiative.ca\/International\/wp-content\/uploads\/sites\/23\/2022\/02\/Renault-5-sport.jpg 746w, https:\/\/aujourdhui.ma\/wp-content\/uploads\/2022\/02\/Renault-5-sport-300x153.jpg 300w, https:\/\/aujourdhui.ma\/wp-content\/uploads\/2022\/02\/Renault-5-sport-274x140.jpg 274w, https:\/\/aujourdhui.ma\/wp-content\/uploads\/2022\/02\/Renault-5-sport-165x84.jpg 165w, https:\/\/aujourdhui.ma\/wp-content\/uploads\/2022\/02\/Renault-5-sport-702x358.jpg 702w\" sizes=\"auto, (max-width: 746px) 100vw, 746px\"><\/p>\n<p>Pour les 50 ans de R5, Renault participe au 24e\u0300me Monte-Carlo Historique. Les e\u0301preuves de ce rallye de le\u0301gende se de\u0301rouleront du 27 Janvier au 2 Fe\u0301vrier avec trois e\u0301quipages de Renault 5. Pour le premier d\u2019entre eux, il s\u2019agit d\u2019une Renault 5 Turbo de 1980 dont le volant sera confie\u0301 a\u0300 Alain Serpaggi, qui fut sacre\u0301 champion de France des rallyes en 1985 avec le me\u0302me ve\u0301hicule. Pour le seconder, c\u2019est Franc\u0327ois Allain qui sera a\u0300 ses cote\u0301s en tant que copilote. Les deux autres e\u0301quipages prendront place a\u0300 bord d\u2019une Renault 5 Alpine de 1978, avec Christian Chambord comme pilote et Patrick Fourestie\u0301 en copilote. La seconde R5 Alpine, de 1980, sera conduite par Julien Saunier avec Jean-Pierre Pre\u0301vot en copilote. Ces trois e\u0301quipages concourent dans la cate\u0301gorie IV qui correspond aux ve\u0301hicules produits entre le 1\/1\/1977 et le 31\/12\/1982. Renault a gagne\u0301 le Monte-Carlo en 1981 avec la R5 Turbo. Les R5 Alpine ont e\u0301galement termine\u0301 2e\u0300me et 3e\u0300me en 1978 tout en e\u0301tant les premie\u0300res de leur cate\u0301gorie.<\/p>\n<\/div>\n<\/div>\n<p>Auteur: ALM<br \/>\n<a href=\"https:\/\/aujourdhui.ma\/automobile\/renault-5-fete-ses-50-ans-une-annee-pop-et-riche-en-surprises\">Cliquez ici pour lire l&rsquo;article depuis sa source.<\/a><\/p>\n","protected":false},"excerpt":{"rendered":"<p>La supercar s\u2019est vendue \u00e0 plus de 5 millions d\u2019exemplaires dans de nombreux pays R 5 c\u00e9l\u00e8bre son 50\u00e8me anniversaire et veut en faire un grand \u00e9v\u00e9nement. Pour la supercar, c\u2019est un \u00e2ge honorable et pourtant elle est plus que jamais dans le coup avec sa renaissance prochaine, en 2024. \u00abV\u00e9ritable symbole de la pop [&hellip;]<\/p>\n","protected":false},"author":1759,"featured_media":0,"comment_status":"closed","ping_status":"closed","sticky":false,"template":"","format":"standard","meta":{"fifu_image_url":"https:\/\/aujourdhui.ma\/wp-content\/uploads\/2022\/02\/Renault-5-300x153.jpg","fifu_image_alt":"Renault 5 f\u00eate ses 50 ans : Une ann\u00e9e pop  et riche en surprises","footnotes":""},"categories":[73,54],"tags":[],"class_list":["post-140024","post","type-post","status-publish","format-standard","hentry","category-actualite","category-maroc"],"_links":{"self":[{"href":"https:\/\/linitiative.ca\/International\/wp-json\/wp\/v2\/posts\/140024","targetHints":{"allow":["GET"]}}],"collection":[{"href":"https:\/\/linitiative.ca\/International\/wp-json\/wp\/v2\/posts"}],"about":[{"href":"https:\/\/linitiative.ca\/International\/wp-json\/wp\/v2\/types\/post"}],"author":[{"embeddable":true,"href":"https:\/\/linitiative.ca\/International\/wp-json\/wp\/v2\/users\/1759"}],"replies":[{"embeddable":true,"href":"https:\/\/linitiative.ca\/International\/wp-json\/wp\/v2\/comments?post=140024"}],"version-history":[{"count":0,"href":"https:\/\/linitiative.ca\/International\/wp-json\/wp\/v2\/posts\/140024\/revisions"}],"wp:attachment":[{"href":"https:\/\/linitiative.ca\/International\/wp-json\/wp\/v2\/media?parent=140024"}],"wp:term":[{"taxonomy":"category","embeddable":true,"href":"https:\/\/linitiative.ca\/International\/wp-json\/wp\/v2\/categories?post=140024"},{"taxonomy":"post_tag","embeddable":true,"href":"https:\/\/linitiative.ca\/International\/wp-json\/wp\/v2\/tags?post=140024"}],"curies":[{"name":"wp","href":"https:\/\/api.w.org\/{rel}","templated":true}]}}