{"id":140028,"date":"2022-02-02T10:20:06","date_gmt":"2022-02-02T15:20:06","guid":{"rendered":"https:\/\/linitiative.ca\/International\/la-modernisation-des-moyens-de-production-de-poterie-dans-le-nord-a-lordre-du-jour\/"},"modified":"2022-02-02T10:20:06","modified_gmt":"2022-02-02T15:20:06","slug":"la-modernisation-des-moyens-de-production-de-poterie-dans-le-nord-a-lordre-du-jour","status":"publish","type":"post","link":"https:\/\/linitiative.ca\/International\/la-modernisation-des-moyens-de-production-de-poterie-dans-le-nord-a-lordre-du-jour\/","title":{"rendered":"La modernisation des moyens de production de poterie dans le Nord \u00e0 l\u2019ordre du jour"},"content":{"rendered":"<div>\n<p><img loading=\"lazy\" decoding=\"async\" width=\"300\" height=\"153\" src=\"https:\/\/linitiative.ca\/International\/wp-content\/uploads\/sites\/23\/2022\/02\/La-modernisation-des-moyens-de-production-de-poterie-dans-le-Nord-a-lordre-du-jour-300x153-1.jpg\" class=\"attachment-medium size-medium wp-post-image\" alt=\"\" srcset=\"https:\/\/linitiative.ca\/International\/wp-content\/uploads\/sites\/23\/2022\/02\/La-modernisation-des-moyens-de-production-de-poterie-dans-le-Nord-a-lordre-du-jour-300x153-1.jpg 300w, https:\/\/aujourdhui.ma\/wp-content\/uploads\/2022\/02\/La-modernisation-des-moyens-de-production-de-poterie-dans-le-Nord-a-lordre-du-jour-274x140.jpg 274w, https:\/\/aujourdhui.ma\/wp-content\/uploads\/2022\/02\/La-modernisation-des-moyens-de-production-de-poterie-dans-le-Nord-a-lordre-du-jour.jpg 746w, https:\/\/aujourdhui.ma\/wp-content\/uploads\/2022\/02\/La-modernisation-des-moyens-de-production-de-poterie-dans-le-Nord-a-lordre-du-jour-165x84.jpg 165w, https:\/\/aujourdhui.ma\/wp-content\/uploads\/2022\/02\/La-modernisation-des-moyens-de-production-de-poterie-dans-le-Nord-a-lordre-du-jour-702x358.jpg 702w\" sizes=\"auto, (max-width: 300px) 100vw, 300px\"><\/p>\n<p><strong><span style=\"color: #800000;\">Une premi\u00e8re r\u00e9union s\u2019est tenue avec les artisans et les coop\u00e9ratives<\/span> \u0153uvrant dans le secteur \u00e0 Oued Laou et B\u00e9ni Sa\u00efd<\/strong><span id=\"more-398872\"><\/span><\/p>\n<p>Consid\u00e9r\u00e9 parmi les secteurs porteurs de l\u2019\u00e9conomie r\u00e9gionale, le secteur de l\u2019artisanat dans le Nord mise sur le d\u00e9veloppement de l\u2019ensemble de ses fili\u00e8res, dont la poterie qui t\u00e9moigne d\u2019une grande richesse culturelle et d\u2019un savoir-faire ancestral. C\u2019est dans ce contexte que la Chambre d\u2019artisanat de la r\u00e9gion Tanger-T\u00e9touan-Al Hoceima vient de tenir la premi\u00e8re r\u00e9union d\u2019information autour du projet de modernisation des m\u00e9thodes de production de la poterie \u00e0 Oued Laou et B\u00e9ni Sa\u00efd, dont les ustensiles et les objets de d\u00e9coration r\u00e9alis\u00e9s par des hommes et des femmes potiers ruraux contribuent au renforcement de l\u2019attractivit\u00e9 touristique de la r\u00e9gion aupr\u00e8s des passionn\u00e9s de voyage nationaux et \u00e9trangers.<\/p>\n<p>Cette r\u00e9union qui a connu la participation des repr\u00e9sentants des autorit\u00e9s locales, des \u00e9lus, des membres du bureau de la Chambre ainsi que des pr\u00e9sidents et des responsables des coop\u00e9ratives \u0153uvrant dans le secteur de la poterie, intervient dans le cadre de \u00abl\u2019\u00e9tude et du suivi de la mise en \u0153uvre du projet de modernisation des m\u00e9thodes de production de poterie dans la r\u00e9gion et conform\u00e9ment aux recommandations \u00e9mises lors de la r\u00e9union tenue le 19 janvier \u00e0 Tanger\u00bb, selon un communiqu\u00e9 de la Chambre d\u2019artisanat \u00e0 l\u2019issue de cette premi\u00e8re r\u00e9union d\u00e9di\u00e9e \u00e0 l\u2019\u00e9tude et l\u2019examen des modalit\u00e9s et des moyens de r\u00e9alisation de ce projet dans les deux communes de Oued Laou et B\u00e9ni Said relevant de la province de T\u00e9touan.<\/p>\n<p>Les participants ont mis l\u2019accent sur les perspectives du secteur pour les ann\u00e9es \u00e0 venir et avec la tenue de certains engagements concernant l\u2019installation des fours \u00e0 gaz (\u00e0 la place de ceux traditionnels), qui n\u00e9cessite de grands espaces et des \u00e9quipements pour leur fonctionnement afin d\u2019atteindre une plus grande rentabilit\u00e9 et efficacit\u00e9 \u00e9nerg\u00e9tique dans le secteur de la poterie. Ils ont convenu de la n\u00e9cessit\u00e9 de l\u2019implication de toutes les parties prenantes pour la cr\u00e9ation et l\u2019\u00e9quipement des salles pour la formation des jeunes et des femmes en poterie artisanale. Il s\u2019agit \u00e9galement d\u2019am\u00e9nager et d\u2019\u00e9quiper des sites pour l\u2019assemblage et le stockage des produits, r\u00e9alis\u00e9s par les coop\u00e9ratives (b\u00e9n\u00e9ficiant de ce projet), tout en assurant leur raccordement aux r\u00e9seaux d\u2019eau et d\u2019\u00e9lectricit\u00e9.<\/p>\n<p>Notons que le projet de modernisation des moyens de production de la poterie dans la r\u00e9gion de Tanger-T\u00e9touan-Al Hoceima fait l\u2019objet d\u2019une convention de partenariat multilat\u00e9ral ayant pour objectif principal de renforcer la comp\u00e9titivit\u00e9 de la poterie locale et de contribuer \u00e0 insuffler une nouvelle dynamique au secteur de l\u2019artisanat dans son ensemble.<br \/>\nLes dispositions de cette convention, liant la r\u00e9gion aux Conseils \u00e9lus ainsi que les partenaires institutionnels concern\u00e9s, portent sur l\u2019organisation de rencontres de sensibilisation et d\u2019encadrement au profit des artisans et des coop\u00e9ratives artisanales \u0153uvrant dans la production de la poterie et b\u00e9n\u00e9ficiaires de ce projet.<\/p>\n<\/div>\n<p>Auteur: Najat Fa\u00efssal<br \/>\n<a href=\"https:\/\/aujourdhui.ma\/economie\/la-modernisation-des-moyens-de-production-de-poterie-dans-le-nord-a-lordre-du-jour\">Cliquez ici pour lire l&rsquo;article depuis sa source.<\/a><\/p>\n","protected":false},"excerpt":{"rendered":"<p>Une premi\u00e8re r\u00e9union s\u2019est tenue avec les artisans et les coop\u00e9ratives \u0153uvrant dans le secteur \u00e0 Oued Laou et B\u00e9ni Sa\u00efd Consid\u00e9r\u00e9 parmi les secteurs porteurs de l\u2019\u00e9conomie r\u00e9gionale, le secteur de l\u2019artisanat dans le Nord mise sur le d\u00e9veloppement de l\u2019ensemble de ses fili\u00e8res, dont la poterie qui t\u00e9moigne d\u2019une grande richesse culturelle et [&hellip;]<\/p>\n","protected":false},"author":1759,"featured_media":0,"comment_status":"closed","ping_status":"closed","sticky":false,"template":"","format":"standard","meta":{"fifu_image_url":"https:\/\/aujourdhui.ma\/wp-content\/uploads\/2022\/02\/La-modernisation-des-moyens-de-production-de-poterie-dans-le-Nord-a-lordre-du-jour-300x153.jpg","fifu_image_alt":"La modernisation des moyens de production de poterie dans le Nord \u00e0 l\u2019ordre du jour","footnotes":""},"categories":[73,54],"tags":[],"class_list":["post-140028","post","type-post","status-publish","format-standard","hentry","category-actualite","category-maroc"],"_links":{"self":[{"href":"https:\/\/linitiative.ca\/International\/wp-json\/wp\/v2\/posts\/140028","targetHints":{"allow":["GET"]}}],"collection":[{"href":"https:\/\/linitiative.ca\/International\/wp-json\/wp\/v2\/posts"}],"about":[{"href":"https:\/\/linitiative.ca\/International\/wp-json\/wp\/v2\/types\/post"}],"author":[{"embeddable":true,"href":"https:\/\/linitiative.ca\/International\/wp-json\/wp\/v2\/users\/1759"}],"replies":[{"embeddable":true,"href":"https:\/\/linitiative.ca\/International\/wp-json\/wp\/v2\/comments?post=140028"}],"version-history":[{"count":0,"href":"https:\/\/linitiative.ca\/International\/wp-json\/wp\/v2\/posts\/140028\/revisions"}],"wp:attachment":[{"href":"https:\/\/linitiative.ca\/International\/wp-json\/wp\/v2\/media?parent=140028"}],"wp:term":[{"taxonomy":"category","embeddable":true,"href":"https:\/\/linitiative.ca\/International\/wp-json\/wp\/v2\/categories?post=140028"},{"taxonomy":"post_tag","embeddable":true,"href":"https:\/\/linitiative.ca\/International\/wp-json\/wp\/v2\/tags?post=140028"}],"curies":[{"name":"wp","href":"https:\/\/api.w.org\/{rel}","templated":true}]}}