{"id":140036,"date":"2022-02-02T08:49:45","date_gmt":"2022-02-02T13:49:45","guid":{"rendered":"https:\/\/linitiative.ca\/International\/bruxelles-accorde-un-label-vert-au-gaz-et-au-nucleaire\/"},"modified":"2022-02-02T08:49:45","modified_gmt":"2022-02-02T13:49:45","slug":"bruxelles-accorde-un-label-vert-au-gaz-et-au-nucleaire","status":"publish","type":"post","link":"https:\/\/linitiative.ca\/International\/bruxelles-accorde-un-label-vert-au-gaz-et-au-nucleaire\/","title":{"rendered":"Bruxelles accorde un label \u00abvert\u00bb au gaz et au nucl\u00e9aire"},"content":{"rendered":"<div>\n<p class=\"has-text-align-center has-vivid-red-color has-text-color\"><strong>Malgr\u00e9 les protestations<\/strong><\/p>\n<p><strong>La Commission europ\u00e9enne va annoncer mercredi la cr\u00e9ation d\u2019un label \u00ab\u00a0vert\u00a0\u00bb controvers\u00e9 pour les centrales nucl\u00e9aires et au gaz, reconnaissant, sous certaines conditions, leur contribution \u00e0 la lutte contre le changement climatique.<\/strong><\/p>\n<p>Le projet, qui divise les 27 Etats membres de l\u2019UE, a d\u00e9j\u00e0 provoqu\u00e9 la col\u00e8re de nombreuses ONG environnementales et suscit\u00e9 les doutes du monde de la finance.<\/p>\n<p>Dans la matin\u00e9e, les commissaires europ\u00e9ens vont approuver, lors de leur r\u00e9union hebdomadaire, une liste de crit\u00e8res permettant de classer comme \u00ab\u00a0durables\u00a0\u00bb les investissements dans des centrales nucl\u00e9aires ou au gaz pour la production d\u2019\u00e9lectricit\u00e9. Un privil\u00e8ge jusqu\u2019ici r\u00e9serv\u00e9 aux \u00e9nergies renouvelables.<\/p>\n<p>Le texte doit aider \u00e0 mobiliser des fonds priv\u00e9s vers des activit\u00e9s r\u00e9duisant les \u00e9missions de gaz \u00e0 effet de serre. Il s\u2019inscrit dans l\u2019objectif de neutralit\u00e9 carbone de l\u2019UE en 2050.<\/p>\n<p>La France, qui veut relancer sa fili\u00e8re nucl\u00e9aire \u2013source d\u2019\u00e9lectricit\u00e9 d\u00e9carbon\u00e9e\u2013 et des pays d\u2019Europe centrale, comme la Pologne ou la R\u00e9publique tch\u00e8que, qui doivent remplacer leurs centrales \u00e0 charbon tr\u00e8s polluantes, ont soutenu l\u2019initiative.<\/p>\n<p>Faire partie de cette classification permet une r\u00e9duction des co\u00fbts de financement, cruciale pour les projets concern\u00e9s et les Etats voulant les soutenir.<\/p>\n<p>Mais les \u00e9cologistes d\u00e9noncent l\u2019inclusion des centrales \u00e0 gaz, \u00e9mettrices de CO2, et du nucl\u00e9aire, en raison de ses d\u00e9chets radioactifs et du risque d\u2019accident.<\/p>\n<p>Un petit groupe de pays dont l\u2019Autriche et le Luxembourg, men\u00e9s par l\u2019Allemagne, a bataill\u00e9 pour exclure l\u2019atome. Berlin, qui op\u00e8re toujours des centrales \u00e0 charbon, mise sur l\u2019essor des \u00e9oliennes et du solaire, ainsi que sur de nouvelles centrales au gaz pour assurer son approvisionnement, en d\u00e9pit des critiques sur sa d\u00e9pendance \u00e0 la Russie.<\/p>\n<p>L\u2019Autriche, le Danemark, les Pays-Bas et la Su\u00e8de ont contest\u00e9 le label \u00ab\u00a0vert\u00a0\u00bb pour le gaz dans une lettre commune.<\/p>\n<p>Le Commissaire europ\u00e9en au budget, l\u2019Autrichien Johannes Hahn, a pr\u00e9venu qu\u2019il refuserait le texte.<br \/>Un vote n\u2019est pas \u00e0 exclure lors de cette r\u00e9union hebdomadaire de l\u2019ex\u00e9cutif europ\u00e9en, qui proc\u00e8de habituellement par consensus. Mais il ne fera pas d\u00e9railler le compromis finalement trouv\u00e9 apr\u00e8s des mois de d\u00e9bats et plusieurs reports.<\/p>\n<p>Le texte doit \u00eatre pr\u00e9sent\u00e9 \u00e0 la presse par le vice-pr\u00e9sident de la Commission, Valdis Dombrovskis, et la commissaire aux Services financiers, Mairead McGuinness, en d\u00e9but d\u2019apr\u00e8s-midi.<\/p>\n<p>Bruxelles estime que les \u00e9nergies renouvelables, d\u00e9j\u00e0 labellis\u00e9es par la Commission et qui restent une priorit\u00e9 de la politique europ\u00e9enne, ne pourront pas, \u00e0 elles seules, r\u00e9pondre \u00e0 la demande croissante d\u2019\u00e9lectricit\u00e9, en raison de leur production intermittente. D\u2019o\u00f9 le besoin, \u00e0 titre transitoire, de favoriser aussi l\u2019investissement dans des moyens stables et pilotables.<\/p>\n<p>L\u2019ex\u00e9cutif fait valoir que le texte oblige les entreprises \u00e0 d\u00e9clarer l\u2019ensemble de leurs activit\u00e9s gazi\u00e8res et nucl\u00e9aires, permettant aux investisseurs qui le souhaitent de les exclure de leur portefeuille.<\/p>\n<p>Le document, envoy\u00e9 pour consultation aux 27 Etats de l\u2019UE le 31 d\u00e9cembre au soir, est rest\u00e9 inchang\u00e9 dans ses grandes lignes, malgr\u00e9 les critiques.<\/p>\n<p>Il impose des conditions strictes \u00e0 la labellisation du nucl\u00e9aire et du gaz, notamment une limitation dans le temps et l\u2019obligation de recours aux meilleures technologies disponibles.<\/p>\n<p>Pour la construction de nouvelles centrales atomiques, les projets devront avoir obtenu un permis de construire avant 2045. Les travaux permettant de prolonger la dur\u00e9e de vie des centrales existantes devront avoir \u00e9t\u00e9 autoris\u00e9s avant 2040.<\/p>\n<p>Concernant le gaz, la Commission impose un plafond d\u2019\u00e9missions de CO2: moins de 100 g par kWh, un seuil inatteignable avec les technologies actuelles selon des experts. Mais, une p\u00e9riode de transition est pr\u00e9vue, et les centrales obtenant leur permis de construire avant le 31 d\u00e9cembre 2030, verront ce seuil relev\u00e9 \u00e0 270 g, \u00e0 condition qu\u2019elles remplacent des infrastructures beaucoup plus polluantes.<\/p>\n<p>Durant une p\u00e9riode de quatre mois (qui pourra \u00eatre prolong\u00e9e de deux mois), \u00e0 partir de mercredi, le Parlement europ\u00e9en pourra rejeter le texte par un vote \u00e0 la majorit\u00e9 simple. Le Conseil europ\u00e9en pourrait aussi th\u00e9oriquement s\u2019y opposer, \u00e0 condition de r\u00e9unir 20 Etats membres, ce qui para\u00eet hors de port\u00e9e.<\/p>\n<p>L\u2019article <a rel=\"nofollow\" href=\"http:\/\/albayane.press.ma\/bruxelles-accorde-un-label-vert-au-gaz-et-au-nucleaire.html\">Bruxelles accorde un label \u00abvert\u00bb au gaz et au nucl\u00e9aire<\/a> est apparu en premier sur <a rel=\"nofollow\" href=\"http:\/\/albayane.press.ma\/\">ALBAYANE<\/a>.<\/p>\n<\/div>\n<p>Auteur: M&rsquo;hammed rahal<br \/>\n<a href=\"http:\/\/albayane.press.ma\/bruxelles-accorde-un-label-vert-au-gaz-et-au-nucleaire.html\">Cliquez ici pour lire l&rsquo;article depuis sa source.<\/a><\/p>\n","protected":false},"excerpt":{"rendered":"<p>Malgr\u00e9 les protestations La Commission europ\u00e9enne va annoncer mercredi la cr\u00e9ation d\u2019un label \u00ab\u00a0vert\u00a0\u00bb controvers\u00e9 pour les centrales nucl\u00e9aires et au gaz, reconnaissant, sous certaines conditions, leur contribution \u00e0 la lutte contre le changement climatique. Le projet, qui divise les 27 Etats membres de l\u2019UE, a d\u00e9j\u00e0 provoqu\u00e9 la col\u00e8re de nombreuses ONG environnementales et [&hellip;]<\/p>\n","protected":false},"author":1760,"featured_media":0,"comment_status":"closed","ping_status":"closed","sticky":false,"template":"","format":"standard","meta":{"fifu_image_url":"","fifu_image_alt":"","footnotes":""},"categories":[73,54],"tags":[],"class_list":["post-140036","post","type-post","status-publish","format-standard","hentry","category-actualite","category-maroc"],"_links":{"self":[{"href":"https:\/\/linitiative.ca\/International\/wp-json\/wp\/v2\/posts\/140036","targetHints":{"allow":["GET"]}}],"collection":[{"href":"https:\/\/linitiative.ca\/International\/wp-json\/wp\/v2\/posts"}],"about":[{"href":"https:\/\/linitiative.ca\/International\/wp-json\/wp\/v2\/types\/post"}],"author":[{"embeddable":true,"href":"https:\/\/linitiative.ca\/International\/wp-json\/wp\/v2\/users\/1760"}],"replies":[{"embeddable":true,"href":"https:\/\/linitiative.ca\/International\/wp-json\/wp\/v2\/comments?post=140036"}],"version-history":[{"count":0,"href":"https:\/\/linitiative.ca\/International\/wp-json\/wp\/v2\/posts\/140036\/revisions"}],"wp:attachment":[{"href":"https:\/\/linitiative.ca\/International\/wp-json\/wp\/v2\/media?parent=140036"}],"wp:term":[{"taxonomy":"category","embeddable":true,"href":"https:\/\/linitiative.ca\/International\/wp-json\/wp\/v2\/categories?post=140036"},{"taxonomy":"post_tag","embeddable":true,"href":"https:\/\/linitiative.ca\/International\/wp-json\/wp\/v2\/tags?post=140036"}],"curies":[{"name":"wp","href":"https:\/\/api.w.org\/{rel}","templated":true}]}}