{"id":140037,"date":"2022-02-02T08:54:11","date_gmt":"2022-02-02T13:54:11","guid":{"rendered":"https:\/\/linitiative.ca\/International\/la-dynamique-de-reformes-au-maroc-expliquee-aux-etudiants\/"},"modified":"2022-02-02T08:54:11","modified_gmt":"2022-02-02T13:54:11","slug":"la-dynamique-de-reformes-au-maroc-expliquee-aux-etudiants","status":"publish","type":"post","link":"https:\/\/linitiative.ca\/International\/la-dynamique-de-reformes-au-maroc-expliquee-aux-etudiants\/","title":{"rendered":"La dynamique de r\u00e9formes au Maroc expliqu\u00e9e aux \u00e9tudiants"},"content":{"rendered":"<div>\n<p class=\"has-text-align-center has-vivid-red-color has-text-color\"><strong>A l\u2019universit\u00e9 de Goethe<\/strong><\/p>\n<p class=\"has-vivid-cyan-blue-color has-text-color\"><strong>La dynamique de r\u00e9formes au Maroc et l\u2019\u00e9volution positive que connait la question du Sahara marocain ont \u00e9t\u00e9 au centre d\u2019une vid\u00e9o-conf\u00e9rence anim\u00e9e, r\u00e9cemment, par le consul g\u00e9n\u00e9ral du Royaume \u00e0 Francfort, Bouthaina El Kerdoudi El Koulali \u00e0 l\u2019adresse des \u00e9tudiants de l\u2019Institut des Sciences Politiques de l\u2019universit\u00e9 de Goethe de Francfort, qui s\u2019appr\u00eatent \u00e0 repr\u00e9senter le Maroc au National Model United Nations (NMUN) en 2022.<\/strong><\/p>\n<p>La vid\u00e9o-conf\u00e9rence a \u00e9t\u00e9 l\u2019occasion pour le consul de mettre en exergue les r\u00e9formes politiques, \u00e9conomiques et sociales, initi\u00e9es sous la conduite \u00e9clair\u00e9e de SM le Roi Mohammed VI, ayant permis de construire une soci\u00e9t\u00e9 moderne, d\u00e9mocratique et ouverte sur le monde, indique un communiqu\u00e9 du consulat.<\/p>\n<p>En relevant la stabilit\u00e9 politique dont jouit le Royaume, la diplomate marocaine est revenue sur le succ\u00e8s des derni\u00e8res \u00e9lections organis\u00e9es le 8 septembre 2021, dans un contexte sanitaire particulier, marqu\u00e9es par un taux de participation important, par rapport aux pr\u00e9c\u00e9dentes \u00e9ch\u00e9ances.<\/p>\n<p>Elle a par ailleurs indiqu\u00e9 que les r\u00e9sultats de ces scrutins ont \u00e9t\u00e9 marqu\u00e9s par une repr\u00e9sentation accrue des femmes dans les instances \u00e9lues, aux niveaux r\u00e9gional, communal et l\u00e9gislatif, puisque six femmes dont les parcours sont riches et vari\u00e9s, ont \u00e9t\u00e9 nomm\u00e9es ministres et se sont vues confier des portefeuilles strat\u00e9giques et sensibles tels que l\u2019\u00e9conomie et finances, la protection sociale, l\u2019urbanisme, le tourisme et le d\u00e9veloppement durable. Pour la premi\u00e8re fois dans l\u2019histoire du Maroc, trois femmes ont \u00e9t\u00e9 \u00e9lues maires de grandes villes \u00e0 savoir Rabat, Casablanca et Marrakech, a-t-elle rappel\u00e9.<\/p>\n<p>Le consul du Royaume n\u2019a pas manqu\u00e9 de mettre en avant, dans ce contexte, la strat\u00e9gie proactive du Maroc dans la gestion de la pand\u00e9mie de la Covid-19, sous l\u2019impulsion royale, ayant permis au Royaume de se placer au premier rang aux niveaux continental et international, en termes d\u2019acc\u00e9l\u00e9ration du rythme de la vaccination.<\/p>\n<p>Le Maroc a gagn\u00e9 une autre bataille, a-t-elle soulign\u00e9, \u00e0 savoir celle de r\u00e9duire la d\u00e9pendance aux importations de mat\u00e9riel m\u00e9dical, \u00e0 travers la conversion de ses installations de production pour la fabrication de masques de protection, de respirateurs et de kits de test Covid 19, \u00e9voquant notamment le lancement du projet de l\u2019unit\u00e9 industrielle en mati\u00e8re de mise en seringue du vaccins covid 19 et de fabrication des produits biotechnologiques, dont la c\u00e9r\u00e9monie d\u2019inauguration a \u00e9t\u00e9 pr\u00e9sid\u00e9e, par le Souverain le 27 janvier \u00e0 Benslimane. Au registre \u00e9conomique, Mme El Kerdoudi a mis en relief les transformations majeures qu\u2019a connues le Maroc au cours des 20 derni\u00e8res ann\u00e9es sous le leadership de SM Roi Mohammed VI, en se positionnant comme une plate-forme industrielle et d\u2019export comp\u00e9titive et l\u2019une des destinations les plus attractives pour les investissements \u00e9trangers sur le continent africain. Gr\u00e2ce au Plan d\u2019acc\u00e9l\u00e9ration industrielle, les IDE ciblent depuis une dizaine d\u2019ann\u00e9es des industries strat\u00e9giques et \u00e0 fort potentiel comme les secteurs de l\u2019a\u00e9ronautique et de l\u2019automobile, a-t-elle ajout\u00e9.<\/p>\n<p>En mati\u00e8re de politique \u00e9trang\u00e8re, le Consul a soulign\u00e9 les principes directeurs qui cadrent l\u2019action diplomatique du Royaume \u00e0 savoir, la promotion des valeurs de paix, de compromis, de dialogue et le r\u00e8glement pacifique des diff\u00e9rends dans le cadre du droit international et le respect de la souverainet\u00e9, de l\u2019int\u00e9grit\u00e9 territoriale et de l\u2019unit\u00e9 nationale des \u00c9tats.<\/p>\n<p>Parmi les grandes orientations qui caract\u00e9risent la politique \u00e9trang\u00e8re du Maroc depuis l\u2019intronisation de SM le Roi, figure notamment la diversification des partenaires et la primaut\u00e9 de la question du Sahara marocain, a-t-elle expliqu\u00e9. La position g\u00e9ographique du Maroc, sa stabilit\u00e9 politique et son climat des affaires tr\u00e8s attractif, ainsi que son rayonnement \u00e0 l\u2019\u00e9chelle r\u00e9gionale et internationale en mati\u00e8re de lutte contre le changement climatique, le terrorisme et de l\u2019immigration clandestine, sont autant d\u2019atouts ayant favoris\u00e9 la diversification de ses relations ext\u00e9rieures et permis de consolider sa position sur la question du Sahara marocain.<\/p>\n<p>Le Consul a saisi cette occasion pour \u00e9clairer les \u00e9tudiants de l\u2019universit\u00e9 de Goethe sur les tenants et les aboutissants de la question nationale, en retra\u00e7ant les faits historiques et juridiques li\u00e9s \u00e0 ce conflit artificiel ainsi que son \u00e9volution au niveau des Nations Unies. Elle a en outre mis en exergue l\u2019Initiative marocaine pour la n\u00e9gociation d\u2019un statut d\u2019autonomie pour la r\u00e9gion du Sahara\u00a0\u00bb pr\u00e9sent\u00e9 en avril 2007 \u00e0 l\u2019ONU, en r\u00e9ponse \u00e0 l\u2019appel du Conseil de s\u00e9curit\u00e9.<\/p>\n<p>Cette initiative permet \u00e0 la population du Sahara de g\u00e9rer elle-m\u00eame ses politiques de fa\u00e7on d\u00e9mocratique, \u00e0 travers des organes l\u00e9gislatif, ex\u00e9cutif et judiciaire dot\u00e9s de comp\u00e9tences exclusives et de ressources financi\u00e8res autonomes, a expliqu\u00e9 le Consul.<\/p>\n<p>Et de conclure que l\u2019option d\u2019autonomie propos\u00e9e par le Maroc a \u00e9t\u00e9 qualifi\u00e9e de s\u00e9rieuse et cr\u00e9dible par plusieurs r\u00e9solutions du Conseil de S\u00e9curit\u00e9 y compris la r\u00e9solution 2602 du 29 octobre 2021, et par de nombreux pays, y compris l\u2019Allemagne qui la consid\u00e8re \u00ab comme une bonne base pour parvenir \u00e0 un accord\u00bb sur ce diff\u00e9rend r\u00e9gional.<\/p>\n<p>L\u2019article <a rel=\"nofollow\" href=\"http:\/\/albayane.press.ma\/la-dynamique-de-reformes-au-maroc-expliquee-aux-etudiants.html\">La dynamique de r\u00e9formes au Maroc expliqu\u00e9e aux \u00e9tudiants<\/a> est apparu en premier sur <a rel=\"nofollow\" href=\"http:\/\/albayane.press.ma\/\">ALBAYANE<\/a>.<\/p>\n<\/div>\n<p>Auteur: M&rsquo;hammed rahal<br \/>\n<a href=\"http:\/\/albayane.press.ma\/la-dynamique-de-reformes-au-maroc-expliquee-aux-etudiants.html\">Cliquez ici pour lire l&rsquo;article depuis sa source.<\/a><\/p>\n","protected":false},"excerpt":{"rendered":"<p>A l\u2019universit\u00e9 de Goethe La dynamique de r\u00e9formes au Maroc et l\u2019\u00e9volution positive que connait la question du Sahara marocain ont \u00e9t\u00e9 au centre d\u2019une vid\u00e9o-conf\u00e9rence anim\u00e9e, r\u00e9cemment, par le consul g\u00e9n\u00e9ral du Royaume \u00e0 Francfort, Bouthaina El Kerdoudi El Koulali \u00e0 l\u2019adresse des \u00e9tudiants de l\u2019Institut des Sciences Politiques de l\u2019universit\u00e9 de Goethe de [&hellip;]<\/p>\n","protected":false},"author":1760,"featured_media":0,"comment_status":"closed","ping_status":"closed","sticky":false,"template":"","format":"standard","meta":{"fifu_image_url":"","fifu_image_alt":"","footnotes":""},"categories":[73,54],"tags":[],"class_list":["post-140037","post","type-post","status-publish","format-standard","hentry","category-actualite","category-maroc"],"_links":{"self":[{"href":"https:\/\/linitiative.ca\/International\/wp-json\/wp\/v2\/posts\/140037","targetHints":{"allow":["GET"]}}],"collection":[{"href":"https:\/\/linitiative.ca\/International\/wp-json\/wp\/v2\/posts"}],"about":[{"href":"https:\/\/linitiative.ca\/International\/wp-json\/wp\/v2\/types\/post"}],"author":[{"embeddable":true,"href":"https:\/\/linitiative.ca\/International\/wp-json\/wp\/v2\/users\/1760"}],"replies":[{"embeddable":true,"href":"https:\/\/linitiative.ca\/International\/wp-json\/wp\/v2\/comments?post=140037"}],"version-history":[{"count":0,"href":"https:\/\/linitiative.ca\/International\/wp-json\/wp\/v2\/posts\/140037\/revisions"}],"wp:attachment":[{"href":"https:\/\/linitiative.ca\/International\/wp-json\/wp\/v2\/media?parent=140037"}],"wp:term":[{"taxonomy":"category","embeddable":true,"href":"https:\/\/linitiative.ca\/International\/wp-json\/wp\/v2\/categories?post=140037"},{"taxonomy":"post_tag","embeddable":true,"href":"https:\/\/linitiative.ca\/International\/wp-json\/wp\/v2\/tags?post=140037"}],"curies":[{"name":"wp","href":"https:\/\/api.w.org\/{rel}","templated":true}]}}