{"id":140039,"date":"2022-02-02T09:03:30","date_gmt":"2022-02-02T14:03:30","guid":{"rendered":"https:\/\/linitiative.ca\/International\/le-pps-exprime-sa-satisfaction-apres-la-decision-de-reouverture-des-frontieres\/"},"modified":"2022-02-02T09:03:30","modified_gmt":"2022-02-02T14:03:30","slug":"le-pps-exprime-sa-satisfaction-apres-la-decision-de-reouverture-des-frontieres","status":"publish","type":"post","link":"https:\/\/linitiative.ca\/International\/le-pps-exprime-sa-satisfaction-apres-la-decision-de-reouverture-des-frontieres\/","title":{"rendered":"Le PPS exprime sa satisfaction apr\u00e8s la d\u00e9cision de r\u00e9ouverture des fronti\u00e8res"},"content":{"rendered":"<div>\n<p class=\"has-text-align-center has-vivid-red-color has-text-color\"><strong>Communiqu\u00e9 du bureau politique du PPS<\/strong><\/p>\n<p class=\"has-text-color\" style=\"color:#063fe5\"><strong><em>Le bureau politique du Parti du Progr\u00e8s et du Socialisme a tenu, mardi 1<sup>er<\/sup>\u00a0f\u00e9vrier 2022, sa r\u00e9union p\u00e9riodique et examin\u00e9 de nombreuses questions d\u2019ordre \u00a0national et d\u2019autres en rapport avec la vie interne du parti.<\/em><\/strong><\/p>\n<p>Au d\u00e9but de sa r\u00e9union, le bureau politique a exprim\u00e9 sa satisfaction \u00e0 l\u2019\u00e9gard de la d\u00e9cision de r\u00e9ouverture des fronti\u00e8res de notre pays, \u00e0 laquelle le Parti du Progr\u00e8s et du Socialisme avait appel\u00e9 \u00e0 l\u2019instar de divers voix et milieux dans la soci\u00e9t\u00e9. Il consid\u00e8re que cette importante d\u00e9cision aura un impact positif sur les plans \u00e9conomique, social et humain.<\/p>\n<p>Dans ce cadre, le Parti du Progr\u00e8s et du Socialisme aspire \u00e0 ce que cette nouvelle \u00e9tape constitue le pr\u00e9lude au retour \u00e0 une vie normale dans toutes ses dimensions dans notre pays, pour qu\u2019il fasse partie des premiers Etats \u00e0 d\u00e9passer l\u2019\u00e9preuve de la pand\u00e9mie, en limitant les dommages sur les plans sanitaires, sociaux et \u00e9conomiques, mais \u00e9galement en r\u00e9ussissant \u00e0 transformer cette crise en opportunit\u00e9s v\u00e9ritables pour l\u2019\u00e9volution \u00e9conomique et sociale.<\/p>\n<p class=\"has-vivid-cyan-blue-color has-text-color\"><strong>Appel \u00e0 la vaccination pour atteindre l\u2019immunit\u00e9 collective<\/strong><\/p>\n<p>A cette fin, le Parti du Progr\u00e8s et du Socialisme lance un appel pressant \u00e0 l\u2019ensemble des citoyennes et des citoyens \u00e0 se faire vacciner, en particulier pour la troisi\u00e8me dose. Il s\u2019agit l\u00e0 du moyen le plus efficace, \u00e0 ce jour, pour atteindre l\u2019immunit\u00e9 collective, endiguer la propagation de la pand\u00e9mie et permettre \u00e0 notre pays de continuer \u00e0 maitriser les indicateurs des contaminations, des infections graves et des d\u00e9c\u00e8s. Dans le m\u00eame temps, le bureau politique invite le gouvernement \u00e0 mener de larges campagnes sur le terrain et aux niveaux\u00a0 sectoriels visant la sensibilisation \u00e0l\u2019importance de la vaccination et \u00e0 sa g\u00e9n\u00e9ralisation, afin de vaincre la pand\u00e9mie et retrouver, partout et pour tout le monde, le rythme et les aspects de la vie normale et naturelle.<\/p>\n<p class=\"has-vivid-cyan-blue-color has-text-color\"><strong>N\u00e9cessit\u00e9 de prendre des mesures \u00e9conomiques et sociales et de renforcer l\u2019espace d\u00e9mocratique pour faire face aux r\u00e9percussions de la pand\u00e9mie<\/strong><\/p>\n<p>Parall\u00e8lement, le Parti du Progr\u00e8s et du Socialisme insiste sur la n\u00e9cessit\u00e9 pour le gouvernement de prendre des mesures fortes pour soutenir l\u2019\u00e9conomie nationale et sauvegarder les entreprises nationales, en particulier les petites et les moyennes, et ce dans le cadre d\u2019un plan clair et pr\u00e9cis pour la relance de l\u2019\u00e9conomie qui englobe l\u2019ensemble des secteurs et des m\u00e9tiers. Il souligne \u00e9galement que la difficile situation sociale que vient de larges couches de notre peuple requiert du gouvernement de prendre les mesures n\u00e9cessaires et effectives pour att\u00e9nuer le poids et les r\u00e9percussions de la pand\u00e9mie et prot\u00e9ger le pouvoir d\u2019achat des citoyennes et des citoyens, en particulier\u00a0 les plus d\u00e9munis, face \u00e0 l\u2019augmentation inqui\u00e9tante des prix.<\/p>\n<p>Le d\u00e9passement avec succ\u00e8s des difficult\u00e9s de cette phase n\u00e9cessite \u00e9galement une forte mobilisation nationale et une solide coh\u00e9sion sociale. Il convient ainsi de cr\u00e9er un climat d\u00e9mocratique positif qui permette le r\u00e9tablissement de la confiance et de la cr\u00e9dibilit\u00e9 et qui se fonde sur la communication, le dialogue, la participation, la concertation, la mise en \u0153uvre optimale de la Constitution, la valorisation de l\u2019action des partis politiques et des institutions \u00e9lues, l\u2019ouverture des m\u00e9dias publics aux diff\u00e9rents acteurs sociaux et la promotion de l\u2019espace des libert\u00e9s, de l\u2019\u00e9galit\u00e9 et des droits humains.<\/p>\n<p class=\"has-vivid-cyan-blue-color has-text-color\"><strong>L\u2019importance de la promotion de la culture et de la r\u00e9ussite de la r\u00e9forme de l\u2019enseignement<\/strong><\/p>\n<p>Dans le sillage du d\u00e9bat qui a eu lieu \u00e0 la Chambre des repr\u00e9sentants au cours de la derni\u00e8re s\u00e9ance pl\u00e9ni\u00e8re des questions orales mensuelles adress\u00e9es au chef du gouvernement, le Parti du Progr\u00e8s et du Socialisme insiste de nouveau sur l\u2019importance majeure que rev\u00eat la promotion de la question culturelle et de la situation des intellectuels, des artistes et des cr\u00e9ateurs dans notre pays tant au niveau des valeurs qu\u2019au niveau \u00e9conomique et social.<\/p>\n<p>A cette occasion, le bureau politique appr\u00e9cie hautement la teneur de l\u2019intervention pertinente pr\u00e9sent\u00e9e par le groupe parlementaire du parti \u00e0 ce sujet et ses propositions constructives pour le d\u00e9veloppement des industries culturelles et cr\u00e9atives, l\u2019essor de toutes les expressions culturelles nationales, l\u2019am\u00e9lioration des conditions de vie difficiles des acteurs du champ culturel et la promotion effective de la question amazighe.<\/p>\n<p>En rapport avec la question de l\u2019enseignement, le bureau politique a enregistr\u00e9 positivement la poursuite du dialogue social li\u00e9 au dossier des enseignants contractuels dans le but de cr\u00e9er le climat propice \u00e0 l\u2019implication de tous les acteurs du secteur de l\u2019enseignement dans les r\u00e9formes n\u00e9cessaires du syst\u00e8me de l\u2019\u00e9ducation et de la formation et de l\u2019\u00e9cole marocaine, et ce pour consacrer un enseignement national qui se distingue par la qualit\u00e9 et l\u2019ouverture et qui assure l\u2019\u00e9galit\u00e9 des chances devant tous les enfants de notre pays.<\/p>\n<p class=\"has-vivid-cyan-blue-color has-text-color\"><strong>Poursuite du d\u00e9bat encadrant la perspective du onzi\u00e8me congr\u00e8s national<\/strong><\/p>\n<p>Concernant le d\u00e9bat interne lanc\u00e9 au sein du parti dans la perspective de son onzi\u00e8me congr\u00e8s national, le bureau politique a convenu d\u2019organiser deux rencontres nationales \u00e0 distance, la premi\u00e8re jeudi 3 f\u00e9vrier 2022 \u00e0 propos des questions id\u00e9ologiques et politiques et la deuxi\u00e8me mercredi 9 f\u00e9vrier 2022 au sujet des questions organisationnelles et communicationnelles. Il a\u00a0\u00a0\u00a0 \u00e9galement renouvel\u00e9 son invitation aux sections provinciales du parti pour initier l\u2019organisation de rencontres qui renforcent l\u2019implication de toutes les capacit\u00e9s partisanes dans ce d\u00e9bat.<\/p>\n<p>L\u2019article <a rel=\"nofollow\" href=\"http:\/\/albayane.press.ma\/le-pps-exprime-sa-satisfaction-apres-la-decision-de-reouverture-des-frontieres.html\">Le PPS exprime sa satisfaction apr\u00e8s la d\u00e9cision de r\u00e9ouverture des fronti\u00e8res<\/a> est apparu en premier sur <a rel=\"nofollow\" href=\"http:\/\/albayane.press.ma\/\">ALBAYANE<\/a>.<\/p>\n<\/div>\n<p>Auteur: M&rsquo;hammed rahal<br \/>\n<a href=\"http:\/\/albayane.press.ma\/le-pps-exprime-sa-satisfaction-apres-la-decision-de-reouverture-des-frontieres.html\">Cliquez ici pour lire l&rsquo;article depuis sa source.<\/a><\/p>\n","protected":false},"excerpt":{"rendered":"<p>Communiqu\u00e9 du bureau politique du PPS Le bureau politique du Parti du Progr\u00e8s et du Socialisme a tenu, mardi 1er\u00a0f\u00e9vrier 2022, sa r\u00e9union p\u00e9riodique et examin\u00e9 de nombreuses questions d\u2019ordre \u00a0national et d\u2019autres en rapport avec la vie interne du parti. Au d\u00e9but de sa r\u00e9union, le bureau politique a exprim\u00e9 sa satisfaction \u00e0 l\u2019\u00e9gard [&hellip;]<\/p>\n","protected":false},"author":1760,"featured_media":0,"comment_status":"closed","ping_status":"closed","sticky":false,"template":"","format":"standard","meta":{"fifu_image_url":"","fifu_image_alt":"","footnotes":""},"categories":[73,54],"tags":[],"class_list":["post-140039","post","type-post","status-publish","format-standard","hentry","category-actualite","category-maroc"],"_links":{"self":[{"href":"https:\/\/linitiative.ca\/International\/wp-json\/wp\/v2\/posts\/140039","targetHints":{"allow":["GET"]}}],"collection":[{"href":"https:\/\/linitiative.ca\/International\/wp-json\/wp\/v2\/posts"}],"about":[{"href":"https:\/\/linitiative.ca\/International\/wp-json\/wp\/v2\/types\/post"}],"author":[{"embeddable":true,"href":"https:\/\/linitiative.ca\/International\/wp-json\/wp\/v2\/users\/1760"}],"replies":[{"embeddable":true,"href":"https:\/\/linitiative.ca\/International\/wp-json\/wp\/v2\/comments?post=140039"}],"version-history":[{"count":0,"href":"https:\/\/linitiative.ca\/International\/wp-json\/wp\/v2\/posts\/140039\/revisions"}],"wp:attachment":[{"href":"https:\/\/linitiative.ca\/International\/wp-json\/wp\/v2\/media?parent=140039"}],"wp:term":[{"taxonomy":"category","embeddable":true,"href":"https:\/\/linitiative.ca\/International\/wp-json\/wp\/v2\/categories?post=140039"},{"taxonomy":"post_tag","embeddable":true,"href":"https:\/\/linitiative.ca\/International\/wp-json\/wp\/v2\/tags?post=140039"}],"curies":[{"name":"wp","href":"https:\/\/api.w.org\/{rel}","templated":true}]}}