{"id":140040,"date":"2022-02-02T09:08:33","date_gmt":"2022-02-02T14:08:33","guid":{"rendered":"https:\/\/linitiative.ca\/International\/diversite-naissance-de-lassociation-salam-lekoulam\/"},"modified":"2022-02-02T09:08:33","modified_gmt":"2022-02-02T14:08:33","slug":"diversite-naissance-de-lassociation-salam-lekoulam","status":"publish","type":"post","link":"https:\/\/linitiative.ca\/International\/diversite-naissance-de-lassociation-salam-lekoulam\/","title":{"rendered":"Diversit\u00e9: naissance de l\u2019Association \u00abSALAM LEKOULAM\u00bb"},"content":{"rendered":"<div>\n<p class=\"has-vivid-cyan-blue-color has-text-color\"><strong>Une nouvelle Association baptis\u00e9e \u00ab\u00a0SALAM LEKOULAM\u00a0\u00bb vient de voir le jour, avec l\u2019objectif d\u2019unir les forces, les comp\u00e9tences, les talents et la diversit\u00e9 des Marocains, musulmans et juifs, pour les mettre au service de leur d\u00e9nominateur commun, le Maroc, et de tous les Marocains.<\/strong><\/p>\n<p>\u00ab\u00a0SALAM LEKOULAM\u00a0\u00bb pr\u00e9cise, dans un communiqu\u00e9, que sa d\u00e9nomination est compos\u00e9e de deux mots issus des deux religions (Islam et Juda\u00efsme), qui symbolise l\u2019identit\u00e9 marocaine.<\/p>\n<p>\u00ab\u00a0Musulmans et Juifs du Maroc, d\u2019Isra\u00ebl, de France et du Monde sont soucieux de tisser un lien identitaire, un lien fraternel et solidaire, semblable \u00e0 un fil arachn\u00e9en, pour construire ensemble l\u2019avenir\u00a0\u00bb, souligne l\u2019association, dont le Pr\u00e9sident d\u2019honneur est M. Andr\u00e9 Azoulay, Conseiller de SM le Roi.<\/p>\n<p>\u00ab\u00a0Le Maroc a besoin de tous ses enfants et nous avons tous besoin du Maroc\u00a0\u00bb, soutient la m\u00eame source.<\/p>\n<p>\u00ab\u00a0SALAM LEKOULAM\u00a0\u00bb se veut une nouvelle structure pour notamment redonner du sens, du contenu et du concret au mot \u00ab\u00a0Tamaghrabite\u00a0\u00bb (appartenance \u00e0 un Maroc pluriel, divers, tol\u00e9rant\u2026comme grav\u00e9 dans le pr\u00e9ambule de la Constitution), se souvenir sans nostalgie pour se projeter dans l\u2019avenir, retisser les liens en particulier aupr\u00e8s des nouvelles g\u00e9n\u00e9rations, en aidant la jeunesse \u00e0 se r\u00e9approprier son identit\u00e9 plurielle, assurer le r\u00f4le de g\u00e9n\u00e9ration charni\u00e8re entre ceux ayant v\u00e9cu concr\u00e8tement le vivre-ensemble et ceux qui veulent le r\u00e9inventer, avec la culture comme \u00ab\u00a0arme\u00a0\u00bb d\u2019instruction massive.<\/p>\n<p>L\u2019association s\u2019assigne pour principaux objectifs de faire entendre une voix commune sur les grands d\u00e9fis qui se posent ici et ailleurs et combattre ensemble le(s) racisme(s), l\u2019antis\u00e9mitisme, l\u2019islamophobie, la stigmatisation, de communiquer et influer mutuellement et avec honn\u00eatet\u00e9 sur l\u2019actualit\u00e9 et les d\u00e9fis des soci\u00e9t\u00e9s dans lesquelles nous vivons.<\/p>\n<p>Il s\u2019agit aussi \u00ab\u00a0de dialoguer, \u00e9changer et de s\u2019interroger sur les grandes questions de soci\u00e9t\u00e9, avec toujours le souci de rechercher la voix du juste milieu, de faire vivre notre culture commune et l\u2019enrichir sans cesse, par des activit\u00e9s artistiques, sociales, sportives, humanitaires -rassembleuses, novatrices, mobilisatrices- et d\u2019offrir \u00e0 notre creuset commun : le Maroc, des opportunit\u00e9s porteuses d\u2019avenir\u00a0\u00bb, explique-t-on.<\/p>\n<p>\u00ab\u00a0Notre population en g\u00e9n\u00e9ral \u2013 \u00e0 l\u2019int\u00e9rieur du Royaume ou en diaspora- et les nouvelles g\u00e9n\u00e9rations en particulier, ont besoin de d\u00e9couvrir, de s\u2019ouvrir, d\u2019apprendre, d\u2019\u00eatre abreuv\u00e9e culturellement, de se r\u00e9approprier notre Histoire et notre identit\u00e9\u00a0\u00bb, affirme l\u2019association, pr\u00e9cisant qu\u2019\u00a0\u00bbil nous faut donc innover -sur le terrain et sur le net, les r\u00e9seaux sociaux, les m\u00e9dias, les productions artistiques- et sortir des sentiers battus et des paroles non suivis d\u2019actes, par des actions novatrices\u00a0\u00bb.<\/p>\n<p>Pr\u00e9sid\u00e9 par M. J\u00e9r\u00e9mie Dahan, le bureau de l\u2019association \u00ab\u00a0SALAM LEKOULAM\u00a0\u00bb se compose aussi de Aalya Ghouli (Vice-Pr\u00e9sidente), Ahmed Ghayat (Secr\u00e9taire g\u00e9n\u00e9ral), Yannick Soussana Assor (Secr\u00e9taire G\u00e9n\u00e9rale Adjointe), Said Ryare (Tr\u00e9sorier), Sa\u00e2d Charkioui (Tr\u00e9sorier Adjoint), Maxime Karoutchi (Conseiller artistique), Zakaria Affi (Conseiller sport pour la paix) et Julien Nouchi (Conseiller juridique).<\/p>\n<p>Il comprend \u00e9galement des conseillers jeunesse (Otmane Mazzine, Youssef Kandal\u00ec), un conseiller solidarit\u00e9 (Daniel Assor), ainsi que des ambassadeurs (Ilana Nelson-Isra\u00ebl, Yassine Bakkari-France, et Latifa Bakkari-France).<\/p>\n<p>\u00ab\u00a0La composition plurielle de notre Bureau est l\u2019illustration de notre volont\u00e9 de positionner SALAM LEKOULAM, clairement et sans ambigu\u00eft\u00e9s, autour de l\u2019Humain. SALAM LEKOULAM n\u2019a pas pour vocation de se substituer aux \u00c9tats\u00a0\u00bb, soutient l\u2019Association.<\/p>\n<p>L\u2019article <a rel=\"nofollow\" href=\"http:\/\/albayane.press.ma\/diversite-naissance-de-lassociation-salam-lekoulam.html\">Diversit\u00e9: naissance de l\u2019Association \u00abSALAM LEKOULAM\u00bb<\/a> est apparu en premier sur <a rel=\"nofollow\" href=\"http:\/\/albayane.press.ma\/\">ALBAYANE<\/a>.<\/p>\n<\/div>\n<p>Auteur: M&rsquo;hammed rahal<br \/>\n<a href=\"http:\/\/albayane.press.ma\/diversite-naissance-de-lassociation-salam-lekoulam.html\">Cliquez ici pour lire l&rsquo;article depuis sa source.<\/a><\/p>\n","protected":false},"excerpt":{"rendered":"<p>Une nouvelle Association baptis\u00e9e \u00ab\u00a0SALAM LEKOULAM\u00a0\u00bb vient de voir le jour, avec l\u2019objectif d\u2019unir les forces, les comp\u00e9tences, les talents et la diversit\u00e9 des Marocains, musulmans et juifs, pour les mettre au service de leur d\u00e9nominateur commun, le Maroc, et de tous les Marocains. \u00ab\u00a0SALAM LEKOULAM\u00a0\u00bb pr\u00e9cise, dans un communiqu\u00e9, que sa d\u00e9nomination est compos\u00e9e [&hellip;]<\/p>\n","protected":false},"author":1760,"featured_media":0,"comment_status":"closed","ping_status":"closed","sticky":false,"template":"","format":"standard","meta":{"fifu_image_url":"","fifu_image_alt":"","footnotes":""},"categories":[73,54],"tags":[],"class_list":["post-140040","post","type-post","status-publish","format-standard","hentry","category-actualite","category-maroc"],"_links":{"self":[{"href":"https:\/\/linitiative.ca\/International\/wp-json\/wp\/v2\/posts\/140040","targetHints":{"allow":["GET"]}}],"collection":[{"href":"https:\/\/linitiative.ca\/International\/wp-json\/wp\/v2\/posts"}],"about":[{"href":"https:\/\/linitiative.ca\/International\/wp-json\/wp\/v2\/types\/post"}],"author":[{"embeddable":true,"href":"https:\/\/linitiative.ca\/International\/wp-json\/wp\/v2\/users\/1760"}],"replies":[{"embeddable":true,"href":"https:\/\/linitiative.ca\/International\/wp-json\/wp\/v2\/comments?post=140040"}],"version-history":[{"count":0,"href":"https:\/\/linitiative.ca\/International\/wp-json\/wp\/v2\/posts\/140040\/revisions"}],"wp:attachment":[{"href":"https:\/\/linitiative.ca\/International\/wp-json\/wp\/v2\/media?parent=140040"}],"wp:term":[{"taxonomy":"category","embeddable":true,"href":"https:\/\/linitiative.ca\/International\/wp-json\/wp\/v2\/categories?post=140040"},{"taxonomy":"post_tag","embeddable":true,"href":"https:\/\/linitiative.ca\/International\/wp-json\/wp\/v2\/tags?post=140040"}],"curies":[{"name":"wp","href":"https:\/\/api.w.org\/{rel}","templated":true}]}}