{"id":140042,"date":"2022-02-02T05:27:21","date_gmt":"2022-02-02T10:27:21","guid":{"rendered":"https:\/\/linitiative.ca\/International\/previsions-meteorologiques-pour-le-jeudi-03-fevrier-2022\/"},"modified":"2022-02-02T05:27:21","modified_gmt":"2022-02-02T10:27:21","slug":"previsions-meteorologiques-pour-le-jeudi-03-fevrier-2022","status":"publish","type":"post","link":"https:\/\/linitiative.ca\/International\/previsions-meteorologiques-pour-le-jeudi-03-fevrier-2022\/","title":{"rendered":"Pr\u00e9visions m\u00e9t\u00e9orologiques pour le jeudi 03 f\u00e9vrier 2022"},"content":{"rendered":"<div>\n<div style=\"margin-bottom:20px;\"><img loading=\"lazy\" decoding=\"async\" width=\"750\" height=\"430\" src=\"https:\/\/linitiative.ca\/International\/wp-content\/uploads\/sites\/23\/2022\/02\/soleil-3.jpg\" class=\"attachment-post-thumbnail size-post-thumbnail wp-post-image\" alt=\"\" srcset=\"https:\/\/linitiative.ca\/International\/wp-content\/uploads\/sites\/23\/2022\/02\/soleil-3.jpg 750w, https:\/\/www.mapmarrakech.ma\/map\/uploads\/2021\/10\/soleil-3-300x172.jpg 300w\" sizes=\"auto, (max-width: 750px) 100vw, 750px\"><\/div>\n<p>\u2013 Ond\u00e9es \u00e9parses sur les Haut et Anti-Atlas, le Sud-Est et le Nord-Ouest des Provinces Sud.<\/p>\n<p>\u2013 Formations brumeuses locales sur les c\u00f4tes Nord.<\/p>\n<p>\u2013 Chasse-poussi\u00e8res par endroits sur les Provinces Sud.<\/p>\n<p>\u2013 Vent mod\u00e9r\u00e9 de secteur Est sur le Sud.<\/p>\n<p>\u2013 Temps assez froid avec gel\u00e9e locale sur l\u2019Atlas et les Hauts plateaux.<\/p>\n<p>\u2013 Temp\u00e9ratures minimales de l\u2019ordre de -02\/04\u00b0C sur l\u2019Atlas et le Sud de l\u2019Oriental, de 04\/09\u00b0C sur le Nord de l\u2019Oriental, le Rif, la M\u00e9diterran\u00e9e et le Sud-Est, de 09\/14\u00b0C sur les plaines et le Nord-est des Provinces Sud et de 14\/20\u00b0C ailleurs.<\/p>\n<p>\u2013 Temp\u00e9ratures du jour en l\u00e9g\u00e8re baisse sur la partie Sud du pays et en hausse sur la partie Nord.<\/p>\n<p>\u2013 Mer belle \u00e0 peu agit\u00e9e sur la M\u00e9diterran\u00e9e, le D\u00e9troit et au Nord de Mehdia, peu agit\u00e9e \u00e0 agit\u00e9e ailleurs.<\/p>\n<p>The post <a rel=\"nofollow\" href=\"https:\/\/www.mapmarrakech.ma\/fr\/previsions-meteorologiques-pour-le-jeudi-03-fevrier-2022\/\">Pr\u00e9visions m\u00e9t\u00e9orologiques pour le jeudi 03 f\u00e9vrier 2022<\/a> appeared first on <a rel=\"nofollow\" href=\"https:\/\/www.mapmarrakech.ma\/fr\">MapMarrakech<\/a>.<\/p>\n<\/div>\n<p>Auteur: Meriem IGASS<br \/>\n<a href=\"https:\/\/www.mapmarrakech.ma\/fr\/previsions-meteorologiques-pour-le-jeudi-03-fevrier-2022\/\">Cliquez ici pour lire l&rsquo;article depuis sa source.<\/a><\/p>\n","protected":false},"excerpt":{"rendered":"<p>\u2013 Ond\u00e9es \u00e9parses sur les Haut et Anti-Atlas, le Sud-Est et le Nord-Ouest des Provinces Sud. \u2013 Formations brumeuses locales sur les c\u00f4tes Nord. \u2013 Chasse-poussi\u00e8res par endroits sur les Provinces Sud. \u2013 Vent mod\u00e9r\u00e9 de secteur Est sur le Sud. \u2013 Temps assez froid avec gel\u00e9e locale sur l\u2019Atlas et les Hauts plateaux. \u2013 [&hellip;]<\/p>\n","protected":false},"author":1788,"featured_media":0,"comment_status":"closed","ping_status":"closed","sticky":false,"template":"","format":"standard","meta":{"fifu_image_url":"https:\/\/www.mapmarrakech.ma\/map\/uploads\/2021\/10\/soleil-3.jpg","fifu_image_alt":"Pr\u00e9visions m\u00e9t\u00e9orologiques pour le jeudi 03 f\u00e9vrier 2022","footnotes":""},"categories":[54,76],"tags":[],"class_list":["post-140042","post","type-post","status-publish","format-standard","hentry","category-maroc","category-regions"],"_links":{"self":[{"href":"https:\/\/linitiative.ca\/International\/wp-json\/wp\/v2\/posts\/140042","targetHints":{"allow":["GET"]}}],"collection":[{"href":"https:\/\/linitiative.ca\/International\/wp-json\/wp\/v2\/posts"}],"about":[{"href":"https:\/\/linitiative.ca\/International\/wp-json\/wp\/v2\/types\/post"}],"author":[{"embeddable":true,"href":"https:\/\/linitiative.ca\/International\/wp-json\/wp\/v2\/users\/1788"}],"replies":[{"embeddable":true,"href":"https:\/\/linitiative.ca\/International\/wp-json\/wp\/v2\/comments?post=140042"}],"version-history":[{"count":0,"href":"https:\/\/linitiative.ca\/International\/wp-json\/wp\/v2\/posts\/140042\/revisions"}],"wp:attachment":[{"href":"https:\/\/linitiative.ca\/International\/wp-json\/wp\/v2\/media?parent=140042"}],"wp:term":[{"taxonomy":"category","embeddable":true,"href":"https:\/\/linitiative.ca\/International\/wp-json\/wp\/v2\/categories?post=140042"},{"taxonomy":"post_tag","embeddable":true,"href":"https:\/\/linitiative.ca\/International\/wp-json\/wp\/v2\/tags?post=140042"}],"curies":[{"name":"wp","href":"https:\/\/api.w.org\/{rel}","templated":true}]}}