{"id":140044,"date":"2022-02-02T08:56:36","date_gmt":"2022-02-02T13:56:36","guid":{"rendered":"https:\/\/linitiative.ca\/International\/la-plaine-de-sebra-un-bassin-agrumicole-fertile-de-loriental\/"},"modified":"2022-02-02T08:56:36","modified_gmt":"2022-02-02T13:56:36","slug":"la-plaine-de-sebra-un-bassin-agrumicole-fertile-de-loriental","status":"publish","type":"post","link":"https:\/\/linitiative.ca\/International\/la-plaine-de-sebra-un-bassin-agrumicole-fertile-de-loriental\/","title":{"rendered":"La plaine de Sebra, un bassin agrumicole fertile de l\u2019Oriental"},"content":{"rendered":"<div>\n<div style=\"margin-bottom:20px;\"><img loading=\"lazy\" decoding=\"async\" width=\"750\" height=\"430\" src=\"https:\/\/linitiative.ca\/International\/wp-content\/uploads\/sites\/23\/2022\/02\/Les-agrumes-de-berkane-M750C397430-MAP.jpg\" class=\"attachment-post-thumbnail size-post-thumbnail wp-post-image\" alt=\"\" srcset=\"https:\/\/linitiative.ca\/International\/wp-content\/uploads\/sites\/23\/2022\/02\/Les-agrumes-de-berkane-M750C397430-MAP.jpg 750w, https:\/\/www.mapoujda.ma\/map\/uploads\/2022\/02\/Les-agrumes-de-berkane-M750\u00d7430-MAP-300x172.jpg 300w\" sizes=\"auto, (max-width: 750px) 100vw, 750px\"><\/div>\n<p style=\"text-align: justify;\">Si la province de Berkane constitue le principal producteur d\u2019agrumes de l\u2019Oriental, la r\u00e9gion compte d\u2019autres zones agrumicoles de grande importance, dans la plaine de Sebra, dans la province de Nador.<\/p>\n<p style=\"text-align: justify;\">Situ\u00e9e au niveau de la commune d\u2019Oulad Settout, pr\u00e8s de Zaio, cette plaine fertile s\u2019\u00e9tend sur une superficie de pr\u00e8s de 5.600 ha et conna\u00eet une pr\u00e9dominance de la culture des agrumes, qui couvre pr\u00e8s de 55 pc de ce p\u00e9rim\u00e8tre irrigu\u00e9.<\/p>\n<p style=\"text-align: justify;\">Il s\u2019agit en effet de 3.100 ha r\u00e9serv\u00e9s \u00e0 cette arboriculture, r\u00e9partis sur 1.100 ha consacr\u00e9s aux petits fruits et 2.000 ha r\u00e9serv\u00e9s \u00e0 l\u2019orange Navel.<\/p>\n<p style=\"text-align: justify;\">L\u2019agrumiculture de la plaine de Sebra se d\u00e9marque par sa diversit\u00e9, avec plusieurs vari\u00e9t\u00e9s produites, principalement la Navelina, qui se distingue par plusieurs caract\u00e9ristiques, notamment sa maturit\u00e9 pr\u00e9coce, sa r\u00e9colte commen\u00e7ant depuis le d\u00e9but de janvier et jusqu\u2019\u00e0 fin f\u00e9vrier, ainsi que son importante productivit\u00e9, pouvant atteindre 40 t\/ha.<\/p>\n<p style=\"text-align: justify;\">Interrog\u00e9 par M24, la cha\u00eene d\u2019information en continue de la MAP, Ahmed El Amrani, ing\u00e9nieur en g\u00e9nie rural \u00e0 l\u2019Office r\u00e9gional de mise en valeur agricole de la Moulouya (ORMVAM), a soulign\u00e9 que cette vari\u00e9t\u00e9 est particuli\u00e8rement appr\u00e9ci\u00e9e par les interm\u00e9diaires et les commer\u00e7ants, car elle est pris\u00e9e par le consommateur pour ses qualit\u00e9s nutritionnelles, son go\u00fbt d\u00e9licieux d\u00fb \u00e0 une forte concentration de sucre et son volume g\u00e9n\u00e9reux.<\/p>\n<p style=\"text-align: justify;\">Il a aussi relev\u00e9 la contribution de la culture des agrumes du p\u00e9rim\u00e8tre irrigu\u00e9 de Sebra \u00e0 la dynamique \u00e9conomique de la r\u00e9gion \u00e0 travers la cr\u00e9ation d\u2019opportunit\u00e9s d\u2019emploi, avec pr\u00e8s de 264.000 journ\u00e9es de travail cr\u00e9\u00e9es chaque ann\u00e9e.<\/p>\n<p style=\"text-align: justify;\">Cette zone contribue aussi \u00e0 la production globale d\u2019agrumes de la r\u00e9gion, avec un volume de production devant atteindre cette ann\u00e9e 50.000 t, et ce gr\u00e2ce \u00e0 la bonne gestion des ressources en eau, sachant qu\u2019une part importante de l\u2019eau d\u2019irrigation est r\u00e9serv\u00e9e \u00e0 la culture des agrumes, a ajout\u00e9 M. El Amrani.<\/p>\n<p style=\"text-align: justify;\">A noter que la production d\u2019agrumes au niveau du p\u00e9rim\u00e8tre irrigu\u00e9 de la Moulouya devrait atteindre un volume d\u2019environ 460.000 t durant la saison agricole 2021-2022, selon les chiffres de la direction r\u00e9gionale de l\u2019Agriculture de l\u2019Oriental.<\/p>\n<p style=\"text-align: justify;\">Ce chiffre, en progression de 10 pc par rapport aux r\u00e9sultats de l\u2019ann\u00e9e pr\u00e9c\u00e9dente, comporte 205.000 t de cl\u00e9mentines, pour un rendement de 20,1 t\/ha, et 159.000 t d\u2019oranges Navel, soit un rendement de 24,8 t\/ha.<\/p>\n<p style=\"text-align: justify;\">Ces estimations restent soumises aux conditions climatiques de la r\u00e9gion durant les prochaines semaines, et leur impact sur les pr\u00e9cipitations et les r\u00e9serves en eau d\u2019irrigation, note la m\u00eame source.<\/p>\n<p style=\"text-align: justify;\">A cet \u00e9gard, et devant le contexte climatique difficile et le manque des ressources en eau dans le complexe hydraulique de la Moulouya, l\u2019ORMVAM a pris plusieurs mesures visant \u00e0 rationaliser la gestion de la r\u00e9partition des eaux d\u2019irrigation au niveau de l\u2019ensemble des zones de production de ce p\u00e9rim\u00e8tre, notamment en fournissant les producteurs en eau au cours des phases les plus importantes de croissance des fruits.<\/p>\n<p style=\"text-align: justify;\">Ces mesures portent aussi sur la mise en service continue des deux stations de pompage sur les rives gauche et droite de la Moulouya, sachant que les exploitations \u00e9quip\u00e9es en goutte-\u00e0-goutte, qui repr\u00e9sentent actuellement 80 pc de la surface totale destin\u00e9e aux agrumes, disposent de bassins de stockage d\u2019eau, qui aident sensiblement \u00e0 mieux organiser et rationaliser l\u2019op\u00e9ration de l\u2019irrigation.<\/p>\n<p style=\"text-align: justify;\">Pour l\u2019ensemble du bassin de la Moulouya, la superficie cultiv\u00e9e en agrumes a atteint 21.600 ha, dont 65 pc destin\u00e9s aux petits fruits, et cette superficie repr\u00e9sente 17 pc de la surface globale destin\u00e9e \u00e0 cette culture au niveau national.<\/p>\n<p style=\"text-align: justify;\">L\u2019agrumiculture a un impact tr\u00e8s positif sur l\u2019\u00e9conomie au niveau de ce bassin irrigu\u00e9, avec une valeur ajout\u00e9e de 1,2 milliard de dirhams (MDH), repr\u00e9sentant 23 pc de la valeur globale du secteur de production v\u00e9g\u00e9tale, ce qui permet de g\u00e9n\u00e9rer plus de 2,8 millions de journ\u00e9es de travail par an au niveau des fermes et des stations de conditionnement et d\u2019emballage, sans oublier la contribution aux rentr\u00e9es en devises.<\/p>\n<p>L\u2019article <a rel=\"nofollow\" href=\"https:\/\/www.mapoujda.ma\/fr\/la-plaine-de-sebra-un-bassin-agrumicole-fertile-de-loriental\/\">La plaine de Sebra, un bassin agrumicole fertile de l\u2019Oriental<\/a> est apparu en premier sur <a rel=\"nofollow\" href=\"https:\/\/www.mapoujda.ma\/fr\">MapOujda<\/a>.<\/p>\n<\/div>\n<p>Auteur: Soufiane ELAHMAR<br \/>\n<a href=\"https:\/\/www.mapoujda.ma\/fr\/la-plaine-de-sebra-un-bassin-agrumicole-fertile-de-loriental\/\">Cliquez ici pour lire l&rsquo;article depuis sa source.<\/a><\/p>\n","protected":false},"excerpt":{"rendered":"<p>Si la province de Berkane constitue le principal producteur d\u2019agrumes de l\u2019Oriental, la r\u00e9gion compte d\u2019autres zones agrumicoles de grande importance, dans la plaine de Sebra, dans la province de Nador. Situ\u00e9e au niveau de la commune d\u2019Oulad Settout, pr\u00e8s de Zaio, cette plaine fertile s\u2019\u00e9tend sur une superficie de pr\u00e8s de 5.600 ha et [&hellip;]<\/p>\n","protected":false},"author":1788,"featured_media":0,"comment_status":"closed","ping_status":"closed","sticky":false,"template":"","format":"standard","meta":{"fifu_image_url":"https:\/\/www.mapoujda.ma\/map\/uploads\/2022\/02\/Les-agrumes-de-berkane-M750\u00d7430-MAP.jpg","fifu_image_alt":"La plaine de Sebra, un bassin agrumicole fertile de l\u2019Oriental","footnotes":""},"categories":[54,76],"tags":[],"class_list":["post-140044","post","type-post","status-publish","format-standard","hentry","category-maroc","category-regions"],"_links":{"self":[{"href":"https:\/\/linitiative.ca\/International\/wp-json\/wp\/v2\/posts\/140044","targetHints":{"allow":["GET"]}}],"collection":[{"href":"https:\/\/linitiative.ca\/International\/wp-json\/wp\/v2\/posts"}],"about":[{"href":"https:\/\/linitiative.ca\/International\/wp-json\/wp\/v2\/types\/post"}],"author":[{"embeddable":true,"href":"https:\/\/linitiative.ca\/International\/wp-json\/wp\/v2\/users\/1788"}],"replies":[{"embeddable":true,"href":"https:\/\/linitiative.ca\/International\/wp-json\/wp\/v2\/comments?post=140044"}],"version-history":[{"count":0,"href":"https:\/\/linitiative.ca\/International\/wp-json\/wp\/v2\/posts\/140044\/revisions"}],"wp:attachment":[{"href":"https:\/\/linitiative.ca\/International\/wp-json\/wp\/v2\/media?parent=140044"}],"wp:term":[{"taxonomy":"category","embeddable":true,"href":"https:\/\/linitiative.ca\/International\/wp-json\/wp\/v2\/categories?post=140044"},{"taxonomy":"post_tag","embeddable":true,"href":"https:\/\/linitiative.ca\/International\/wp-json\/wp\/v2\/tags?post=140044"}],"curies":[{"name":"wp","href":"https:\/\/api.w.org\/{rel}","templated":true}]}}