{"id":140049,"date":"2022-02-02T12:18:03","date_gmt":"2022-02-02T17:18:03","guid":{"rendered":"https:\/\/linitiative.ca\/International\/invite-de-bfm-tv-el-fakir-vante-la-destination-maroc\/"},"modified":"2022-02-02T12:18:03","modified_gmt":"2022-02-02T17:18:03","slug":"invite-de-bfm-tv-el-fakir-vante-la-destination-maroc","status":"publish","type":"post","link":"https:\/\/linitiative.ca\/International\/invite-de-bfm-tv-el-fakir-vante-la-destination-maroc\/","title":{"rendered":"Invit\u00e9 de BFM TV, El Fakir vante la destination \u00ab\u00a0Maroc\u00a0\u00bb"},"content":{"rendered":"<div>\n<div class=\"field field-name-body field-type-text-with-summary field-label-hidden\">\n<div class=\"field-items\">\n<div class=\"field-item even\" property=\"content:encoded\">\n<p class=\"rtejustify\">A<span style=\"text-align: justify;\">fin de pr\u00e9senter le programme de relance de la destination touristique Maroc, l<\/span>e Directeur g\u00e9n\u00e9ral de l\u2019Office National Marocain du Tourisme (ONMT), Adel El Fakir, \u00e9tait l\u2019invit\u00e9 de la cha\u00eene d\u2019information fran\u00e7aise BFM TV, mercredi matin, sur le plateau de \u00ab\u00a0Live Toussaint\u00a0\u00bb.<\/p>\n<\/div>\n<\/div>\n<\/div>\n<\/div>\n<p>Auteur: mbasraoui<br \/>\n<a href=\"https:\/\/www.leconomiste.com\/flash-infos\/invite-de-bfm-tv-el-fakir-vante-la-destination-maroc\">Cliquez ici pour lire l&rsquo;article depuis sa source.<\/a><\/p>\n","protected":false},"excerpt":{"rendered":"<p>Afin de pr\u00e9senter le programme de relance de la destination touristique Maroc, le Directeur g\u00e9n\u00e9ral de l\u2019Office National Marocain du Tourisme (ONMT), Adel El Fakir, \u00e9tait l\u2019invit\u00e9 de la cha\u00eene d\u2019information fran\u00e7aise BFM TV, mercredi matin, sur le plateau de \u00ab\u00a0Live Toussaint\u00a0\u00bb. Auteur: mbasraoui Cliquez ici pour lire l&rsquo;article depuis sa source.<\/p>\n","protected":false},"author":1763,"featured_media":0,"comment_status":"closed","ping_status":"closed","sticky":false,"template":"","format":"standard","meta":{"fifu_image_url":"","fifu_image_alt":"","footnotes":""},"categories":[78,54],"tags":[],"class_list":["post-140049","post","type-post","status-publish","format-standard","hentry","category-economie","category-maroc"],"_links":{"self":[{"href":"https:\/\/linitiative.ca\/International\/wp-json\/wp\/v2\/posts\/140049","targetHints":{"allow":["GET"]}}],"collection":[{"href":"https:\/\/linitiative.ca\/International\/wp-json\/wp\/v2\/posts"}],"about":[{"href":"https:\/\/linitiative.ca\/International\/wp-json\/wp\/v2\/types\/post"}],"author":[{"embeddable":true,"href":"https:\/\/linitiative.ca\/International\/wp-json\/wp\/v2\/users\/1763"}],"replies":[{"embeddable":true,"href":"https:\/\/linitiative.ca\/International\/wp-json\/wp\/v2\/comments?post=140049"}],"version-history":[{"count":0,"href":"https:\/\/linitiative.ca\/International\/wp-json\/wp\/v2\/posts\/140049\/revisions"}],"wp:attachment":[{"href":"https:\/\/linitiative.ca\/International\/wp-json\/wp\/v2\/media?parent=140049"}],"wp:term":[{"taxonomy":"category","embeddable":true,"href":"https:\/\/linitiative.ca\/International\/wp-json\/wp\/v2\/categories?post=140049"},{"taxonomy":"post_tag","embeddable":true,"href":"https:\/\/linitiative.ca\/International\/wp-json\/wp\/v2\/tags?post=140049"}],"curies":[{"name":"wp","href":"https:\/\/api.w.org\/{rel}","templated":true}]}}