{"id":140050,"date":"2022-02-02T12:21:43","date_gmt":"2022-02-02T17:21:43","guid":{"rendered":"https:\/\/linitiative.ca\/International\/tanger-med-saisie-de-516-kg-de-chira\/"},"modified":"2022-02-02T12:21:43","modified_gmt":"2022-02-02T17:21:43","slug":"tanger-med-saisie-de-516-kg-de-chira","status":"publish","type":"post","link":"https:\/\/linitiative.ca\/International\/tanger-med-saisie-de-516-kg-de-chira\/","title":{"rendered":"Tanger-Med: saisie de 516 Kg de chira"},"content":{"rendered":"<div>\n<div class=\"field field-name-body field-type-text-with-summary field-label-hidden\">\n<div class=\"field-items\">\n<div class=\"field-item even\" property=\"content:encoded\">\n<p>Les \u00e9l\u00e9ments de la police au port Tanger-Med ont mis en \u00e9chec, mercredi, en coordination avec les services des douanes, une op\u00e9ration de trafic international de drogue, couronn\u00e9e par la saisie de 516 kg de chira \u00e0 bord de trois camions de transport international de marchandises.<\/p>\n<\/div>\n<\/div>\n<\/div>\n<\/div>\n<p>Auteur: mbasraoui<br \/>\n<a href=\"https:\/\/www.leconomiste.com\/flash-infos\/tanger-med-saisie-de-516-kg-de-chira\">Cliquez ici pour lire l&rsquo;article depuis sa source.<\/a><\/p>\n","protected":false},"excerpt":{"rendered":"<p>Les \u00e9l\u00e9ments de la police au port Tanger-Med ont mis en \u00e9chec, mercredi, en coordination avec les services des douanes, une op\u00e9ration de trafic international de drogue, couronn\u00e9e par la saisie de 516 kg de chira \u00e0 bord de trois camions de transport international de marchandises. Auteur: mbasraoui Cliquez ici pour lire l&rsquo;article depuis sa [&hellip;]<\/p>\n","protected":false},"author":1763,"featured_media":0,"comment_status":"closed","ping_status":"closed","sticky":false,"template":"","format":"standard","meta":{"fifu_image_url":"","fifu_image_alt":"","footnotes":""},"categories":[78,54],"tags":[],"class_list":["post-140050","post","type-post","status-publish","format-standard","hentry","category-economie","category-maroc"],"_links":{"self":[{"href":"https:\/\/linitiative.ca\/International\/wp-json\/wp\/v2\/posts\/140050","targetHints":{"allow":["GET"]}}],"collection":[{"href":"https:\/\/linitiative.ca\/International\/wp-json\/wp\/v2\/posts"}],"about":[{"href":"https:\/\/linitiative.ca\/International\/wp-json\/wp\/v2\/types\/post"}],"author":[{"embeddable":true,"href":"https:\/\/linitiative.ca\/International\/wp-json\/wp\/v2\/users\/1763"}],"replies":[{"embeddable":true,"href":"https:\/\/linitiative.ca\/International\/wp-json\/wp\/v2\/comments?post=140050"}],"version-history":[{"count":0,"href":"https:\/\/linitiative.ca\/International\/wp-json\/wp\/v2\/posts\/140050\/revisions"}],"wp:attachment":[{"href":"https:\/\/linitiative.ca\/International\/wp-json\/wp\/v2\/media?parent=140050"}],"wp:term":[{"taxonomy":"category","embeddable":true,"href":"https:\/\/linitiative.ca\/International\/wp-json\/wp\/v2\/categories?post=140050"},{"taxonomy":"post_tag","embeddable":true,"href":"https:\/\/linitiative.ca\/International\/wp-json\/wp\/v2\/tags?post=140050"}],"curies":[{"name":"wp","href":"https:\/\/api.w.org\/{rel}","templated":true}]}}