{"id":140056,"date":"2022-02-02T03:21:00","date_gmt":"2022-02-02T08:21:00","guid":{"rendered":"https:\/\/linitiative.ca\/International\/directeur-du-cabinet-presidentiel-un-siege-ejectable\/"},"modified":"2022-02-02T03:21:00","modified_gmt":"2022-02-02T08:21:00","slug":"directeur-du-cabinet-presidentiel-un-siege-ejectable","status":"publish","type":"post","link":"https:\/\/linitiative.ca\/International\/directeur-du-cabinet-presidentiel-un-siege-ejectable\/","title":{"rendered":"Directeur du cabinet pr\u00e9sidentiel: un si\u00e8ge \u00e9jectable"},"content":{"rendered":"<div><img decoding=\"async\" src=\"https:\/\/linitiative.ca\/International\/wp-content\/uploads\/sites\/23\/2022\/02\/1643788699_article.jpg\" alt=\"Directeur du cabinet pr\u00e9sidentiel: un si\u00e8ge \u00e9jectable\" align=\"left\">Rares sont ceux qui ont tenu au-del\u00e0 de deux ans. Au deuxi\u00e8me \u00e9tage de l\u2019annexe du palais pr\u00e9sidentiel, nich\u00e9 sur la colline, le vaste et prestigieux bureau r\u00e9serv\u00e9 au directeur du cabinet pr\u00e9sidentiel offre une vue imprenable sur la mer. Sans pour autant garder longtemps ses locataires successifs. Un haut lieu de pouvoir\u2026 d\u00e9cid\u00e9ment \u00e9ph\u00e9m\u00e8re.<br \/>\nNadia Akacha, qui vient de quitter ses fonctions de directeur du cabinet du pr\u00e9sident de la R\u00e9publique, en a fait l\u2019exp\u00e9rience. Elle \u00e9tait sur le point de boucler ses deux ann\u00e9es \u00e0 ce poste. Nomm\u00e9e le 28 janvier 2020, elle y est rest\u00e9e jusqu\u2019au 24 janvier 2022.<br \/>\nNadia Akacha a \u00e9t\u00e9 la dixi\u00e8me titulaire du poste depuis &#8230;<\/p>\n<\/div>\n<p>Auteur:<br \/>\n<a href=\"https:\/\/www.leaders.com.tn\/article\/32924-directeur-du-cabinet-presidentiel-un-siege-ejectable\">Cliquez ici pour lire l&rsquo;article depuis sa source.<\/a><\/p>\n","protected":false},"excerpt":{"rendered":"<p>Rares sont ceux qui ont tenu au-del\u00e0 de deux ans. Au deuxi\u00e8me \u00e9tage de l\u2019annexe du palais pr\u00e9sidentiel, nich\u00e9 sur la colline, le vaste et prestigieux bureau r\u00e9serv\u00e9 au directeur du cabinet pr\u00e9sidentiel offre une vue imprenable sur la mer. Sans pour autant garder longtemps ses locataires successifs. Un haut lieu de pouvoir\u2026 d\u00e9cid\u00e9ment \u00e9ph\u00e9m\u00e8re. [&hellip;]<\/p>\n","protected":false},"author":1772,"featured_media":0,"comment_status":"closed","ping_status":"closed","sticky":false,"template":"","format":"standard","meta":{"fifu_image_url":"http:\/\/www.leaders.com.tn\/uploads\/content\/thumbnails_small\/1643788699_article.jpg","fifu_image_alt":"Directeur du cabinet pr\u00e9sidentiel: un si\u00e8ge \u00e9jectable","footnotes":""},"categories":[73,55],"tags":[],"class_list":["post-140056","post","type-post","status-publish","format-standard","hentry","category-actualite","category-tunisie"],"_links":{"self":[{"href":"https:\/\/linitiative.ca\/International\/wp-json\/wp\/v2\/posts\/140056","targetHints":{"allow":["GET"]}}],"collection":[{"href":"https:\/\/linitiative.ca\/International\/wp-json\/wp\/v2\/posts"}],"about":[{"href":"https:\/\/linitiative.ca\/International\/wp-json\/wp\/v2\/types\/post"}],"author":[{"embeddable":true,"href":"https:\/\/linitiative.ca\/International\/wp-json\/wp\/v2\/users\/1772"}],"replies":[{"embeddable":true,"href":"https:\/\/linitiative.ca\/International\/wp-json\/wp\/v2\/comments?post=140056"}],"version-history":[{"count":0,"href":"https:\/\/linitiative.ca\/International\/wp-json\/wp\/v2\/posts\/140056\/revisions"}],"wp:attachment":[{"href":"https:\/\/linitiative.ca\/International\/wp-json\/wp\/v2\/media?parent=140056"}],"wp:term":[{"taxonomy":"category","embeddable":true,"href":"https:\/\/linitiative.ca\/International\/wp-json\/wp\/v2\/categories?post=140056"},{"taxonomy":"post_tag","embeddable":true,"href":"https:\/\/linitiative.ca\/International\/wp-json\/wp\/v2\/tags?post=140056"}],"curies":[{"name":"wp","href":"https:\/\/api.w.org\/{rel}","templated":true}]}}