{"id":140058,"date":"2022-02-02T09:00:00","date_gmt":"2022-02-02T14:00:00","guid":{"rendered":"https:\/\/linitiative.ca\/International\/le-numero-de-fevrier-de-leaders-est-dans-les-kiosques-un-entretien-avec-abdelmajid-charfi\/"},"modified":"2022-02-02T09:00:00","modified_gmt":"2022-02-02T14:00:00","slug":"le-numero-de-fevrier-de-leaders-est-dans-les-kiosques-un-entretien-avec-abdelmajid-charfi","status":"publish","type":"post","link":"https:\/\/linitiative.ca\/International\/le-numero-de-fevrier-de-leaders-est-dans-les-kiosques-un-entretien-avec-abdelmajid-charfi\/","title":{"rendered":"Le num\u00e9ro de f\u00e9vrier de Leaders est dans les kiosques : un entretien avec Abdelmajid Charfi"},"content":{"rendered":"<div><img decoding=\"async\" src=\"https:\/\/linitiative.ca\/International\/wp-content\/uploads\/sites\/23\/2022\/02\/1643735800_article.jpg\" alt=\"Le num\u00e9ro de f\u00e9vrier de Leaders est dans les kiosques : un entretien avec Abdelmajid Charfi\" align=\"left\">La Tunisie est-elle grosse d&rsquo;une explosion sociale? C&rsquo;est l&rsquo;avis du  professeur Abdelmajid Charfi qui vient de boucler son mandat de cinq ans  \u00e0 la t\u00eate de Beit El Hikma.<br \/>\nDans une interview \u00e0 Leaders, il ne cache  pas les appr\u00e9hensions que lui inspire la situation actuelle du pays . Pour lui, le grand danger qui nous guette, c&rsquo;est l&rsquo;autocratie avec l&rsquo;explosion  sociale qu&rsquo;elle peut provoquer, faute de pouvoir satisfaire les demandes  socio\u00e9conomiques. Gardant malgr\u00e9 tout sa confiance en la soci\u00e9t\u00e9 civile,  il estime qu&rsquo;au del\u00e0 du syst\u00e8me politique quelle que soit sa nature, la  d\u00e9mocratie doit \u00eatre une pratique bas\u00e9e sur le dialogue convergent. Insistant sur la primaut\u00e9 de la &#8230;<\/p>\n<\/div>\n<p>Auteur:<br \/>\n<a href=\"https:\/\/www.leaders.com.tn\/article\/32918-le-numero-de-fevrier-de-leaders-est-dans-les-kiosques-un-entretien-avec-abdelmajid-charfi\">Cliquez ici pour lire l&rsquo;article depuis sa source.<\/a><\/p>\n","protected":false},"excerpt":{"rendered":"<p>La Tunisie est-elle grosse d&rsquo;une explosion sociale? C&rsquo;est l&rsquo;avis du professeur Abdelmajid Charfi qui vient de boucler son mandat de cinq ans \u00e0 la t\u00eate de Beit El Hikma. Dans une interview \u00e0 Leaders, il ne cache pas les appr\u00e9hensions que lui inspire la situation actuelle du pays . Pour lui, le grand danger qui [&hellip;]<\/p>\n","protected":false},"author":1772,"featured_media":0,"comment_status":"closed","ping_status":"closed","sticky":false,"template":"","format":"standard","meta":{"fifu_image_url":"http:\/\/www.leaders.com.tn\/uploads\/content\/thumbnails_small\/1643735800_article.jpg","fifu_image_alt":"Le num\u00e9ro de f\u00e9vrier de Leaders est dans les kiosques : un entretien avec Abdelmajid Charfi","footnotes":""},"categories":[73,55],"tags":[],"class_list":["post-140058","post","type-post","status-publish","format-standard","hentry","category-actualite","category-tunisie"],"_links":{"self":[{"href":"https:\/\/linitiative.ca\/International\/wp-json\/wp\/v2\/posts\/140058","targetHints":{"allow":["GET"]}}],"collection":[{"href":"https:\/\/linitiative.ca\/International\/wp-json\/wp\/v2\/posts"}],"about":[{"href":"https:\/\/linitiative.ca\/International\/wp-json\/wp\/v2\/types\/post"}],"author":[{"embeddable":true,"href":"https:\/\/linitiative.ca\/International\/wp-json\/wp\/v2\/users\/1772"}],"replies":[{"embeddable":true,"href":"https:\/\/linitiative.ca\/International\/wp-json\/wp\/v2\/comments?post=140058"}],"version-history":[{"count":0,"href":"https:\/\/linitiative.ca\/International\/wp-json\/wp\/v2\/posts\/140058\/revisions"}],"wp:attachment":[{"href":"https:\/\/linitiative.ca\/International\/wp-json\/wp\/v2\/media?parent=140058"}],"wp:term":[{"taxonomy":"category","embeddable":true,"href":"https:\/\/linitiative.ca\/International\/wp-json\/wp\/v2\/categories?post=140058"},{"taxonomy":"post_tag","embeddable":true,"href":"https:\/\/linitiative.ca\/International\/wp-json\/wp\/v2\/tags?post=140058"}],"curies":[{"name":"wp","href":"https:\/\/api.w.org\/{rel}","templated":true}]}}