{"id":140060,"date":"2022-02-02T05:00:00","date_gmt":"2022-02-02T10:00:00","guid":{"rendered":"https:\/\/linitiative.ca\/International\/un-camionneur-ecrase-un-citoyen-et-prend-la-fuite\/"},"modified":"2022-02-02T05:00:00","modified_gmt":"2022-02-02T10:00:00","slug":"un-camionneur-ecrase-un-citoyen-et-prend-la-fuite","status":"publish","type":"post","link":"https:\/\/linitiative.ca\/International\/un-camionneur-ecrase-un-citoyen-et-prend-la-fuite\/","title":{"rendered":"Un camionneur \u00e9crase un citoyen et prend la fuite"},"content":{"rendered":"<div>Un camionneur a percut\u00e9, hier vers 7h30 du matin, un homme de 55 ans, qui se trouvait sur la bande d\u2019arr\u00eat d\u2019urgence de l\u2019autoroute, \u00e0 proximit\u00e9 de la commune de Chiffa, \u00e0 10 kilom\u00e8tres \u00e0 l\u2019ouest de Blida.<\/div>\n<p>Auteur:<br \/>\n<a href=\"https:\/\/www.lesoirdalgerie.com\/regions\/un-camionneur-ecrase-un-citoyen-et-prend-la-fuite-74756\">Cliquez ici pour lire l&rsquo;article depuis sa source.<\/a><\/p>\n","protected":false},"excerpt":{"rendered":"<p>Un camionneur a percut\u00e9, hier vers 7h30 du matin, un homme de 55 ans, qui se trouvait sur la bande d\u2019arr\u00eat d\u2019urgence de l\u2019autoroute, \u00e0 proximit\u00e9 de la commune de Chiffa, \u00e0 10 kilom\u00e8tres \u00e0 l\u2019ouest de Blida. Auteur: Cliquez ici pour lire l&rsquo;article depuis sa source.<\/p>\n","protected":false},"author":1741,"featured_media":0,"comment_status":"closed","ping_status":"closed","sticky":false,"template":"","format":"standard","meta":{"fifu_image_url":"","fifu_image_alt":"","footnotes":""},"categories":[73,53],"tags":[],"class_list":["post-140060","post","type-post","status-publish","format-standard","hentry","category-actualite","category-algerie"],"_links":{"self":[{"href":"https:\/\/linitiative.ca\/International\/wp-json\/wp\/v2\/posts\/140060","targetHints":{"allow":["GET"]}}],"collection":[{"href":"https:\/\/linitiative.ca\/International\/wp-json\/wp\/v2\/posts"}],"about":[{"href":"https:\/\/linitiative.ca\/International\/wp-json\/wp\/v2\/types\/post"}],"author":[{"embeddable":true,"href":"https:\/\/linitiative.ca\/International\/wp-json\/wp\/v2\/users\/1741"}],"replies":[{"embeddable":true,"href":"https:\/\/linitiative.ca\/International\/wp-json\/wp\/v2\/comments?post=140060"}],"version-history":[{"count":0,"href":"https:\/\/linitiative.ca\/International\/wp-json\/wp\/v2\/posts\/140060\/revisions"}],"wp:attachment":[{"href":"https:\/\/linitiative.ca\/International\/wp-json\/wp\/v2\/media?parent=140060"}],"wp:term":[{"taxonomy":"category","embeddable":true,"href":"https:\/\/linitiative.ca\/International\/wp-json\/wp\/v2\/categories?post=140060"},{"taxonomy":"post_tag","embeddable":true,"href":"https:\/\/linitiative.ca\/International\/wp-json\/wp\/v2\/tags?post=140060"}],"curies":[{"name":"wp","href":"https:\/\/api.w.org\/{rel}","templated":true}]}}