{"id":140061,"date":"2022-02-02T05:00:00","date_gmt":"2022-02-02T10:00:00","guid":{"rendered":"https:\/\/linitiative.ca\/International\/nette-amelioration-de-la-distribution-de-lelectricite\/"},"modified":"2022-02-02T05:00:00","modified_gmt":"2022-02-02T10:00:00","slug":"nette-amelioration-de-la-distribution-de-lelectricite","status":"publish","type":"post","link":"https:\/\/linitiative.ca\/International\/nette-amelioration-de-la-distribution-de-lelectricite\/","title":{"rendered":"Nette am\u00e9lioration de la distribution de l\u2019\u00e9lectricit\u00e9"},"content":{"rendered":"<div>En mati\u00e8re de distribution de l\u2019\u00e9nergie (\u00e9lectricit\u00e9 et gaz) dans la wilaya de Boumerd\u00e8s, force est de reconna\u00eetre qu\u2019on est loin de la situation catastrophique de 2013 ou d\u2019avant, et les articles de presse sonnant<\/div>\n<p>Auteur:<br \/>\n<a href=\"https:\/\/www.lesoirdalgerie.com\/regions\/nette-amelioration-de-la-distribution-de-lelectricite-74755\">Cliquez ici pour lire l&rsquo;article depuis sa source.<\/a><\/p>\n","protected":false},"excerpt":{"rendered":"<p>En mati\u00e8re de distribution de l\u2019\u00e9nergie (\u00e9lectricit\u00e9 et gaz) dans la wilaya de Boumerd\u00e8s, force est de reconna\u00eetre qu\u2019on est loin de la situation catastrophique de 2013 ou d\u2019avant, et les articles de presse sonnant Auteur: Cliquez ici pour lire l&rsquo;article depuis sa source.<\/p>\n","protected":false},"author":1741,"featured_media":0,"comment_status":"closed","ping_status":"closed","sticky":false,"template":"","format":"standard","meta":{"fifu_image_url":"","fifu_image_alt":"","footnotes":""},"categories":[73,53],"tags":[],"class_list":["post-140061","post","type-post","status-publish","format-standard","hentry","category-actualite","category-algerie"],"_links":{"self":[{"href":"https:\/\/linitiative.ca\/International\/wp-json\/wp\/v2\/posts\/140061","targetHints":{"allow":["GET"]}}],"collection":[{"href":"https:\/\/linitiative.ca\/International\/wp-json\/wp\/v2\/posts"}],"about":[{"href":"https:\/\/linitiative.ca\/International\/wp-json\/wp\/v2\/types\/post"}],"author":[{"embeddable":true,"href":"https:\/\/linitiative.ca\/International\/wp-json\/wp\/v2\/users\/1741"}],"replies":[{"embeddable":true,"href":"https:\/\/linitiative.ca\/International\/wp-json\/wp\/v2\/comments?post=140061"}],"version-history":[{"count":0,"href":"https:\/\/linitiative.ca\/International\/wp-json\/wp\/v2\/posts\/140061\/revisions"}],"wp:attachment":[{"href":"https:\/\/linitiative.ca\/International\/wp-json\/wp\/v2\/media?parent=140061"}],"wp:term":[{"taxonomy":"category","embeddable":true,"href":"https:\/\/linitiative.ca\/International\/wp-json\/wp\/v2\/categories?post=140061"},{"taxonomy":"post_tag","embeddable":true,"href":"https:\/\/linitiative.ca\/International\/wp-json\/wp\/v2\/tags?post=140061"}],"curies":[{"name":"wp","href":"https:\/\/api.w.org\/{rel}","templated":true}]}}