{"id":140071,"date":"2022-02-02T13:55:00","date_gmt":"2022-02-02T18:55:00","guid":{"rendered":"https:\/\/linitiative.ca\/International\/adel-el-fakir-lensemble-de-lecosysteme-touristique-national-est-fin-pret-pour-la-reprise\/"},"modified":"2022-02-02T13:55:00","modified_gmt":"2022-02-02T18:55:00","slug":"adel-el-fakir-lensemble-de-lecosysteme-touristique-national-est-fin-pret-pour-la-reprise","status":"publish","type":"post","link":"https:\/\/linitiative.ca\/International\/adel-el-fakir-lensemble-de-lecosysteme-touristique-national-est-fin-pret-pour-la-reprise\/","title":{"rendered":"Adel El Fakir : \u00ab L\u2019ensemble de l\u2019\u00e9cosyst\u00e8me touristique national est fin pr\u00eat pour la reprise \u00bb"},"content":{"rendered":"<div><img decoding=\"async\" width=\"800\" height=\"534\" src=\"https:\/\/linitiative.ca\/International\/wp-content\/uploads\/sites\/23\/2022\/02\/Adel-el-fakir-2.jpg\" class=\"attachment-post-thumbnail size-post-thumbnail wp-post-image\" alt=\"\" loading=\"lazy\" srcset=\"https:\/\/linitiative.ca\/International\/wp-content\/uploads\/sites\/23\/2022\/02\/Adel-el-fakir-2.jpg 800w, https:\/\/www.challenge.ma\/wp-content\/uploads\/2020\/09\/Adel-el-fakir-2-300x200.jpg 300w, https:\/\/www.challenge.ma\/wp-content\/uploads\/2020\/09\/Adel-el-fakir-2-768x513.jpg 768w, https:\/\/www.challenge.ma\/wp-content\/uploads\/2020\/09\/Adel-el-fakir-2-360x240.jpg 360w, https:\/\/www.challenge.ma\/wp-content\/uploads\/2020\/09\/Adel-el-fakir-2-750x501.jpg 750w\" sizes=\"auto, (max-width: 800px) 100vw, 800px\" itemprop=\"image\">Le Maroc a d\u00e9cid\u00e9 de proc\u00e9der \u00e0 la r\u00e9ouverture de ses fronti\u00e8res a\u00e9riennes, et tous les acteurs du secteur touristique se pr\u00e9parent pour la reprise. Adel El Fakir, Directeur g\u00e9n\u00e9ral de l\u2019Office national marocain du tourisme (ONMT) rassure sur la pr\u00e9paration de l\u2019\u00e9cosyst\u00e8me touristique national. Pour Adel El Fakir, Directeur<\/div>\n<p>Auteur: challenge<br \/>\n<a href=\"https:\/\/www.challenge.ma\/adel-el-fakir-lensemble-de-lecosysteme-touristique-national-est-fin-pret-pour-la-reprise-231879\/\">Cliquez ici pour lire l&rsquo;article depuis sa source.<\/a><\/p>\n","protected":false},"excerpt":{"rendered":"<p>Le Maroc a d\u00e9cid\u00e9 de proc\u00e9der \u00e0 la r\u00e9ouverture de ses fronti\u00e8res a\u00e9riennes, et tous les acteurs du secteur touristique se pr\u00e9parent pour la reprise. Adel El Fakir, Directeur g\u00e9n\u00e9ral de l\u2019Office national marocain du tourisme (ONMT) rassure sur la pr\u00e9paration de l\u2019\u00e9cosyst\u00e8me touristique national. Pour Adel El Fakir, Directeur Auteur: challenge Cliquez ici pour [&hellip;]<\/p>\n","protected":false},"author":1787,"featured_media":0,"comment_status":"closed","ping_status":"closed","sticky":false,"template":"","format":"standard","meta":{"fifu_image_url":"https:\/\/www.challenge.ma\/wp-content\/uploads\/2020\/09\/Adel-el-fakir-2.jpg","fifu_image_alt":"Adel El Fakir : \u00ab L\u2019ensemble de l\u2019\u00e9cosyst\u00e8me touristique national est fin pr\u00eat pour la reprise \u00bb","footnotes":""},"categories":[78,54],"tags":[],"class_list":["post-140071","post","type-post","status-publish","format-standard","hentry","category-economie","category-maroc"],"_links":{"self":[{"href":"https:\/\/linitiative.ca\/International\/wp-json\/wp\/v2\/posts\/140071","targetHints":{"allow":["GET"]}}],"collection":[{"href":"https:\/\/linitiative.ca\/International\/wp-json\/wp\/v2\/posts"}],"about":[{"href":"https:\/\/linitiative.ca\/International\/wp-json\/wp\/v2\/types\/post"}],"author":[{"embeddable":true,"href":"https:\/\/linitiative.ca\/International\/wp-json\/wp\/v2\/users\/1787"}],"replies":[{"embeddable":true,"href":"https:\/\/linitiative.ca\/International\/wp-json\/wp\/v2\/comments?post=140071"}],"version-history":[{"count":0,"href":"https:\/\/linitiative.ca\/International\/wp-json\/wp\/v2\/posts\/140071\/revisions"}],"wp:attachment":[{"href":"https:\/\/linitiative.ca\/International\/wp-json\/wp\/v2\/media?parent=140071"}],"wp:term":[{"taxonomy":"category","embeddable":true,"href":"https:\/\/linitiative.ca\/International\/wp-json\/wp\/v2\/categories?post=140071"},{"taxonomy":"post_tag","embeddable":true,"href":"https:\/\/linitiative.ca\/International\/wp-json\/wp\/v2\/tags?post=140071"}],"curies":[{"name":"wp","href":"https:\/\/api.w.org\/{rel}","templated":true}]}}