{"id":140073,"date":"2022-02-02T13:56:19","date_gmt":"2022-02-02T18:56:19","guid":{"rendered":"https:\/\/linitiative.ca\/International\/ericsson-sassocie-avec-des-universites-marocaines-pour-renforcer-les-competences-numeriques-des-etudiants\/"},"modified":"2022-02-02T13:56:19","modified_gmt":"2022-02-02T18:56:19","slug":"ericsson-sassocie-avec-des-universites-marocaines-pour-renforcer-les-competences-numeriques-des-etudiants","status":"publish","type":"post","link":"https:\/\/linitiative.ca\/International\/ericsson-sassocie-avec-des-universites-marocaines-pour-renforcer-les-competences-numeriques-des-etudiants\/","title":{"rendered":"Ericsson s\u2019associe avec des universit\u00e9s marocaines pour renforcer les comp\u00e9tences num\u00e9riques des \u00e9tudiants"},"content":{"rendered":"<div><img decoding=\"async\" width=\"1200\" height=\"686\" src=\"https:\/\/linitiative.ca\/International\/wp-content\/uploads\/sites\/23\/2022\/02\/ericsson-maeroc.png\" class=\"attachment-post-thumbnail size-post-thumbnail wp-post-image\" alt=\"\" loading=\"lazy\" srcset=\"https:\/\/linitiative.ca\/International\/wp-content\/uploads\/sites\/23\/2022\/02\/ericsson-maeroc.png 1200w, https:\/\/www.challenge.ma\/wp-content\/uploads\/2022\/02\/ericsson-maeroc-300x172.png 300w, https:\/\/www.challenge.ma\/wp-content\/uploads\/2022\/02\/ericsson-maeroc-1024x585.png 1024w, https:\/\/www.challenge.ma\/wp-content\/uploads\/2022\/02\/ericsson-maeroc-768x439.png 768w, https:\/\/www.challenge.ma\/wp-content\/uploads\/2022\/02\/ericsson-maeroc-360x206.png 360w, https:\/\/www.challenge.ma\/wp-content\/uploads\/2022\/02\/ericsson-maeroc-750x429.png 750w\" sizes=\"auto, (max-width: 1200px) 100vw, 1200px\" itemprop=\"image\">Ericsson a annonc\u00e9 la signature d\u2019accords avec de grandes universit\u00e9s marocaines afin de renforcer leurs partenariats dans les domaines du d\u00e9veloppement des comp\u00e9tences en technologies de l\u2019information et de la communication (TIC). L\u2019entreprise su\u00e9doise de t\u00e9l\u00e9communications\u00a0Ericsson, pr\u00e9sente au Maroc depuis 1984, a annonc\u00e9, ce mardi, la signature des accords avec<\/div>\n<p>Auteur: challenge<br \/>\n<a href=\"https:\/\/www.challenge.ma\/ericsson-sassocie-avec-des-universites-marocaines-pour-renforcer-les-competences-numeriques-des-etudiants-231890\/\">Cliquez ici pour lire l&rsquo;article depuis sa source.<\/a><\/p>\n","protected":false},"excerpt":{"rendered":"<p>Ericsson a annonc\u00e9 la signature d\u2019accords avec de grandes universit\u00e9s marocaines afin de renforcer leurs partenariats dans les domaines du d\u00e9veloppement des comp\u00e9tences en technologies de l\u2019information et de la communication (TIC). L\u2019entreprise su\u00e9doise de t\u00e9l\u00e9communications\u00a0Ericsson, pr\u00e9sente au Maroc depuis 1984, a annonc\u00e9, ce mardi, la signature des accords avec Auteur: challenge Cliquez ici pour [&hellip;]<\/p>\n","protected":false},"author":1787,"featured_media":0,"comment_status":"closed","ping_status":"closed","sticky":false,"template":"","format":"standard","meta":{"fifu_image_url":"https:\/\/www.challenge.ma\/wp-content\/uploads\/2022\/02\/ericsson-maeroc.png","fifu_image_alt":"Ericsson s\u2019associe avec des universit\u00e9s marocaines pour renforcer les comp\u00e9tences num\u00e9riques des \u00e9tudiants","footnotes":""},"categories":[78,54],"tags":[],"class_list":["post-140073","post","type-post","status-publish","format-standard","hentry","category-economie","category-maroc"],"_links":{"self":[{"href":"https:\/\/linitiative.ca\/International\/wp-json\/wp\/v2\/posts\/140073","targetHints":{"allow":["GET"]}}],"collection":[{"href":"https:\/\/linitiative.ca\/International\/wp-json\/wp\/v2\/posts"}],"about":[{"href":"https:\/\/linitiative.ca\/International\/wp-json\/wp\/v2\/types\/post"}],"author":[{"embeddable":true,"href":"https:\/\/linitiative.ca\/International\/wp-json\/wp\/v2\/users\/1787"}],"replies":[{"embeddable":true,"href":"https:\/\/linitiative.ca\/International\/wp-json\/wp\/v2\/comments?post=140073"}],"version-history":[{"count":0,"href":"https:\/\/linitiative.ca\/International\/wp-json\/wp\/v2\/posts\/140073\/revisions"}],"wp:attachment":[{"href":"https:\/\/linitiative.ca\/International\/wp-json\/wp\/v2\/media?parent=140073"}],"wp:term":[{"taxonomy":"category","embeddable":true,"href":"https:\/\/linitiative.ca\/International\/wp-json\/wp\/v2\/categories?post=140073"},{"taxonomy":"post_tag","embeddable":true,"href":"https:\/\/linitiative.ca\/International\/wp-json\/wp\/v2\/tags?post=140073"}],"curies":[{"name":"wp","href":"https:\/\/api.w.org\/{rel}","templated":true}]}}