{"id":140079,"date":"2022-02-02T16:17:46","date_gmt":"2022-02-02T21:17:46","guid":{"rendered":"https:\/\/linitiative.ca\/International\/foot-mondial-programme-tv-des-matches-de-jeudi\/"},"modified":"2022-02-02T16:17:46","modified_gmt":"2022-02-02T21:17:46","slug":"foot-mondial-programme-tv-des-matches-de-jeudi","status":"publish","type":"post","link":"https:\/\/linitiative.ca\/International\/foot-mondial-programme-tv-des-matches-de-jeudi\/","title":{"rendered":"Foot mondial : Programme TV des matches de jeudi"},"content":{"rendered":"<div>\n<p>En parall\u00e8le de la CAN au Cameroun, au menu des milliers de t\u00e9l\u00e9spectateurs les matches du Mondial des Clubs 2022, la Copa del Rey espagnole et les \u00e9liminatoires de l\u2019Am\u00e9rique du Nord et Centrale, selon le programme TV suivant : Coupe du Monde des Clubs de la FIFA 17h30 Al Jazira \u2013 Pirae (Abu Dhabi [\u2026]<\/p>\n<p>L\u2019article <a href=\"https:\/\/sport.tunisienumerique.com\/foot-mondial-programme-tv-des-matches-de-jeudi\/\">Foot mondial : Programme TV des matches de jeudi<\/a> est apparu en premier sur <a href=\"https:\/\/www.tunisienumerique.com\/\">Tunisie<\/a>.<\/p>\n<\/div>\n<p>Auteur: Hamza Ben Khlifa<br \/>\n<a href=\"https:\/\/sport.tunisienumerique.com\/foot-mondial-programme-tv-des-matches-de-jeudi\/\">Cliquez ici pour lire l&rsquo;article depuis sa source.<\/a><\/p>\n","protected":false},"excerpt":{"rendered":"<p>En parall\u00e8le de la CAN au Cameroun, au menu des milliers de t\u00e9l\u00e9spectateurs les matches du Mondial des Clubs 2022, la Copa del Rey espagnole et les \u00e9liminatoires de l\u2019Am\u00e9rique du Nord et Centrale, selon le programme TV suivant : Coupe du Monde des Clubs de la FIFA 17h30 Al Jazira \u2013 Pirae (Abu Dhabi [&hellip;]<\/p>\n","protected":false},"author":1789,"featured_media":0,"comment_status":"closed","ping_status":"closed","sticky":false,"template":"","format":"standard","meta":{"fifu_image_url":"","fifu_image_alt":"","footnotes":""},"categories":[73,55],"tags":[],"class_list":["post-140079","post","type-post","status-publish","format-standard","hentry","category-actualite","category-tunisie"],"_links":{"self":[{"href":"https:\/\/linitiative.ca\/International\/wp-json\/wp\/v2\/posts\/140079","targetHints":{"allow":["GET"]}}],"collection":[{"href":"https:\/\/linitiative.ca\/International\/wp-json\/wp\/v2\/posts"}],"about":[{"href":"https:\/\/linitiative.ca\/International\/wp-json\/wp\/v2\/types\/post"}],"author":[{"embeddable":true,"href":"https:\/\/linitiative.ca\/International\/wp-json\/wp\/v2\/users\/1789"}],"replies":[{"embeddable":true,"href":"https:\/\/linitiative.ca\/International\/wp-json\/wp\/v2\/comments?post=140079"}],"version-history":[{"count":0,"href":"https:\/\/linitiative.ca\/International\/wp-json\/wp\/v2\/posts\/140079\/revisions"}],"wp:attachment":[{"href":"https:\/\/linitiative.ca\/International\/wp-json\/wp\/v2\/media?parent=140079"}],"wp:term":[{"taxonomy":"category","embeddable":true,"href":"https:\/\/linitiative.ca\/International\/wp-json\/wp\/v2\/categories?post=140079"},{"taxonomy":"post_tag","embeddable":true,"href":"https:\/\/linitiative.ca\/International\/wp-json\/wp\/v2\/tags?post=140079"}],"curies":[{"name":"wp","href":"https:\/\/api.w.org\/{rel}","templated":true}]}}