{"id":140080,"date":"2022-02-02T13:53:39","date_gmt":"2022-02-02T18:53:39","guid":{"rendered":"https:\/\/linitiative.ca\/International\/coup-de-coeur-soutien-aux-deplaces-burkinabe-en-rci-merci-aux-populations-de-tougbo\/"},"modified":"2022-02-02T13:53:39","modified_gmt":"2022-02-02T18:53:39","slug":"coup-de-coeur-soutien-aux-deplaces-burkinabe-en-rci-merci-aux-populations-de-tougbo","status":"publish","type":"post","link":"https:\/\/linitiative.ca\/International\/coup-de-coeur-soutien-aux-deplaces-burkinabe-en-rci-merci-aux-populations-de-tougbo\/","title":{"rendered":"COUP DE C\u0152UR : Soutien aux d\u00e9plac\u00e9s burkinab\u00e8 en RCI\u00a0: merci aux populations de Tougbo\u00a0!"},"content":{"rendered":"<div>\n<p><img decoding=\"async\" width=\"1137\" height=\"636\" src=\"https:\/\/linitiative.ca\/International\/wp-content\/uploads\/sites\/23\/2022\/02\/lepaysresponsive-1.png\" class=\"attachment- default-featured-img\" alt=\"\" loading=\"lazy\" srcset=\"https:\/\/linitiative.ca\/International\/wp-content\/uploads\/sites\/23\/2022\/02\/lepaysresponsive-1.png 1137w, https:\/\/lepays.bf\/wp-content\/uploads\/2017\/07\/lepaysresponsive-300x168.png 300w, https:\/\/lepays.bf\/wp-content\/uploads\/2017\/07\/lepaysresponsive-768x430.png 768w, https:\/\/lepays.bf\/wp-content\/uploads\/2017\/07\/lepaysresponsive-1024x573.png 1024w\" sizes=\"auto, (max-width: 1137px) 100vw, 1137px\">COUP DE C\u0152UR Soutien aux d\u00e9plac\u00e9s burkinab\u00e8 en RCI\u00a0: merci aux populations de Tougbo\u00a0! Pr\u00e8s de 6 000 Burkinab\u00e8, du fait de l\u2019ins\u00e9curit\u00e9 li\u00e9e au terrorisme, ont fui leurs villages respectifs pour se retrouver en R\u00e9publique de C\u00f4te d\u2019Ivoire (RCI) o\u00f9 ils ont \u00e9t\u00e9 accueillis \u00e0 bras ouverts par les populations. C\u2019est plus pr\u00e9cis\u00e9ment \u00e0 \u2026<\/p>\n<p>L\u2019article <a rel=\"nofollow\" href=\"https:\/\/lepays.bf\/coup-de-coeur-soutien-aux-deplaces-burkinabe-en-rci-merci-aux-populations-de-tougbo\/\">COUP DE C\u0152UR : Soutien aux d\u00e9plac\u00e9s burkinab\u00e8 en RCI\u00a0: merci aux populations de Tougbo\u00a0!<\/a> est apparu en premier sur <a rel=\"nofollow\" href=\"https:\/\/lepays.bf\/\">Editions Le Pays<\/a>.<\/p>\n<\/div>\n<p>Auteur: Editions LEPAYS<br \/>\n<a href=\"https:\/\/lepays.bf\/coup-de-coeur-soutien-aux-deplaces-burkinabe-en-rci-merci-aux-populations-de-tougbo\/\">Cliquez ici pour lire l&rsquo;article depuis sa source.<\/a><\/p>\n","protected":false},"excerpt":{"rendered":"<p>COUP DE C\u0152UR Soutien aux d\u00e9plac\u00e9s burkinab\u00e8 en RCI\u00a0: merci aux populations de Tougbo\u00a0! Pr\u00e8s de 6 000 Burkinab\u00e8, du fait de l\u2019ins\u00e9curit\u00e9 li\u00e9e au terrorisme, ont fui leurs villages respectifs pour se retrouver en R\u00e9publique de C\u00f4te d\u2019Ivoire (RCI) o\u00f9 ils ont \u00e9t\u00e9 accueillis \u00e0 bras ouverts par les populations. C\u2019est plus pr\u00e9cis\u00e9ment \u00e0 [&hellip;]<\/p>\n","protected":false},"author":1813,"featured_media":0,"comment_status":"closed","ping_status":"closed","sticky":false,"template":"","format":"standard","meta":{"fifu_image_url":"https:\/\/lepays.bf\/wp-content\/uploads\/2017\/07\/lepaysresponsive.png","fifu_image_alt":"COUP DE C\u0152UR : Soutien aux d\u00e9plac\u00e9s burkinab\u00e8 en RCI\u00a0: merci aux populations de Tougbo\u00a0!","footnotes":""},"categories":[73,81],"tags":[],"class_list":["post-140080","post","type-post","status-publish","format-standard","hentry","category-actualite","category-burkina-faso"],"_links":{"self":[{"href":"https:\/\/linitiative.ca\/International\/wp-json\/wp\/v2\/posts\/140080","targetHints":{"allow":["GET"]}}],"collection":[{"href":"https:\/\/linitiative.ca\/International\/wp-json\/wp\/v2\/posts"}],"about":[{"href":"https:\/\/linitiative.ca\/International\/wp-json\/wp\/v2\/types\/post"}],"author":[{"embeddable":true,"href":"https:\/\/linitiative.ca\/International\/wp-json\/wp\/v2\/users\/1813"}],"replies":[{"embeddable":true,"href":"https:\/\/linitiative.ca\/International\/wp-json\/wp\/v2\/comments?post=140080"}],"version-history":[{"count":0,"href":"https:\/\/linitiative.ca\/International\/wp-json\/wp\/v2\/posts\/140080\/revisions"}],"wp:attachment":[{"href":"https:\/\/linitiative.ca\/International\/wp-json\/wp\/v2\/media?parent=140080"}],"wp:term":[{"taxonomy":"category","embeddable":true,"href":"https:\/\/linitiative.ca\/International\/wp-json\/wp\/v2\/categories?post=140080"},{"taxonomy":"post_tag","embeddable":true,"href":"https:\/\/linitiative.ca\/International\/wp-json\/wp\/v2\/tags?post=140080"}],"curies":[{"name":"wp","href":"https:\/\/api.w.org\/{rel}","templated":true}]}}