{"id":140082,"date":"2022-02-02T13:56:17","date_gmt":"2022-02-02T18:56:17","guid":{"rendered":"https:\/\/linitiative.ca\/International\/gueguerre-entre-le-mali-et-la-france-bamako-et-paris-doivent-sassumer\/"},"modified":"2022-02-02T13:56:17","modified_gmt":"2022-02-02T18:56:17","slug":"gueguerre-entre-le-mali-et-la-france-bamako-et-paris-doivent-sassumer","status":"publish","type":"post","link":"https:\/\/linitiative.ca\/International\/gueguerre-entre-le-mali-et-la-france-bamako-et-paris-doivent-sassumer\/","title":{"rendered":"GUEGUERRE ENTRE LE MALI ET LA FRANCE:  Bamako et Paris doivent s\u2019assumer\u00a0!"},"content":{"rendered":"<div>\n<p><img decoding=\"async\" width=\"318\" height=\"159\" src=\"https:\/\/linitiative.ca\/International\/wp-content\/uploads\/sites\/23\/2022\/02\/B.jpg\" class=\"attachment- size- wp-post-image\" alt=\"\" loading=\"lazy\" style=\"float:left; margin:0 15px 15px 0;\" srcset=\"https:\/\/linitiative.ca\/International\/wp-content\/uploads\/sites\/23\/2022\/02\/B.jpg 318w, https:\/\/lepays.bf\/wp-content\/uploads\/2022\/02\/B-300x150.jpg 300w\" sizes=\"auto, (max-width: 318px) 100vw, 318px\">De la surench\u00e8re verbale entre les autorit\u00e9s maliennes et fran\u00e7aises, l\u2019on est pass\u00e9 aux tensions diplomatiques avec l\u2019expulsion de l\u2019ambassadeur de France au Mali. Dans les deux camps, les opinions publiques internes surchauff\u00e9es appellent au divorce entre les deux partenaires. Mais contre toute attente, la rupture se fait attendre. L\u2019on peut alors se poser la \u2026<\/p>\n<p>L\u2019article <a rel=\"nofollow\" href=\"https:\/\/lepays.bf\/gueguerre-entre-le-mali-et-la-france-bamako-et-paris-doivent-sassumer\/\">GUEGUERRE ENTRE LE MALI ET LA FRANCE:  Bamako et Paris doivent s\u2019assumer\u00a0!<\/a> est apparu en premier sur <a rel=\"nofollow\" href=\"https:\/\/lepays.bf\/\">Editions Le Pays<\/a>.<\/p>\n<\/div>\n<p>Auteur: Editions LEPAYS<br \/>\n<a href=\"https:\/\/lepays.bf\/gueguerre-entre-le-mali-et-la-france-bamako-et-paris-doivent-sassumer\/\">Cliquez ici pour lire l&rsquo;article depuis sa source.<\/a><\/p>\n","protected":false},"excerpt":{"rendered":"<p>De la surench\u00e8re verbale entre les autorit\u00e9s maliennes et fran\u00e7aises, l\u2019on est pass\u00e9 aux tensions diplomatiques avec l\u2019expulsion de l\u2019ambassadeur de France au Mali. Dans les deux camps, les opinions publiques internes surchauff\u00e9es appellent au divorce entre les deux partenaires. Mais contre toute attente, la rupture se fait attendre. L\u2019on peut alors se poser la [&hellip;]<\/p>\n","protected":false},"author":1813,"featured_media":0,"comment_status":"closed","ping_status":"closed","sticky":false,"template":"","format":"standard","meta":{"fifu_image_url":"https:\/\/lepays.bf\/wp-content\/uploads\/2022\/02\/B.jpg","fifu_image_alt":"GUEGUERRE ENTRE LE MALI ET LA FRANCE:  Bamako et Paris doivent s\u2019assumer\u00a0!","footnotes":""},"categories":[73,81],"tags":[],"class_list":["post-140082","post","type-post","status-publish","format-standard","hentry","category-actualite","category-burkina-faso"],"_links":{"self":[{"href":"https:\/\/linitiative.ca\/International\/wp-json\/wp\/v2\/posts\/140082","targetHints":{"allow":["GET"]}}],"collection":[{"href":"https:\/\/linitiative.ca\/International\/wp-json\/wp\/v2\/posts"}],"about":[{"href":"https:\/\/linitiative.ca\/International\/wp-json\/wp\/v2\/types\/post"}],"author":[{"embeddable":true,"href":"https:\/\/linitiative.ca\/International\/wp-json\/wp\/v2\/users\/1813"}],"replies":[{"embeddable":true,"href":"https:\/\/linitiative.ca\/International\/wp-json\/wp\/v2\/comments?post=140082"}],"version-history":[{"count":0,"href":"https:\/\/linitiative.ca\/International\/wp-json\/wp\/v2\/posts\/140082\/revisions"}],"wp:attachment":[{"href":"https:\/\/linitiative.ca\/International\/wp-json\/wp\/v2\/media?parent=140082"}],"wp:term":[{"taxonomy":"category","embeddable":true,"href":"https:\/\/linitiative.ca\/International\/wp-json\/wp\/v2\/categories?post=140082"},{"taxonomy":"post_tag","embeddable":true,"href":"https:\/\/linitiative.ca\/International\/wp-json\/wp\/v2\/tags?post=140082"}],"curies":[{"name":"wp","href":"https:\/\/api.w.org\/{rel}","templated":true}]}}