{"id":140084,"date":"2022-02-02T13:59:46","date_gmt":"2022-02-02T18:59:46","guid":{"rendered":"https:\/\/linitiative.ca\/International\/recrudescence-des-coups-detat-en-afrique-de-louest-a-quand-la-gouvernance-vertueuse-en-afrique\/"},"modified":"2022-02-02T13:59:46","modified_gmt":"2022-02-02T18:59:46","slug":"recrudescence-des-coups-detat-en-afrique-de-louest-a-quand-la-gouvernance-vertueuse-en-afrique","status":"publish","type":"post","link":"https:\/\/linitiative.ca\/International\/recrudescence-des-coups-detat-en-afrique-de-louest-a-quand-la-gouvernance-vertueuse-en-afrique\/","title":{"rendered":"RECRUDESCENCE DES COUPS D\u2019ETAT EN AFRIQUE DE L\u2019OUEST: A quand la gouvernance vertueuse en Afrique\u00a0?"},"content":{"rendered":"<div>\n<p><img decoding=\"async\" width=\"300\" height=\"168\" src=\"https:\/\/linitiative.ca\/International\/wp-content\/uploads\/sites\/23\/2022\/02\/1-5.jpg\" class=\"attachment- size- wp-post-image\" alt=\"\" loading=\"lazy\" style=\"float:left; margin:0 15px 15px 0;\">Palais de Koulouba \u00e0 Bamako, Palais S\u00e9khoutour\u00e9ya \u00e0 Conakry, Kosyam \u00e0 Ouagadougou.\u00a0 En l\u2019espace de quelques mois, tous ces trois palais pr\u00e9sidentiels ont \u00e9t\u00e9 d\u00e9shabill\u00e9s- par la force des kalachs, des tanks et m\u00eame d\u2019h\u00e9licos de combat- de leurs attributs civils. Le m\u00eame sc\u00e9nario \u00e9tait en passe de se produire au Palais du Gouvernement en \u2026<\/p>\n<p>L\u2019article <a rel=\"nofollow\" href=\"https:\/\/lepays.bf\/recrudescence-des-coups-detat-en-afrique-de-louest-a-quand-la-gouvernance-vertueuse-en-afrique\/\">RECRUDESCENCE DES COUPS D\u2019ETAT EN AFRIQUE DE L\u2019OUEST: A quand la gouvernance vertueuse en Afrique\u00a0?<\/a> est apparu en premier sur <a rel=\"nofollow\" href=\"https:\/\/lepays.bf\/\">Editions Le Pays<\/a>.<\/p>\n<\/div>\n<p>Auteur: Editions LEPAYS<br \/>\n<a href=\"https:\/\/lepays.bf\/recrudescence-des-coups-detat-en-afrique-de-louest-a-quand-la-gouvernance-vertueuse-en-afrique\/\">Cliquez ici pour lire l&rsquo;article depuis sa source.<\/a><\/p>\n","protected":false},"excerpt":{"rendered":"<p>Palais de Koulouba \u00e0 Bamako, Palais S\u00e9khoutour\u00e9ya \u00e0 Conakry, Kosyam \u00e0 Ouagadougou.\u00a0 En l\u2019espace de quelques mois, tous ces trois palais pr\u00e9sidentiels ont \u00e9t\u00e9 d\u00e9shabill\u00e9s- par la force des kalachs, des tanks et m\u00eame d\u2019h\u00e9licos de combat- de leurs attributs civils. Le m\u00eame sc\u00e9nario \u00e9tait en passe de se produire au Palais du Gouvernement en [&hellip;]<\/p>\n","protected":false},"author":1813,"featured_media":0,"comment_status":"closed","ping_status":"closed","sticky":false,"template":"","format":"standard","meta":{"fifu_image_url":"https:\/\/lepays.bf\/wp-content\/uploads\/2022\/01\/1-5.jpg","fifu_image_alt":"RECRUDESCENCE DES COUPS D\u2019ETAT EN AFRIQUE DE L\u2019OUEST: A quand la gouvernance vertueuse en Afrique\u00a0?","footnotes":""},"categories":[73,81],"tags":[],"class_list":["post-140084","post","type-post","status-publish","format-standard","hentry","category-actualite","category-burkina-faso"],"_links":{"self":[{"href":"https:\/\/linitiative.ca\/International\/wp-json\/wp\/v2\/posts\/140084","targetHints":{"allow":["GET"]}}],"collection":[{"href":"https:\/\/linitiative.ca\/International\/wp-json\/wp\/v2\/posts"}],"about":[{"href":"https:\/\/linitiative.ca\/International\/wp-json\/wp\/v2\/types\/post"}],"author":[{"embeddable":true,"href":"https:\/\/linitiative.ca\/International\/wp-json\/wp\/v2\/users\/1813"}],"replies":[{"embeddable":true,"href":"https:\/\/linitiative.ca\/International\/wp-json\/wp\/v2\/comments?post=140084"}],"version-history":[{"count":0,"href":"https:\/\/linitiative.ca\/International\/wp-json\/wp\/v2\/posts\/140084\/revisions"}],"wp:attachment":[{"href":"https:\/\/linitiative.ca\/International\/wp-json\/wp\/v2\/media?parent=140084"}],"wp:term":[{"taxonomy":"category","embeddable":true,"href":"https:\/\/linitiative.ca\/International\/wp-json\/wp\/v2\/categories?post=140084"},{"taxonomy":"post_tag","embeddable":true,"href":"https:\/\/linitiative.ca\/International\/wp-json\/wp\/v2\/tags?post=140084"}],"curies":[{"name":"wp","href":"https:\/\/api.w.org\/{rel}","templated":true}]}}