{"id":140086,"date":"2022-02-02T16:03:44","date_gmt":"2022-02-02T21:03:44","guid":{"rendered":"https:\/\/linitiative.ca\/International\/defaite-des-etalons-en-demi-finale-de-la-can-cameroun-2021\/"},"modified":"2022-02-02T16:03:44","modified_gmt":"2022-02-02T21:03:44","slug":"defaite-des-etalons-en-demi-finale-de-la-can-cameroun-2021","status":"publish","type":"post","link":"https:\/\/linitiative.ca\/International\/defaite-des-etalons-en-demi-finale-de-la-can-cameroun-2021\/","title":{"rendered":"DEFAITE DES ETALONS EN DEMI-FINALE DE LA CAN CAMEROUN 2021"},"content":{"rendered":"<div>\n<p><img loading=\"lazy\" decoding=\"async\" width=\"1080\" height=\"720\" src=\"https:\/\/linitiative.ca\/International\/wp-content\/uploads\/sites\/23\/2022\/02\/272719479_4558878447557902_3131858942605247631_n.jpg\" class=\"attachment- size- wp-post-image\" alt=\"\" style=\"float:left; margin:0 15px 15px 0;\" srcset=\"https:\/\/linitiative.ca\/International\/wp-content\/uploads\/sites\/23\/2022\/02\/272719479_4558878447557902_3131858942605247631_n.jpg 1080w, https:\/\/lepays.bf\/wp-content\/uploads\/2022\/01\/272719479_4558878447557902_3131858942605247631_n-300x200.jpg 300w, https:\/\/lepays.bf\/wp-content\/uploads\/2022\/01\/272719479_4558878447557902_3131858942605247631_n-1024x683.jpg 1024w, https:\/\/lepays.bf\/wp-content\/uploads\/2022\/01\/272719479_4558878447557902_3131858942605247631_n-768x512.jpg 768w\" sizes=\"auto, (max-width: 1080px) 100vw, 1080px\">L\u2019aventure des Etalons \u00e0 la CAN Cameroun 2021 s\u2019arr\u00eate aux portes de la finale. En effet, ils ont \u00e9t\u00e9 d\u00e9faits hier, 2 f\u00e9vrier 2022, au stade Ahmadou Ahidjo de Yaound\u00e9, sur le score de 3 buts \u00e0 1 par les Lions de la Teranga du S\u00e9n\u00e9gal, au terme d\u2019une rencontre \u00e2prement disput\u00e9e. Sans complexe, les \u2026<\/p>\n<p>L\u2019article <a rel=\"nofollow\" href=\"https:\/\/lepays.bf\/defaite-des-etalons-en-demi-finale-de-la-can-cameroun-2021\/\">DEFAITE DES ETALONS EN DEMI-FINALE DE LA CAN CAMEROUN 2021<\/a> est apparu en premier sur <a rel=\"nofollow\" href=\"https:\/\/lepays.bf\/\">Editions Le Pays<\/a>.<\/p>\n<\/div>\n<p>Auteur: Editions LEPAYS<br \/>\n<a href=\"https:\/\/lepays.bf\/defaite-des-etalons-en-demi-finale-de-la-can-cameroun-2021\/\">Cliquez ici pour lire l&rsquo;article depuis sa source.<\/a><\/p>\n","protected":false},"excerpt":{"rendered":"<p>L\u2019aventure des Etalons \u00e0 la CAN Cameroun 2021 s\u2019arr\u00eate aux portes de la finale. En effet, ils ont \u00e9t\u00e9 d\u00e9faits hier, 2 f\u00e9vrier 2022, au stade Ahmadou Ahidjo de Yaound\u00e9, sur le score de 3 buts \u00e0 1 par les Lions de la Teranga du S\u00e9n\u00e9gal, au terme d\u2019une rencontre \u00e2prement disput\u00e9e. Sans complexe, les [&hellip;]<\/p>\n","protected":false},"author":1813,"featured_media":0,"comment_status":"closed","ping_status":"closed","sticky":false,"template":"","format":"standard","meta":{"fifu_image_url":"https:\/\/lepays.bf\/wp-content\/uploads\/2022\/01\/272719479_4558878447557902_3131858942605247631_n.jpg","fifu_image_alt":"DEFAITE DES ETALONS EN DEMI-FINALE DE LA CAN CAMEROUN 2021","footnotes":""},"categories":[73,81],"tags":[],"class_list":["post-140086","post","type-post","status-publish","format-standard","hentry","category-actualite","category-burkina-faso"],"_links":{"self":[{"href":"https:\/\/linitiative.ca\/International\/wp-json\/wp\/v2\/posts\/140086","targetHints":{"allow":["GET"]}}],"collection":[{"href":"https:\/\/linitiative.ca\/International\/wp-json\/wp\/v2\/posts"}],"about":[{"href":"https:\/\/linitiative.ca\/International\/wp-json\/wp\/v2\/types\/post"}],"author":[{"embeddable":true,"href":"https:\/\/linitiative.ca\/International\/wp-json\/wp\/v2\/users\/1813"}],"replies":[{"embeddable":true,"href":"https:\/\/linitiative.ca\/International\/wp-json\/wp\/v2\/comments?post=140086"}],"version-history":[{"count":0,"href":"https:\/\/linitiative.ca\/International\/wp-json\/wp\/v2\/posts\/140086\/revisions"}],"wp:attachment":[{"href":"https:\/\/linitiative.ca\/International\/wp-json\/wp\/v2\/media?parent=140086"}],"wp:term":[{"taxonomy":"category","embeddable":true,"href":"https:\/\/linitiative.ca\/International\/wp-json\/wp\/v2\/categories?post=140086"},{"taxonomy":"post_tag","embeddable":true,"href":"https:\/\/linitiative.ca\/International\/wp-json\/wp\/v2\/tags?post=140086"}],"curies":[{"name":"wp","href":"https:\/\/api.w.org\/{rel}","templated":true}]}}