{"id":140090,"date":"2022-02-02T17:05:21","date_gmt":"2022-02-02T22:05:21","guid":{"rendered":"https:\/\/linitiative.ca\/International\/armees-ouest-africaines-et-terrorisme-reponses-incertaines-le-nouveau-paradigme-militaire-selon-lt-col-paul-henri-damiba\/"},"modified":"2022-02-02T17:05:21","modified_gmt":"2022-02-02T22:05:21","slug":"armees-ouest-africaines-et-terrorisme-reponses-incertaines-le-nouveau-paradigme-militaire-selon-lt-col-paul-henri-damiba","status":"publish","type":"post","link":"https:\/\/linitiative.ca\/International\/armees-ouest-africaines-et-terrorisme-reponses-incertaines-le-nouveau-paradigme-militaire-selon-lt-col-paul-henri-damiba\/","title":{"rendered":"\u00ab Arm\u00e9es Ouest-africaines et Terrorisme : r\u00e9ponses incertaines ? \u00bb : Le nouveau paradigme militaire,  selon lt-col Paul-Henri Damiba"},"content":{"rendered":"<div>\n<p><strong>Face aux r\u00e9sultats mitig\u00e9s des arm\u00e9es de l\u2019Afrique de l\u2019ouest dans le cadre de la lutte contre le terrorisme, le lieutenant-colonel Paul- Henri Sandaogo Damiba propose dans son essai, \u00ab Arm\u00e9es- Ouest africaines et terrorisme : r\u00e9ponses incertaines ? \u00bb, un changement de paradigme dans la r\u00e9ponse militaire et la d\u00e9finition d\u2019une strat\u00e9gie de contre-terrorisme active, le d\u00e9veloppement de capacit\u00e9s de renseignements humains et la conduite d\u2019op\u00e9rations non conventionnelles calibr\u00e9es.<\/strong><\/p>\n<p>Depuis les printemps arabes et les crises libyenne et malienne (2011-2012), la menace terroriste n\u2019a pas cess\u00e9 de se consolider dans le Sahara jusqu\u2019au bassin du Lac Tchad malgr\u00e9 une croissance significative des effectifs et des moyens militaires engag\u00e9s. L\u2019\u00e9cart entre l\u2019engagement militaire croissant des arm\u00e9es de la r\u00e9gion et l\u2019expansion continue du courant terroriste est la raison d\u2019\u00eatre du livre, \u00abArm\u00e9es Ouest-Africaines et Terrorisme : R\u00e9ponses incertaines ? \u00bb du lieutenant-colonel Paul-Henri Damiba, qui est actuellement le pr\u00e9sident du Faso et celui du Mouvement patriotique pour la sauvegarde et la restauration (MPSR).<\/p>\n<p>Paru en juin 2021 aux \u00e9ditions les 3 Colonnes, l\u2019ouvrage, compos\u00e9 de 160 pages, vise \u00e0 faire \u00e9voluer les strat\u00e9gies op\u00e9ratives militaires actuelles dont les r\u00e9sultats sont pour le moment tr\u00e8s peu lisibles sur le th\u00e9\u00e2tre des op\u00e9rations. Les diff\u00e9rents engagements de l\u2019auteur dans des op\u00e9rations militaires de lutte contre le terrorisme, lui ont donn\u00e9 d\u2019endurer l\u2019\u00e2pre r\u00e9alit\u00e9, de vivre l\u2019\u00e9volution de l\u2019extr\u00e9misme violent arm\u00e9 et de mesurer partiellement la complexit\u00e9 des enjeux et des d\u00e9fis \u00e0 relever.<\/p>\n<p>Confront\u00e9 entre 2015 et 2019 aux multiples actions terroristes pendant qu\u2019il assumait des responsabilit\u00e9s op\u00e9rationnelles dans les r\u00e9gions du Sahel et du Nord, ce t\u00e9moin () des efforts militaires dans les combats contre la mouvance djihadiste, a choisi d\u2019approfondir la r\u00e9flexion sur le sujet par ses \u00e9tudes et ses recherches. Dans ce premier essai litt\u00e9raire, il d\u00e9crit et livre son analyse aussi bien sur les particularit\u00e9s du terrorisme ouest-africain que sur les r\u00e9ponses apport\u00e9es par les arm\u00e9es de la r\u00e9gion avant de porter un jugement critique sur les \u00e9l\u00e9ments r\u00e9dhibitoires des approches actuelles.<\/p>\n<p>Le livre comprend trois parties. La premi\u00e8re partie \u2013 Etat des lieux de la menace terroriste en Afrique de l\u2019Ouest- est compos\u00e9e de trois chapitres (Le visage du terrorisme ; Description du paysage terroriste en Afrique de l\u2019Ouest et Les piliers du terrorisme). Le deuxi\u00e8me volet \u2013 Les r\u00e9ponses des arm\u00e9es ouest-africaines au terrorisme- comprend \u00e9galement trois sections (Les r\u00e9ponses militaires nationales au terrorisme ; Les initiatives antiterroristes communes ou r\u00e9gionales ; Les actions entreprises avec les principaux partenaires occidentaux).<\/p>\n<p>Quant \u00e0 la troisi\u00e8me et derni\u00e8re partie\u2013 Critique des r\u00e9ponses des arm\u00e9es ouest-africaines et facteurs cl\u00e9s de succ\u00e8s \u2013 elle est subdivis\u00e9e, tout comme les deux pr\u00e9c\u00e9dentes parties, en trois chapitres (Les limites fonctionnelles ; Les limites strat\u00e9giques ; Les approches souhaitables pour le contre-terrorisme)\u2026Le recours \u00e0 la violence aveugle pour soutenir des causes politiques, id\u00e9ologiques, religieuses ou sociales en contraignant et en intimidant des groupes ou des communaut\u00e9s, n\u2019est certainement pas un ph\u00e9nom\u00e8ne nouveau dans l\u2019histoire africaine, souligne en introduction, Paul-Henri Sandaogo Damiba.<\/p>\n<p>\u00ab Depuis une dizaine d\u2019ann\u00e9es, on constate que le ph\u00e9nom\u00e8ne dans les contr\u00e9es subsahariennes est d\u2019une ampleur sans pr\u00e9c\u00e9dent pour la p\u00e9riode comprise entre mai 2015 et mai 2020, il a \u00e9t\u00e9 r\u00e9pertori\u00e9 1120 \u00e9v\u00e8nements li\u00e9s \u00e0 l\u2019emploi d\u2019explosifs et 3860 cas d\u2019attaques arm\u00e9es ayant occasionn\u00e9 19 151 d\u00e9c\u00e8s en Afrique de l\u2019Ouest avec une concentration des \u00e9v\u00e8nements au Nig\u00e9ria, au Mali et au Burkina \u00bb, illustre-t-il dans les lignes qui suivent.<\/p>\n<h3>Un incubateur pour les terroristes<\/h3>\n<figure id=\"attachment_45121\" aria-describedby=\"caption-attachment-45121\" style=\"width: 300px\" class=\"wp-caption alignleft\"><img decoding=\"async\" loading=\"lazy\" class=\"size-medium wp-image-45121\" src=\"https:\/\/linitiative.ca\/International\/wp-content\/uploads\/sites\/23\/2022\/02\/damiba3-300x189-1.gif\" alt=\"\" width=\"300\" height=\"189\" srcset=\"https:\/\/linitiative.ca\/International\/wp-content\/uploads\/sites\/23\/2022\/02\/damiba3-300x189-1.gif 300w, https:\/\/www.sidwaya.info\/wp-content\/uploads\/2022\/02\/damiba3-768x484.gif 768w, https:\/\/www.sidwaya.info\/wp-content\/uploads\/2022\/02\/damiba3-150x95.gif 150w, https:\/\/www.sidwaya.info\/wp-content\/uploads\/2022\/02\/damiba3-696x439.gif 696w, https:\/\/www.sidwaya.info\/wp-content\/uploads\/2022\/02\/damiba3-666x420.gif 666w\" sizes=\"auto, (max-width: 300px) 100vw, 300px\"><figcaption id=\"caption-attachment-45121\" class=\"wp-caption-text\">Lt-col Paul- Henri Damiba : \u00abDes r\u00e9ponses d\u2019autres natures peuvent s\u2019av\u00e9rer efficientes pour juguler le terrorisme en Afrique de l\u2019Ouest \u00bb.<\/figcaption><\/figure>\n<p>Al-Qa\u00efda et de ses affili\u00e9s ont totalis\u00e9 en 2017 au Mali, r\u00e9v\u00e8le-t-il, 276 attaques : 71 ont \u00e9t\u00e9 le r\u00e9sultat d\u2019engins explosifs improvis\u00e9s, 24 provenaient de tirs de mortier ou de roquettes visant des bases militaires, 11 enl\u00e8vements (dont plusieurs au Mali et au Burkina Faso) et 02 attentats suicides.<\/p>\n<p>Les 168 autres attaques \u00e9taient soit des agressions, soit des embuscades ou des assassinats. La propagation de l\u2019int\u00e9grisme religieux au cours de la p\u00e9riode consid\u00e9r\u00e9e, a eu comme corollaires, soutient-il plus loin, la forte implantation de r\u00e9seaux terroristes et la flamb\u00e9e de la violence terroriste dans bon nombre d\u2019Etats de la r\u00e9gion. Consid\u00e9r\u00e9 au lendemain du 11 septembre 2001 comme une dialectique entre le monde occidental et le Moyen-Orient, le terrorisme s\u2019est progressivement implant\u00e9, \u00e0 son avis, en Afrique noire comme une pr\u00e9occupation majeure et un d\u00e9fi \u00e0 relever.<\/p>\n<p>\u00ab La perc\u00e9e du terrorisme s\u2019est appuy\u00e9e en partie sur la faiblesse des Etats \u00e0 contr\u00f4ler leur territoire et a abouti \u00e0 l\u2019\u00e9rection de poches d\u2019ins\u00e9curit\u00e9 ou \u2018\u2019 zones grises \u2018\u2019 \u00e0 partir desquelles les entit\u00e9s terroristes rayonnent dans la r\u00e9gion, \u00e9tendent leur influence et coordonnent leurs op\u00e9rations \u00bb, estime-t-il. La recrudescence des mouvements extr\u00e9mistes et violents en Afrique de l\u2019Ouest a entra\u00een\u00e9, selon l\u2019auteur, la consolidation de deux p\u00f4les terroristes dans la Bande sah\u00e9lo-saharienne (BSS): le premier p\u00f4le est \u00e9tabli dans la zone nord du Mali et le second au nord-est du Nig\u00e9ria.<\/p>\n<p>Se r\u00e9clamant majoritairement du salafisme djihadiste et s\u2019\u00e9tant affili\u00e9s soit \u00e0 Al-Qaeda ou \u00e0 l\u2019Etat islamique, les acteurs terroristes, analyse Paul- Henri Sandaogo Damiba, n\u00e9s de mouvements insurrectionnels ou criminels, prolif\u00e8rent et font peser le danger du chaos. Puisque \u00ab l\u2019Afrique subsaharienne est devenue un incubateur pour les terroristes \u00bb comme l\u2019avait d\u00e9clar\u00e9 James Clapper, directeur du renseignement am\u00e9ricain, les Etats ouest-africains sont, \u00e9crit-il, engag\u00e9s depuis lors dans la lutte contre le terrorisme car il y va m\u00eame de leur survie.<\/p>\n<p>\u00ab Dans la dynamique de r\u00e9sister voire d\u2019\u00e9radiquer le fl\u00e9au, une batterie d\u2019actions et de politiques sont conduites dans plusieurs domaines mais plus particuli\u00e8rement sur le plan militaire et celui de la coop\u00e9ration. D\u00e8s lors, les arm\u00e9es ouest africaines conform\u00e9ment \u00e0 leurs missions r\u00e9galiennes de d\u00e9fense de l\u2019int\u00e9grit\u00e9 territoriale et de pr\u00e9servation de l\u2019unit\u00e9 nationale contre toute forme d\u2019agression, vont de plus en plus \u00eatre orient\u00e9es vers des t\u00e2ches d\u2019essence s\u00e9curitaires \u00bb, indique l\u2019auteur de \u00ab Arm\u00e9es Ouest- africaines et Terrorisme : R\u00e9ponses incertaines ?\u00bb.<\/p>\n<h3>D\u00e9crypter les actions engag\u00e9es<\/h3>\n<figure id=\"attachment_45122\" aria-describedby=\"caption-attachment-45122\" style=\"width: 300px\" class=\"wp-caption alignright\"><img decoding=\"async\" loading=\"lazy\" class=\"size-medium wp-image-45122\" src=\"https:\/\/linitiative.ca\/International\/wp-content\/uploads\/sites\/23\/2022\/02\/damiba4-300x199-1.gif\" alt=\"\" width=\"300\" height=\"199\" srcset=\"https:\/\/linitiative.ca\/International\/wp-content\/uploads\/sites\/23\/2022\/02\/damiba4-300x199-1.gif 300w, https:\/\/www.sidwaya.info\/wp-content\/uploads\/2022\/02\/damiba4-768x510.gif 768w, https:\/\/www.sidwaya.info\/wp-content\/uploads\/2022\/02\/damiba4-150x100.gif 150w, https:\/\/www.sidwaya.info\/wp-content\/uploads\/2022\/02\/damiba4-696x463.gif 696w, https:\/\/www.sidwaya.info\/wp-content\/uploads\/2022\/02\/damiba4-632x420.gif 632w\" sizes=\"auto, (max-width: 300px) 100vw, 300px\"><figcaption id=\"caption-attachment-45122\" class=\"wp-caption-text\">Se r\u00e9clamant d\u2019Al-Qaeda ou de l\u2019Etat islamique, les terroristes prolif\u00e8rent et font peser le danger du chaos.<\/figcaption><\/figure>\n<p>Mais, malgr\u00e9 cet engagement, de plus en plus significatif au regard des effectifs et des moyens militaires engag\u00e9s, les pays riverains du bassin du lac Tchad et ceux de la bande sah\u00e9lo-saharienne peinent \u00e0 rompre le joug, peut-on y lire \u00e0 la pr\u00e9face de l\u2019ouvrage. En effet, les actes extr\u00e9mistes, explique l\u2019auteur, sont l\u00e9gion et les actions militaires engag\u00e9es entravent faiblement la vitalit\u00e9 extr\u00e9miste et l\u2019intensit\u00e9 des activit\u00e9s criminelles. Si le changement de paradigmes militaires est \u00e0 nos yeux un imp\u00e9ratif dans la lutte ouest africaine contre le terrorisme, il repose avant tout, affirme-t-il, sur une double connaissance (celle des groupes terroristes et celle des structures intrins\u00e8ques de nos arm\u00e9es).<\/p>\n<p>Car comme le pensait Sun TZU, rappelle-t-il, dans toute dialectique \u00ab si vous connaissez vos ennemis et vous vous connaissez vous-m\u00eames, mille batailles ne pourront venir \u00e0 bout de vous. Si vous ne connaissez pas vos ennemis mais que vous vous connaissez vous-m\u00eames, vous en perdrez une sur deux. Si vous ne connaissez ni vos ennemis ni vous-m\u00eames, chacune sera un grand danger \u00bb. Depuis l\u2019av\u00e8nement du 11 septembre 2001, la question du terrorisme global a fait l\u2019objet de plusieurs th\u00e9ories, analyses, doctrines et a engendr\u00e9 une floraison de normes centrales ou de principes cardinaux pour s\u2019y opposer, observe-t-il.<\/p>\n<p>S\u2019il est vrai que des lignes d\u2019op\u00e9ration et des sch\u00e9mas globaux peuvent servir \u00e0 conduire des op\u00e9rations contre le terrorisme, il convient, \u00e0 son avis, d\u2019inscrire l\u2019action des forces de d\u00e9fense contre cette menace \u00e0 laquelle elles ne disposaient quasiment pas d\u2019exp\u00e9rience, dans des concepts adapt\u00e9s, \u00e9prouv\u00e9s et efficients. Mais \u00ables \u00e9tudes portant sur le cadre, les logiques et les principes de la participation des arm\u00e9es subsahariennes dans cette lutte restent fragmentaires et insuffisamment enrichis.<\/p>\n<p>Quand se m\u00e8nent par exemple des r\u00e9flexions sur la participation coordonn\u00e9e entre les arm\u00e9es occidentales et les forces int\u00e9rieures de s\u00e9curit\u00e9 (police ou gendarmerie) dans la lutte contre le terrorisme, nous nous sentons interpell\u00e9s et envahis par un devoir de poser des bases d\u2019une r\u00e9flexion endog\u00e8ne et d\u2019un diagnostic interne \u00e0 nos pr\u00e9occupations du moment \u00bb, fait-il savoir d\u00e8s les premi\u00e8res pages de l\u2019ouvrage.<\/p>\n<p>Tout au long du livre, l\u2019auteur m\u00e8ne la r\u00e9flexion sur l\u2019\u00e9tat des logiques militaires mises en avant par les arm\u00e9es de la r\u00e9gion ouest- africaine pour r\u00e9pondre aux enjeux que pose le ph\u00e9nom\u00e8ne terroriste \u00e0 travers le d\u00e9cryptage des actions engag\u00e9es, conduites ou envisag\u00e9es.<\/p>\n<p>Dans cette dynamique, il pr\u00e9sente l\u2019inadaptation actuelle de certaines dynamiques des arm\u00e9es ouest-africaines pour r\u00e9pondre aux menaces terroristes afin de contribuer \u00e0 faire \u00e9voluer les concepts qui soutiennent les engagements des arm\u00e9es africaines pour une meilleure efficacit\u00e9 de celles-ci. Il b\u00e2tit, pour ce faire, son analyse critique sur les r\u00e9ponses militaires au terrorisme autour de la question centrale suivante : En quoi l\u2019orientation actuelle des r\u00e9ponses des arm\u00e9es ouest-africaines est incertaine \u00e0 la question du terrorisme?<\/p>\n<h3>Le r\u00f4le des politiques<\/h3>\n<p>Tout au long de son d\u00e9veloppement, il s\u2019est appuy\u00e9 sur deux hypoth\u00e8ses : La premi\u00e8re tient \u00e0 la forte implication des arm\u00e9es de la r\u00e9gion dans la lutte contre le terrorisme. Bien<\/p>\n<figure id=\"attachment_45120\" aria-describedby=\"caption-attachment-45120\" style=\"width: 300px\" class=\"wp-caption alignright\"><img decoding=\"async\" loading=\"lazy\" class=\"size-medium wp-image-45120\" src=\"https:\/\/linitiative.ca\/International\/wp-content\/uploads\/sites\/23\/2022\/02\/damiba2-300x186-1.gif\" alt=\"\" width=\"300\" height=\"186\" srcset=\"https:\/\/linitiative.ca\/International\/wp-content\/uploads\/sites\/23\/2022\/02\/damiba2-300x186-1.gif 300w, https:\/\/www.sidwaya.info\/wp-content\/uploads\/2022\/02\/damiba2-768x476.gif 768w, https:\/\/www.sidwaya.info\/wp-content\/uploads\/2022\/02\/damiba2-150x93.gif 150w, https:\/\/www.sidwaya.info\/wp-content\/uploads\/2022\/02\/damiba2-696x432.gif 696w, https:\/\/www.sidwaya.info\/wp-content\/uploads\/2022\/02\/damiba2-677x420.gif 677w, https:\/\/www.sidwaya.info\/wp-content\/uploads\/2022\/02\/damiba2-356x220.gif 356w\" sizes=\"auto, (max-width: 300px) 100vw, 300px\"><figcaption id=\"caption-attachment-45120\" class=\"wp-caption-text\">L\u2019essai vise \u00e0 faire \u00e9voluer les strat\u00e9gies op\u00e9ratives militaires actuelles sur le th\u00e9\u00e2tre des op\u00e9rations.<\/figcaption><\/figure>\n<p>que de nombreuses arm\u00e9es restent prudentes quant \u00e0 l\u2019implication des forces de d\u00e9fense dans la lutte contre le terrorisme surtout sur le territoire national, il convient de consid\u00e9rer, estime Paul-Henri Damiba, que l\u2019implication des arm\u00e9es en Afrique de l\u2019Ouest dans le contre-terrorisme est sans \u00e9quivoque.<\/p>\n<p>\u00ab Si sous d\u2019autres cieux certains pays peuvent encore h\u00e9siter \u00e0 engager leurs forces arm\u00e9es pour faire face aux probl\u00e8mes terroristes, les pays de la zone cit\u00e9e emploient leurs arm\u00e9es aux premi\u00e8res lignes du combat contre l\u2019extr\u00e9misme comme une n\u00e9cessit\u00e9 mais surtout comme un dernier rempart ou un recours ultime pour pr\u00e9server l\u2019int\u00e9grit\u00e9 de leur territoire et \u00e9viter la d\u00e9stabilisation \u00bb, d\u00e9montre-t-il. La seconde hypoth\u00e8se d\u00e9coule, poursuit-il, des bilans enregistr\u00e9s lors de certaines confrontations sur le terrain entre des unit\u00e9s des arm\u00e9es nationales et des groupes arm\u00e9s extr\u00e9mistes et violents au Burkina, au Mali, au Niger et au Nigeria en particulier.<\/p>\n<p>Au regard de la r\u00e9\u00e9dition des succ\u00e8s op\u00e9rationnels remport\u00e9s par les fondamentalistes sur les troupes ouest- africaines et consid\u00e9rant l\u2019ampleur que conna\u00eet toujours le mouvement extr\u00e9miste dans la quasi-totalit\u00e9 des Etats, nous soutenons, \u00e9crit-il sans d\u00e9tours, l\u2019id\u00e9e selon laquelle les r\u00e9ponses des arm\u00e9es pour endiguer le terrorisme, n\u2019ont pas seulement des r\u00e9sultats mitig\u00e9s mais elles semblent globalement d\u00e9phas\u00e9es, inadapt\u00e9es et incertaines.<\/p>\n<p>Apr\u00e8s avoir relev\u00e9 les insuffisances et les lacunes au cours de son analyse, lt-col Paul- Henri Damiba formule quelques conditions de succ\u00e8s et pr\u00e9conise la mise en place d\u2019un certain nombre d\u2019actions pour booster la dynamique op\u00e9rationnelle militaire. Il s\u2019agit, entre autres, de la d\u00e9finition d\u2019une strat\u00e9gie de contre-terrorisme active, le d\u00e9veloppement de capacit\u00e9s de renseignements humains et la conduite d\u2019op\u00e9rations non conventionnelles calibr\u00e9es.<\/p>\n<p>\u00ab Le r\u00f4le des politiques demeure central pour cr\u00e9er une synergie des contributions ou une collaboration efficience, pour pallier les redondances et les rendements n\u00e9gatifs qu\u2019engendre l\u2019absence de coordination. Tout en nous refusant d\u2019emboucher la trompette des fervents partisans de l\u2019action militaire comme seule r\u00e9ponse au terrorisme, nous restons profond\u00e9ment convaincus que des r\u00e9ponses d\u2019autres natures peuvent s\u2019av\u00e9rer utiles et m\u00eame efficientes pour juguler le ph\u00e9nom\u00e8ne du terrorisme en Afrique de l\u2019ouest.<\/p>\n<p>Ces autres r\u00e9ponses m\u00e9riteraient \u00e0 leur tour qu\u2019on puisse leur consacrer des attentions et des analyses \u00bb, conclu-t-il\u2026 Paul-Henri Sandaogo Damiba est officier sup\u00e9rieur d\u2019infanterie et dipl\u00f4m\u00e9 de l\u2019\u00e9cole militaire de Paris. Il est titulaire d\u2019un master 2 en sciences criminelles du Conservatoire national des arts et m\u00e9tiers (CNAM) de Paris et d\u2019une certification d\u2019expert de la D\u00e9fense en management, commandement et strat\u00e9gie. Pr\u00e9sident du Mouvement patriotique pour la sauvegarde et la restauration (MPSR), il est le nouvel homme fort du Burkina Faso depuis le 24 janvier 2022, date \u00e0 laquelle le r\u00e9gime de Roch Marc Christian Kabor\u00e9 a \u00e9t\u00e9 renvers\u00e9.<\/p>\n<p style=\"text-align: right\"><strong>W. Aubin NANA <\/strong><\/p>\n<p>L\u2019article <a rel=\"nofollow\" href=\"https:\/\/www.sidwaya.info\/blog\/2022\/02\/02\/armees-ouest-africaines-et-terrorisme-reponses-incertaines-le-nouveau-paradigme-militaire-selon-lt-col-paul-henri-damiba\/\">\u00ab Arm\u00e9es Ouest-africaines et Terrorisme : r\u00e9ponses incertaines ? \u00bb : Le nouveau paradigme militaire,  selon lt-col Paul-Henri Damiba<\/a> est apparu en premier sur <a rel=\"nofollow\" href=\"https:\/\/www.sidwaya.info\/\">Quotidien Sidwaya<\/a>.<\/p>\n<\/div>\n<p>Auteur: JK. Sidwaya<br \/>\n<a href=\"https:\/\/www.sidwaya.info\/blog\/2022\/02\/02\/armees-ouest-africaines-et-terrorisme-reponses-incertaines-le-nouveau-paradigme-militaire-selon-lt-col-paul-henri-damiba\/?utm_source=rss&#038;utm_medium=rss&#038;utm_campaign=armees-ouest-africaines-et-terrorisme-reponses-incertaines-le-nouveau-paradigme-militaire-selon-lt-col-paul-henri-damiba\">Cliquez ici pour lire l&rsquo;article depuis sa source.<\/a><\/p>\n","protected":false},"excerpt":{"rendered":"<p>Face aux r\u00e9sultats mitig\u00e9s des arm\u00e9es de l\u2019Afrique de l\u2019ouest dans le cadre de la lutte contre le terrorisme, le lieutenant-colonel Paul- Henri Sandaogo Damiba propose dans son essai, \u00ab Arm\u00e9es- Ouest africaines et terrorisme : r\u00e9ponses incertaines ? \u00bb, un changement de paradigme dans la r\u00e9ponse militaire et la d\u00e9finition d\u2019une strat\u00e9gie de contre-terrorisme [&hellip;]<\/p>\n","protected":false},"author":1816,"featured_media":0,"comment_status":"closed","ping_status":"closed","sticky":false,"template":"","format":"standard","meta":{"fifu_image_url":"https:\/\/www.sidwaya.info\/wp-content\/uploads\/2022\/02\/damiba3-300x189.gif","fifu_image_alt":"\u00ab Arm\u00e9es Ouest-africaines et Terrorisme : r\u00e9ponses incertaines ? \u00bb : Le nouveau paradigme militaire,  selon lt-col Paul-Henri Damiba","footnotes":""},"categories":[73,81],"tags":[],"class_list":["post-140090","post","type-post","status-publish","format-standard","hentry","category-actualite","category-burkina-faso"],"_links":{"self":[{"href":"https:\/\/linitiative.ca\/International\/wp-json\/wp\/v2\/posts\/140090","targetHints":{"allow":["GET"]}}],"collection":[{"href":"https:\/\/linitiative.ca\/International\/wp-json\/wp\/v2\/posts"}],"about":[{"href":"https:\/\/linitiative.ca\/International\/wp-json\/wp\/v2\/types\/post"}],"author":[{"embeddable":true,"href":"https:\/\/linitiative.ca\/International\/wp-json\/wp\/v2\/users\/1816"}],"replies":[{"embeddable":true,"href":"https:\/\/linitiative.ca\/International\/wp-json\/wp\/v2\/comments?post=140090"}],"version-history":[{"count":0,"href":"https:\/\/linitiative.ca\/International\/wp-json\/wp\/v2\/posts\/140090\/revisions"}],"wp:attachment":[{"href":"https:\/\/linitiative.ca\/International\/wp-json\/wp\/v2\/media?parent=140090"}],"wp:term":[{"taxonomy":"category","embeddable":true,"href":"https:\/\/linitiative.ca\/International\/wp-json\/wp\/v2\/categories?post=140090"},{"taxonomy":"post_tag","embeddable":true,"href":"https:\/\/linitiative.ca\/International\/wp-json\/wp\/v2\/tags?post=140090"}],"curies":[{"name":"wp","href":"https:\/\/api.w.org\/{rel}","templated":true}]}}