{"id":140094,"date":"2022-02-02T17:12:37","date_gmt":"2022-02-02T22:12:37","guid":{"rendered":"https:\/\/linitiative.ca\/International\/guinee-bissau-vaincre-le-signe-indien\/"},"modified":"2022-02-02T17:12:37","modified_gmt":"2022-02-02T22:12:37","slug":"guinee-bissau-vaincre-le-signe-indien","status":"publish","type":"post","link":"https:\/\/linitiative.ca\/International\/guinee-bissau-vaincre-le-signe-indien\/","title":{"rendered":"Guin\u00e9e-Bissau\u00a0: Vaincre le signe indien"},"content":{"rendered":"<div>\n<p>La spirale des coups d\u2019Etat en Afrique de l\u2019Ouest semble d\u00e9cid\u00e9ment avoir du mal \u00e0 s\u2019estomper. C\u2019est le moins que l\u2019on puisse dire apr\u00e8s les \u00e9v\u00e9nements survenus au Mali, en Guin\u00e9e Conakry et au Burkina Faso. En effet, mardi 1er f\u00e9vrier dernier, c\u2019est le pr\u00e9sident Umaro Sissoco Embalo de la Guin\u00e9e-Bissau qui \u00e9chappait \u00ab\u00a0miraculeusement\u00a0\u00bb \u00e0 une tentative de coup de force alors qu\u2019il \u00e9tait en conseil des ministres extraordinaire avec l\u2019ensemble de son gouvernement.<\/p>\n<p>L\u2019assaut de la soldatesque qui a failli renverser le pouvoir en place \u00e0 Bissau aurait caus\u00e9 de nombreux morts, selon plusieurs sources. S\u2019il est de notori\u00e9t\u00e9 publique que le fauteuil pr\u00e9sidentiel de ce petit pays d\u2019Afrique de l\u2019Ouest n\u2019a jamais \u00e9t\u00e9 des plus stables, tant les coups de forces y sont l\u00e9gion, il convient tout de m\u00eame de s\u2019interroger sur les mobiles profonds de l\u2019instabilit\u00e9 de cet Etat.<\/p>\n<p>Faut-il le rappeler, depuis son accession \u00e0 l\u2019ind\u00e9pendance en 1974, le pays a connu quatre putschs dont la derni\u00e8re date de 2012 et une kyrielle de tentatives de coup d\u2019Etat. Rares sont les dirigeants ayant pu finir leur mandat sans \u00eatre renvers\u00e9s ou assassin\u00e9s. L\u2019on a en m\u00e9moire, entre autres, Luis Severino Cabral, Joao Berbado Viera, Kumba Yala, etc. L\u2019engagement pris par ses premi\u00e8res autorit\u00e9s en 2014, sous les auspices de la Communaut\u00e9 \u00e9conomique des Etats de l\u2019Afrique de l\u2019Ouest(CEDEAO) et de la Communaut\u00e9 internationale pour un retour \u00e0 l\u2019ordre constitutionnel, au grand dam de tous, ne l\u2019a pas pr\u00e9serv\u00e9 des turbulences.<\/p>\n<p>La Guin\u00e9e-Bissau saura-t-elle, un jour, tourner d\u00e9finitivement les pages sombres des coups d\u2019Etat afin d\u2019asseoir une v\u00e9ritable d\u00e9mocratie\u00a0? Ou encore faut-il inscrire cette tentative de coup de force contre le pr\u00e9sident Embalo dans le sillage de ceux perp\u00e9tr\u00e9s contre les pr\u00e9sidents Ibrahim Boubacar Keita, Alpha Cond\u00e9 et Roch Kabor\u00e9\u00a0?<\/p>\n<p>Au regard de l\u2019histoire socio-politique du pays jalonn\u00e9e, on le sait, par des remous incessants, l\u2019on est tent\u00e9 de croire que le probl\u00e8me bissau-guin\u00e9en est tout autre. Car, si au Mali comme au Burkina Faso, les militaires ont justifi\u00e9 leur prise du pouvoir par le fait d\u2019une situation s\u00e9curitaire d\u00e9gradante et en Guin\u00e9e par le tripatouillage de la Constitution, il en va autrement pour la Guin\u00e9e-Bissau.<\/p>\n<p>L\u2019instabilit\u00e9 politique et l\u2019extr\u00eame pauvret\u00e9 sont per\u00e7ues par plus d\u2019un comme les ferments de ce coup de force sanglant. Cela, d\u2019autant qu\u2019elles ont facilit\u00e9, \u00e0 plus d\u2019un titre malheureusement, l\u2019implantation de trafiquants de drogue avec la complicit\u00e9 pr\u00e9sum\u00e9e de hauts responsables de l\u2019arm\u00e9e.<\/p>\n<p>C\u2019est dans ce sens qu\u2019il faudrait comprendre, \u00e0 tout le moins, les antagonismes au sommet de cette nation qui croule sous le poids d\u2019une corruption end\u00e9mique et passe aussi pour une plaque tournante du trafic de coca\u00efne entre l\u2019Am\u00e9rique latine et l\u2019Europe. Par-del\u00e0 tout, les responsables bissau-guin\u00e9ens devront travailler \u00e0 rompre d\u00e9finitivement ce cycle infernal des putschs qui, disons-le, n\u2019honore pas leur pays.<\/p>\n<p>Pour y arriver, les instances sous r\u00e9gionales ne devront pas l\u00e9siner sur les moyens pour l\u2019accompagner dans l\u2019atteinte de cet objectif. Ainsi, plut\u00f4t que de continuer \u00e0 condamner sans rel\u00e2che les coups d\u2019Etat \u00e0 r\u00e9p\u00e9tition dans le pays et m\u00eame sous d\u2019autres cieux, la CEDEAO devrait trouver les voies et moyens pour vaincre, ad vitam aeternam, le signe indien. Cela, \u00e0 l\u2019effet de permettre \u00e0 ce pays peupl\u00e9 de 2 millions d\u2019\u00e2mes d\u2019amorcer les bases v\u00e9ritables de son essor socio\u00e9conomique.<\/p>\n<p style=\"text-align: right\"><strong>Souma\u00efla BONKOUNGOU <\/strong><\/p>\n<p>L\u2019article <a rel=\"nofollow\" href=\"https:\/\/www.sidwaya.info\/blog\/2022\/02\/02\/guinee-bissau-vaincre-le-signe-indien\/\">Guin\u00e9e-Bissau\u00a0: Vaincre le signe indien<\/a> est apparu en premier sur <a rel=\"nofollow\" href=\"https:\/\/www.sidwaya.info\/\">Quotidien Sidwaya<\/a>.<\/p>\n<\/div>\n<p>Auteur: JK. Sidwaya<br \/>\n<a href=\"https:\/\/www.sidwaya.info\/blog\/2022\/02\/02\/guinee-bissau-vaincre-le-signe-indien\/?utm_source=rss&#038;utm_medium=rss&#038;utm_campaign=guinee-bissau-vaincre-le-signe-indien\">Cliquez ici pour lire l&rsquo;article depuis sa source.<\/a><\/p>\n","protected":false},"excerpt":{"rendered":"<p>La spirale des coups d\u2019Etat en Afrique de l\u2019Ouest semble d\u00e9cid\u00e9ment avoir du mal \u00e0 s\u2019estomper. C\u2019est le moins que l\u2019on puisse dire apr\u00e8s les \u00e9v\u00e9nements survenus au Mali, en Guin\u00e9e Conakry et au Burkina Faso. En effet, mardi 1er f\u00e9vrier dernier, c\u2019est le pr\u00e9sident Umaro Sissoco Embalo de la Guin\u00e9e-Bissau qui \u00e9chappait \u00ab\u00a0miraculeusement\u00a0\u00bb \u00e0 [&hellip;]<\/p>\n","protected":false},"author":1816,"featured_media":0,"comment_status":"closed","ping_status":"closed","sticky":false,"template":"","format":"standard","meta":{"fifu_image_url":"","fifu_image_alt":"","footnotes":""},"categories":[73,81],"tags":[],"class_list":["post-140094","post","type-post","status-publish","format-standard","hentry","category-actualite","category-burkina-faso"],"_links":{"self":[{"href":"https:\/\/linitiative.ca\/International\/wp-json\/wp\/v2\/posts\/140094","targetHints":{"allow":["GET"]}}],"collection":[{"href":"https:\/\/linitiative.ca\/International\/wp-json\/wp\/v2\/posts"}],"about":[{"href":"https:\/\/linitiative.ca\/International\/wp-json\/wp\/v2\/types\/post"}],"author":[{"embeddable":true,"href":"https:\/\/linitiative.ca\/International\/wp-json\/wp\/v2\/users\/1816"}],"replies":[{"embeddable":true,"href":"https:\/\/linitiative.ca\/International\/wp-json\/wp\/v2\/comments?post=140094"}],"version-history":[{"count":0,"href":"https:\/\/linitiative.ca\/International\/wp-json\/wp\/v2\/posts\/140094\/revisions"}],"wp:attachment":[{"href":"https:\/\/linitiative.ca\/International\/wp-json\/wp\/v2\/media?parent=140094"}],"wp:term":[{"taxonomy":"category","embeddable":true,"href":"https:\/\/linitiative.ca\/International\/wp-json\/wp\/v2\/categories?post=140094"},{"taxonomy":"post_tag","embeddable":true,"href":"https:\/\/linitiative.ca\/International\/wp-json\/wp\/v2\/tags?post=140094"}],"curies":[{"name":"wp","href":"https:\/\/api.w.org\/{rel}","templated":true}]}}