{"id":140101,"date":"2022-02-02T14:18:03","date_gmt":"2022-02-02T19:18:03","guid":{"rendered":"https:\/\/linitiative.ca\/International\/stade-olympique-du-senegal-des-chefs-detat-attendus-a-linauguration\/"},"modified":"2022-02-02T14:18:03","modified_gmt":"2022-02-02T19:18:03","slug":"stade-olympique-du-senegal-des-chefs-detat-attendus-a-linauguration","status":"publish","type":"post","link":"https:\/\/linitiative.ca\/International\/stade-olympique-du-senegal-des-chefs-detat-attendus-a-linauguration\/","title":{"rendered":"Stade olympique du S\u00e9n\u00e9gal : des chefs d\u2019Etat attendus \u00e0 l\u2019inauguration"},"content":{"rendered":"<div>\n<p><img decoding=\"async\" width=\"1242\" height=\"851\" src=\"https:\/\/linitiative.ca\/International\/wp-content\/uploads\/sites\/23\/2022\/02\/16438294833174.jpg\" class=\"attachment-post-thumbnail size-post-thumbnail wp-post-image\" alt=\"\" loading=\"lazy\" srcset=\"https:\/\/linitiative.ca\/International\/wp-content\/uploads\/sites\/23\/2022\/02\/16438294833174.jpg 1242w, https:\/\/www.journalducameroun.com\/wp-content\/uploads\/2022\/02\/16438294833174-300x206.jpg 300w, https:\/\/www.journalducameroun.com\/wp-content\/uploads\/2022\/02\/16438294833174-1024x702.jpg 1024w, https:\/\/www.journalducameroun.com\/wp-content\/uploads\/2022\/02\/16438294833174-768x526.jpg 768w, https:\/\/www.journalducameroun.com\/wp-content\/uploads\/2022\/02\/16438294833174-642x440.jpg 642w, https:\/\/www.journalducameroun.com\/wp-content\/uploads\/2022\/02\/16438294833174-600x411.jpg 600w\" sizes=\"auto, (max-width: 1242px) 100vw, 1242px\"><\/p>\n<p>Le stade olympique du S\u00e9n\u00e9gal sera inaugur\u00e9 le 22 f\u00e9vrier prochain par le pr\u00e9sident Macky Sall.Pour l&rsquo;occasion, le chef de l&rsquo;Etat s\u00e9n\u00e9galais sera tr\u00e8s en entour\u00e9 par des h\u00f4tes de marques. \u00ab Nous avons eu deux r\u00e9unions avec le Pr\u00e9si\u00addent Macky Sall qui aura d&rsquo;ailleurs plusieurs de ses homologues chefs d&rsquo;Etat \u00e0 ses c\u00f4t\u00e9s lors de l&rsquo;inauguration \u00bb, a indiqu\u00e9 le ministre des Sports Matar B\u00e2, depuis le Cameroun o\u00f9 il rencontrait la presse africaine.<\/p>\n<p>Le stade olympique construit dans la vielle\u00a0De Diamniadio \u00e0 26 kilom\u00e8tres de la capitale Dakar, a co\u00fbt\u00e9 155 milliards francs CFA avec une capacit\u00e9 de 50.000 places. Il a \u00e9t\u00e9 pour construit pour les besoins des Jeux olympiques de la jeunesse (JOJ) que Dakar va abriter en 2026.<\/p>\n<p>Mais avant cette \u00e9ch\u00e9ance, le S\u00e9n\u00e9gal esp\u00e8re \u00e9galement y disputer son match de barrage qualificatif pour le Mondial 2022 au Qatar contre l&rsquo;\u00c9gypte en mars prochain. Les autorit\u00e9s s&rsquo;activent d\u00e9j\u00e0 pour obtenir son homologation par la Conf\u00e9d\u00e9ration africaine de football (Caf), ajoute le ministre des Sports.\u00a0<\/p>\n<p>Cet article <a rel=\"nofollow\" href=\"https:\/\/www.journalducameroun.com\/stade-olympique-du-senegal-des-chefs-detat-attendus-a-linauguration\/\">Stade olympique du S\u00e9n\u00e9gal : des chefs d\u2019Etat attendus \u00e0 l\u2019inauguration<\/a> est apparu en premier sur <a rel=\"nofollow\" href=\"https:\/\/www.journalducameroun.com\/\">Journal du Cameroun<\/a>.<\/p>\n<\/div>\n<p>Auteur: APA News<br \/>\n<a href=\"https:\/\/www.journalducameroun.com\/stade-olympique-du-senegal-des-chefs-detat-attendus-a-linauguration\/\">Cliquez ici pour lire l&rsquo;article depuis sa source.<\/a><\/p>\n","protected":false},"excerpt":{"rendered":"<p>Le stade olympique du S\u00e9n\u00e9gal sera inaugur\u00e9 le 22 f\u00e9vrier prochain par le pr\u00e9sident Macky Sall.Pour l&rsquo;occasion, le chef de l&rsquo;Etat s\u00e9n\u00e9galais sera tr\u00e8s en entour\u00e9 par des h\u00f4tes de marques. \u00ab Nous avons eu deux r\u00e9unions avec le Pr\u00e9si\u00addent Macky Sall qui aura d&rsquo;ailleurs plusieurs de ses homologues chefs d&rsquo;Etat \u00e0 ses c\u00f4t\u00e9s lors [&hellip;]<\/p>\n","protected":false},"author":1965,"featured_media":0,"comment_status":"closed","ping_status":"closed","sticky":false,"template":"","format":"standard","meta":{"fifu_image_url":"https:\/\/www.journalducameroun.com\/wp-content\/uploads\/2022\/02\/16438294833174.jpg","fifu_image_alt":"Stade olympique du S\u00e9n\u00e9gal : des chefs d\u2019Etat attendus \u00e0 l\u2019inauguration","footnotes":""},"categories":[73,82],"tags":[],"class_list":["post-140101","post","type-post","status-publish","format-standard","hentry","category-actualite","category-cameroun"],"_links":{"self":[{"href":"https:\/\/linitiative.ca\/International\/wp-json\/wp\/v2\/posts\/140101","targetHints":{"allow":["GET"]}}],"collection":[{"href":"https:\/\/linitiative.ca\/International\/wp-json\/wp\/v2\/posts"}],"about":[{"href":"https:\/\/linitiative.ca\/International\/wp-json\/wp\/v2\/types\/post"}],"author":[{"embeddable":true,"href":"https:\/\/linitiative.ca\/International\/wp-json\/wp\/v2\/users\/1965"}],"replies":[{"embeddable":true,"href":"https:\/\/linitiative.ca\/International\/wp-json\/wp\/v2\/comments?post=140101"}],"version-history":[{"count":0,"href":"https:\/\/linitiative.ca\/International\/wp-json\/wp\/v2\/posts\/140101\/revisions"}],"wp:attachment":[{"href":"https:\/\/linitiative.ca\/International\/wp-json\/wp\/v2\/media?parent=140101"}],"wp:term":[{"taxonomy":"category","embeddable":true,"href":"https:\/\/linitiative.ca\/International\/wp-json\/wp\/v2\/categories?post=140101"},{"taxonomy":"post_tag","embeddable":true,"href":"https:\/\/linitiative.ca\/International\/wp-json\/wp\/v2\/tags?post=140101"}],"curies":[{"name":"wp","href":"https:\/\/api.w.org\/{rel}","templated":true}]}}