{"id":140103,"date":"2022-02-02T16:18:03","date_gmt":"2022-02-02T21:18:03","guid":{"rendered":"https:\/\/linitiative.ca\/International\/can-2021-le-senegal-se-hisse-encore-en-finale\/"},"modified":"2022-02-02T16:18:03","modified_gmt":"2022-02-02T21:18:03","slug":"can-2021-le-senegal-se-hisse-encore-en-finale","status":"publish","type":"post","link":"https:\/\/linitiative.ca\/International\/can-2021-le-senegal-se-hisse-encore-en-finale\/","title":{"rendered":"CAN 2021: le S\u00e9n\u00e9gal se hisse encore en finale"},"content":{"rendered":"<div>\n<p><img decoding=\"async\" width=\"1620\" height=\"1080\" src=\"https:\/\/linitiative.ca\/International\/wp-content\/uploads\/sites\/23\/2022\/02\/16438366838522.jpg\" class=\"attachment-post-thumbnail size-post-thumbnail wp-post-image\" alt=\"\" loading=\"lazy\" srcset=\"https:\/\/linitiative.ca\/International\/wp-content\/uploads\/sites\/23\/2022\/02\/16438366838522.jpg 1620w, https:\/\/www.journalducameroun.com\/wp-content\/uploads\/2022\/02\/16438366838522-300x200.jpg 300w, https:\/\/www.journalducameroun.com\/wp-content\/uploads\/2022\/02\/16438366838522-1024x683.jpg 1024w, https:\/\/www.journalducameroun.com\/wp-content\/uploads\/2022\/02\/16438366838522-768x512.jpg 768w, https:\/\/www.journalducameroun.com\/wp-content\/uploads\/2022\/02\/16438366838522-1536x1024.jpg 1536w, https:\/\/www.journalducameroun.com\/wp-content\/uploads\/2022\/02\/16438366838522-660x440.jpg 660w, https:\/\/www.journalducameroun.com\/wp-content\/uploads\/2022\/02\/16438366838522-600x400.jpg 600w\" sizes=\"auto, (max-width: 1620px) 100vw, 1620px\"><\/p>\n<p>Le S\u00e9n\u00e9gal se qualifie pour la deuxi\u00e8me finale de Can cons\u00e9cutive en dominant le Burkina Faso en demi-finale \u00e0 Yaound\u00e9 1-3.Les Lions du S\u00e9n\u00e9gal se qualifient pour leur troisi\u00e8me finale de l&rsquo;histoire en coupe d&rsquo;Afrique apr\u00e8s 2002 et 2019.\u00a0<\/p>\n<p>Ce mercredi soir \u00e0 Yaound\u00e9, l&rsquo;\u00e9quipe du S\u00e9n\u00e9gal a logiquement domin\u00e9 le Burkina 1-3 gr\u00e2ce \u00e0 des r\u00e9alisations d&rsquo;Abdou Diallo, Gana Gu\u00e8ye et Sadio Man\u00e9.\u00a0<\/p>\n<p>Le Burkina a r\u00e9duit le score par Toure alors que le score \u00e9tait de 2-0 en faveur des Lions. Mais Sadio Man\u00e9 intenable assomme les joueurs de Kamu Mallo en marquant le troisi\u00e8me des Lions dans les ultimes minutes de cette demi-finale.\u00a0<\/p>\n<p>Le S\u00e9n\u00e9gal conna\u00eetra son adversaire en finale le 6 f\u00e9vrier prochain demain \u00e0 l&rsquo;issue de l&rsquo;autre demi-finale entre l&rsquo;Egypte et le Cameroun \u00e0 Douala.<\/p>\n<p>Cet article <a rel=\"nofollow\" href=\"https:\/\/www.journalducameroun.com\/can-2021-le-senegal-se-hisse-encore-en-finale\/\">CAN 2021: le S\u00e9n\u00e9gal se hisse encore en finale<\/a> est apparu en premier sur <a rel=\"nofollow\" href=\"https:\/\/www.journalducameroun.com\/\">Journal du Cameroun<\/a>.<\/p>\n<\/div>\n<p>Auteur: APA News<br \/>\n<a href=\"https:\/\/www.journalducameroun.com\/can-2021-le-senegal-se-hisse-encore-en-finale\/\">Cliquez ici pour lire l&rsquo;article depuis sa source.<\/a><\/p>\n","protected":false},"excerpt":{"rendered":"<p>Le S\u00e9n\u00e9gal se qualifie pour la deuxi\u00e8me finale de Can cons\u00e9cutive en dominant le Burkina Faso en demi-finale \u00e0 Yaound\u00e9 1-3.Les Lions du S\u00e9n\u00e9gal se qualifient pour leur troisi\u00e8me finale de l&rsquo;histoire en coupe d&rsquo;Afrique apr\u00e8s 2002 et 2019.\u00a0 Ce mercredi soir \u00e0 Yaound\u00e9, l&rsquo;\u00e9quipe du S\u00e9n\u00e9gal a logiquement domin\u00e9 le Burkina 1-3 gr\u00e2ce \u00e0 [&hellip;]<\/p>\n","protected":false},"author":1965,"featured_media":0,"comment_status":"closed","ping_status":"closed","sticky":false,"template":"","format":"standard","meta":{"fifu_image_url":"https:\/\/www.journalducameroun.com\/wp-content\/uploads\/2022\/02\/16438366838522.jpg","fifu_image_alt":"CAN 2021: le S\u00e9n\u00e9gal se hisse encore en finale","footnotes":""},"categories":[73,82],"tags":[],"class_list":["post-140103","post","type-post","status-publish","format-standard","hentry","category-actualite","category-cameroun"],"_links":{"self":[{"href":"https:\/\/linitiative.ca\/International\/wp-json\/wp\/v2\/posts\/140103","targetHints":{"allow":["GET"]}}],"collection":[{"href":"https:\/\/linitiative.ca\/International\/wp-json\/wp\/v2\/posts"}],"about":[{"href":"https:\/\/linitiative.ca\/International\/wp-json\/wp\/v2\/types\/post"}],"author":[{"embeddable":true,"href":"https:\/\/linitiative.ca\/International\/wp-json\/wp\/v2\/users\/1965"}],"replies":[{"embeddable":true,"href":"https:\/\/linitiative.ca\/International\/wp-json\/wp\/v2\/comments?post=140103"}],"version-history":[{"count":0,"href":"https:\/\/linitiative.ca\/International\/wp-json\/wp\/v2\/posts\/140103\/revisions"}],"wp:attachment":[{"href":"https:\/\/linitiative.ca\/International\/wp-json\/wp\/v2\/media?parent=140103"}],"wp:term":[{"taxonomy":"category","embeddable":true,"href":"https:\/\/linitiative.ca\/International\/wp-json\/wp\/v2\/categories?post=140103"},{"taxonomy":"post_tag","embeddable":true,"href":"https:\/\/linitiative.ca\/International\/wp-json\/wp\/v2\/tags?post=140103"}],"curies":[{"name":"wp","href":"https:\/\/api.w.org\/{rel}","templated":true}]}}