{"id":140105,"date":"2022-02-02T17:18:03","date_gmt":"2022-02-02T22:18:03","guid":{"rendered":"https:\/\/linitiative.ca\/International\/can-2021-liesse-a-dakar-apres-la-qualification-des-lions-en-finale\/"},"modified":"2022-02-02T17:18:03","modified_gmt":"2022-02-02T22:18:03","slug":"can-2021-liesse-a-dakar-apres-la-qualification-des-lions-en-finale","status":"publish","type":"post","link":"https:\/\/linitiative.ca\/International\/can-2021-liesse-a-dakar-apres-la-qualification-des-lions-en-finale\/","title":{"rendered":"Can 2021: liesse \u00e0 Dakar apr\u00e8s la qualification des Lions en finale"},"content":{"rendered":"<div>\n<p><img decoding=\"async\" width=\"1242\" height=\"806\" src=\"https:\/\/linitiative.ca\/International\/wp-content\/uploads\/sites\/23\/2022\/02\/16438402832803.jpg\" class=\"attachment-post-thumbnail size-post-thumbnail wp-post-image\" alt=\"\" loading=\"lazy\" srcset=\"https:\/\/linitiative.ca\/International\/wp-content\/uploads\/sites\/23\/2022\/02\/16438402832803.jpg 1242w, https:\/\/www.journalducameroun.com\/wp-content\/uploads\/2022\/02\/16438402832803-300x195.jpg 300w, https:\/\/www.journalducameroun.com\/wp-content\/uploads\/2022\/02\/16438402832803-1024x665.jpg 1024w, https:\/\/www.journalducameroun.com\/wp-content\/uploads\/2022\/02\/16438402832803-768x498.jpg 768w, https:\/\/www.journalducameroun.com\/wp-content\/uploads\/2022\/02\/16438402832803-678x440.jpg 678w, https:\/\/www.journalducameroun.com\/wp-content\/uploads\/2022\/02\/16438402832803-600x389.jpg 600w\" sizes=\"auto, (max-width: 1242px) 100vw, 1242px\"><\/p>\n<p>La qualification des Lions du S\u00e9n\u00e9gal  en finale de la Can a \u00e9t\u00e9 accueillie par une liesse populaire \u00e0 Dakar.Dakar est en feu. D\u00e8s le coup de sifflet final de l&rsquo;arbitre \u00e9thiopien Bamlak Tessema, les supporters s\u00e9n\u00e9galais laissent exploser leur joie. Ils\u00a0sont descendus dans les grandes art\u00e8res de la capitale bloquant la circulation et allumant des fumig\u00e8nes.<\/p>\n<p>Une ambiance indescriptible pouvait se lire sur tous les visages des inconditionnels des Lions. Concert de Klaxons, chants, tam-tams, tout est mis en branle pour c\u00e9l\u00e9brer cette qualification de la bande \u00e0 Sadio Man\u00e9.<\/p>\n<p>Jeunes, femmes, adultes sont tous sortis pour chanter \u00e0 la gloire de l&rsquo;\u00e9quipe nationale du S\u00e9n\u00e9gal.\u00a0Dans le quartier de Nord-Foire r\u00e9put\u00e9 calme, les rues \u00e9taient bond\u00e9es de monde. \u00ab Cette fois c&rsquo;est pour nous, c&rsquo;est pour Sadio Man\u00e9 \u00bb s&rsquo;extasie Anta, la trentaine qui porte sa petite fille, petite \u00e9charpe en main.\u00a0<\/p>\n<p>\u00ab Les joueurs ont fait preuve de courage et d&rsquo;abn\u00e9gation, cette coupe ils vont nous la ramener\u00a0\u00bb crie Abdou, la vingtaine, qui salue le coaching malicieux d&rsquo;Aliou Cisse. \u00ab On a souvent dit qu&rsquo;Aliou Cisse n&rsquo;avait pas le niveau pour diriger les Lions, mais il a prouv\u00e9 le contraire durant\u00a0cette competition \u00bb dit-il l&rsquo;air heureux.<\/p>\n<p>Le Palais envahi\u00a0<\/p>\n<p>Autre endroit, autres\u00a0sc\u00e8nes de\u00a0joie, le\u00a0Boulevard de la R\u00e9publique qui m\u00e8ne vers le\u00a0Palais pr\u00e9sidentiel. Des centaines de\u00a0supporters s&rsquo;y sont\u00a0mass\u00e9s\u00a0pour c\u00e9l\u00e9brer\u00a0l&rsquo;exploit des prot\u00e9g\u00e9s d&rsquo;Aliou Cisse.\u00a0Lieu habituel des\u00a0c\u00e9l\u00e9brations des alternances politiques, l&rsquo;endroit est cette fois, occup\u00e9 par de jeunes\u00a0motocyclistes s\u00e9n\u00e9galais en d\u00e9monstration, comme pour montrer que Dakar a ravi la vedette\u00a0\u00e0 Ouagadougou en devenant le temps d&rsquo;une nuit la\u00a0\u00a0capitale des deux roues.\u00a0<\/p>\n<p>La nuit s&rsquo;annonce longue \u00e0 Dakar o\u00f9 les tam-tams sont d\u00e9j\u00e0 sortis pour f\u00eater cette deuxi\u00e8me finale cons\u00e9cutive en coupe d&rsquo;Afrique des Nations (Can). Cette fois, les Lions du S\u00e9n\u00e9gal esp\u00e8rent enfin soulever le troph\u00e9e dimanche pour la derni\u00e8re lev\u00e9e face au Cameroun o\u00f9 l&rsquo;Egypte qui s&rsquo;affrontent ce jeudi dans l&rsquo;autre demi-finale. Le S\u00e9n\u00e9gal reste sur deux d\u00e9ceptions en 2002 contre le Cameroun et en 2019 devant l&rsquo;Alg\u00e9rie 1-0.\u00a0<\/p>\n<p>Cet article <a rel=\"nofollow\" href=\"https:\/\/www.journalducameroun.com\/can-2021-liesse-a-dakar-apres-la-qualification-des-lions-en-finale\/\">Can 2021: liesse \u00e0 Dakar apr\u00e8s la qualification des Lions en finale<\/a> est apparu en premier sur <a rel=\"nofollow\" href=\"https:\/\/www.journalducameroun.com\/\">Journal du Cameroun<\/a>.<\/p>\n<\/div>\n<p>Auteur: APA News<br \/>\n<a href=\"https:\/\/www.journalducameroun.com\/can-2021-liesse-a-dakar-apres-la-qualification-des-lions-en-finale\/\">Cliquez ici pour lire l&rsquo;article depuis sa source.<\/a><\/p>\n","protected":false},"excerpt":{"rendered":"<p>La qualification des Lions du S\u00e9n\u00e9gal en finale de la Can a \u00e9t\u00e9 accueillie par une liesse populaire \u00e0 Dakar.Dakar est en feu. D\u00e8s le coup de sifflet final de l&rsquo;arbitre \u00e9thiopien Bamlak Tessema, les supporters s\u00e9n\u00e9galais laissent exploser leur joie. Ils\u00a0sont descendus dans les grandes art\u00e8res de la capitale bloquant la circulation et allumant [&hellip;]<\/p>\n","protected":false},"author":1965,"featured_media":0,"comment_status":"closed","ping_status":"closed","sticky":false,"template":"","format":"standard","meta":{"fifu_image_url":"https:\/\/www.journalducameroun.com\/wp-content\/uploads\/2022\/02\/16438402832803.jpg","fifu_image_alt":"Can 2021: liesse \u00e0 Dakar apr\u00e8s la qualification des Lions en finale","footnotes":""},"categories":[73,82],"tags":[],"class_list":["post-140105","post","type-post","status-publish","format-standard","hentry","category-actualite","category-cameroun"],"_links":{"self":[{"href":"https:\/\/linitiative.ca\/International\/wp-json\/wp\/v2\/posts\/140105","targetHints":{"allow":["GET"]}}],"collection":[{"href":"https:\/\/linitiative.ca\/International\/wp-json\/wp\/v2\/posts"}],"about":[{"href":"https:\/\/linitiative.ca\/International\/wp-json\/wp\/v2\/types\/post"}],"author":[{"embeddable":true,"href":"https:\/\/linitiative.ca\/International\/wp-json\/wp\/v2\/users\/1965"}],"replies":[{"embeddable":true,"href":"https:\/\/linitiative.ca\/International\/wp-json\/wp\/v2\/comments?post=140105"}],"version-history":[{"count":0,"href":"https:\/\/linitiative.ca\/International\/wp-json\/wp\/v2\/posts\/140105\/revisions"}],"wp:attachment":[{"href":"https:\/\/linitiative.ca\/International\/wp-json\/wp\/v2\/media?parent=140105"}],"wp:term":[{"taxonomy":"category","embeddable":true,"href":"https:\/\/linitiative.ca\/International\/wp-json\/wp\/v2\/categories?post=140105"},{"taxonomy":"post_tag","embeddable":true,"href":"https:\/\/linitiative.ca\/International\/wp-json\/wp\/v2\/tags?post=140105"}],"curies":[{"name":"wp","href":"https:\/\/api.w.org\/{rel}","templated":true}]}}