{"id":140110,"date":"2022-02-02T13:23:55","date_gmt":"2022-02-02T18:23:55","guid":{"rendered":"https:\/\/linitiative.ca\/International\/eugene-nsom-reconduit-pour-6-mois-a-la-tete-de-la-beac-cameroun\/"},"modified":"2022-02-02T13:23:55","modified_gmt":"2022-02-02T18:23:55","slug":"eugene-nsom-reconduit-pour-6-mois-a-la-tete-de-la-beac-cameroun","status":"publish","type":"post","link":"https:\/\/linitiative.ca\/International\/eugene-nsom-reconduit-pour-6-mois-a-la-tete-de-la-beac-cameroun\/","title":{"rendered":"Eug\u00e8ne Nsom reconduit pour 6 mois \u00e0 la t\u00eate de la Beac Cameroun"},"content":{"rendered":"<div>\n<p>Au si\u00e8ge de la Beac nationale \u00e0 Yaound\u00e9, la journ\u00e9e mardi 1er f\u00e9vrier 2022 a d\u00e9marr\u00e9e comme toutes les autres except\u00e9 une fra\u00eecheur inhabituelle en cette matin\u00e9e de saison s\u00e8che. Pourtant, c\u2019est bien ce jour que devait se tenir la c\u00e9r\u00e9monie de passation de service entre Eug\u00e8ne Blaise Nsom, actuel Directeur National de la Beac, et ses int\u00e9rimaires nomm\u00e9s par le Gouverneur. Le camerounais frapp\u00e9 par la limite d\u2019\u00e2ge continue pourtant d\u2019exercer ses fonctions apr\u00e8s de l\u00e9g\u00e8res frictions entre le gouvernement et la Beac sur son cas. \u00ab Sans interf\u00e9rer ni ignorer vos pr\u00e9rogatives, et en toute conformit\u00e9 avec les hautes directives re\u00e7ues des autorit\u00e9s camerounaises, nous avions souhait\u00e9 une prorogation additionnelle, pour une dur\u00e9e d\u2019un an des activit\u00e9s de Monsieur Blaise Eug\u00e8ne Nsom. Par cons\u00e9quent, je regrette que votre d\u00e9cision ait \u00e9t\u00e9 diffus\u00e9e et finalis\u00e9e sans concertation pr\u00e9alables comme cel\u00e0 est d\u2019usage, pour des fonctions de ce rang \u00bb \u00e9crivait Louis Paul Motaze au gouverneur de la Beac dans une correspondance datant du 11 janvier dernier.<\/p>\n<p><strong>Lire aussi<\/strong> : <strong><a href=\"https:\/\/ecomatin.net\/beac-le-cameroun-demande-la-prorogation-n-du-mandat-du-directeur-national\/\">Beac : le Cameroun demande la prorogation du mandat du Directeur National<\/a><\/strong><\/p>\n<p>Si Abbas Mahamat Tolli \u00e9tait d\u00e9cid\u00e9 \u00e0 ne pas accorder de d\u00e9rogation sur ce dossier, le gouverneur de la banque centrale est finalement revenu sur sa d\u00e9cision en accordant 6 mois suppl\u00e9mentaires non renouvelables au Directeur de la Beac Cameroun. Officiellement, Louis Paul Motaze, qui demandait un rallongement d\u2019un an, n\u2019a pas r\u00e9agi \u00e0 cette d\u00e9cision ; preuve que la logique belliqueuse reste de mise. L\u2019entourage du Ministre camerounais des finances c\u00e9l\u00e8bre pourtant cela comme une \u00ab victoire \u00e0 la Pyrrhus \u00bb. Mais \u00e0 la Beac, ce report est consid\u00e9r\u00e9 comme une p\u00e9riode transitoire pour permettre aux dirigeants camerounais de d\u00e9signer un repr\u00e9sentant \u00e0 ce poste.<\/p>\n<p><strong>Deux poids deux mesures<\/strong><\/p>\n<p>Pouvait-il en \u00eatre autrement? En nommant, le 06 janvier dernier, un int\u00e9rimaire \u00e0 la Direction nationale de la Beac, le Gouverneur \u00e9tait dans ses pr\u00e9rogatives car le dirigeant ayant atteint l\u2019\u00e2ge de d\u00e9part \u00e0 la retraite (60 ans) au sens des statuts du personnel de la Beac. Seulement, l\u2019exception sollicit\u00e9e par le Minfi s\u2019appuyait sur une s\u00e9rie de pr\u00e9c\u00e9dents. Car au sein de l\u2019institut d\u2019\u00e9mission \u00ab certains cadres de haut niveau avaient b\u00e9n\u00e9fici\u00e9 des p\u00e9riodes de prorogation sup\u00e9rieures \u00e0 trois ans, certains \u00e9tant toujours en fonction \u00bb relevait Louis Paul Motaze. \u00ab Si on appliquait syst\u00e9matiquement les mises en retraite, la Beac n\u2019aurait pas de difficult\u00e9 \u00e0 rejeter la sollicitation du Cameroun. Le probl\u00e8me qu\u2019elle a accord\u00e9 \u00e0 certains cadres des prorogations de mandats sur plusieurs ann\u00e9es et cela devient tr\u00e8s difficile \u00e0 g\u00e9rer. Du coup, obliger un haut cadre \u00e0 aller en retraite contre le gr\u00e9 de son pays serait un peu comme du deux poids deux mesures \u00bb, commente un responsable au cabinet du ministre. La pratique ne date pas cependant d\u2019aujourd\u2019hui. Au terme du Sommet de N\u2019Djamena en 2008, les chefs d\u2019Etat avaient d\u00e9cid\u00e9 de mettre fin \u00e0 cette pratique. Successeur de son compatriote Jean-F\u00e9lix Mamalepot \u00e0 la t\u00eate de l\u2019institut d\u2019\u00e9mission cette m\u00eame ann\u00e9e, Philibert Andzembe s\u2019\u00e9tait pli\u00e9 \u00e0 cette d\u00e9cision, et les personnes admises \u00e0 faire valoir leurs droits \u00e0 la retraite \u00e9taient d\u00e9sormais lib\u00e9r\u00e9es par un processus automatique. Il en a \u00e9t\u00e9 de m\u00eame de son successeur, l\u2019Equatoguin\u00e9en Lucas Abaga Nchama. Mais vers la fin de son mandat, entre 2015 et 2016, ce dernier instituera \u00ab des prorogations de confort\u00a0\u00bb.<\/p>\n<p><strong>Lire aussi<\/strong> : <strong><a href=\"https:\/\/ecomatin.net\/motaze-mahamat-tolli-jusquou-ira-le-bras-de-fer\/\">Motaze\/Mahamat Tolli : jusqu\u2019o\u00f9 ira le bras de fer ?<\/a><\/strong><\/p>\n<p>C\u2019est sans doute la gestion de ce dilemme qui a conduit le gouverneur de la banque centrale \u00e0 faire partir brutalement une dizaine de cadres qui \u00e9taient en prorogation et toujours dans les renouvellements permanents.<\/p>\n<p><strong>L\u2019ind\u00e9pendance de la banque centrale en question<\/strong><\/p>\n<p>La prorogation du bail d\u2019Eug\u00e8ne Nsom a provoqu\u00e9 des vents de divisions au sein du gouvernement de la Beac. De bonne source, le vice-gouverneur Dieudonn\u00e9 Evou Mekou aurait fermement refus\u00e9 de s\u2019associer \u00e0 la d\u00e9marche de nomination d\u2019un nouveau pensionnaire \u00e0 la t\u00eate de cette instance, pr\u00e9f\u00e9rant s\u2019aligner sur la d\u00e9cision du Cameroun. Au sens de l\u2019article 55 des statuts de la Beac, \u00ab\u00a0Les directeurs nationaux sont nomm\u00e9s et r\u00e9voqu\u00e9s par le conseil d\u2019Administration apr\u00e8s agr\u00e9ment de l\u2019Etat membre concern\u00e9. L\u2019agr\u00e9ment en vue de la nomination est obtenu sur une liste de trois noms propos\u00e9s par le gouvernement de le Banque centrale. Si l\u2019Etat en question ne juge qu\u2019aucune de ses propositions pertinentes il peut proposer lui-m\u00eame \u00e0 la Beac un autre profil, m\u00eame issu de son administration\u00a0\u00bb.<\/p>\n<p><strong>Lire aussi<\/strong> : <strong><a href=\"https:\/\/ecomatin.net\/nsom-blaise-eugene-choisi-nouveau-directeur-national-de-la-beac-cameroun\/\">Nsom Blaise Eug\u00e8ne, choisi nouveau Directeur National de la Beac Cameroun<\/a><\/strong><\/p>\n<p>\u00ab Les d\u00e9tachements de fonctionnaires et de personnalit\u00e9s ext\u00e9rieures, aupr\u00e8s de la Banque Centrale, pour occuper les fonctions de Directeurs Nationaux, sont subordonn\u00e9s \u00e0 l\u2018approbation pr\u00e9alable du Conseil d\u2019Administration. Celui-ci v\u00e9rifie qu\u2019ils justifient de comp\u00e9tences dans les domaines \u00e9conomique, juridiques, mon\u00e9taire ou financier \u00bb pr\u00e9cise l\u2019article 55.<\/p>\n<p>L\u2019article <a rel=\"nofollow\" href=\"https:\/\/ecomatin.net\/eugene-nsom-reconduit-pour-6-mois-a-la-tete-de-la-beac-cameroun\/\">Eug\u00e8ne Nsom reconduit pour 6 mois \u00e0 la t\u00eate de la Beac Cameroun<\/a> est apparu en premier sur <a rel=\"nofollow\" href=\"https:\/\/ecomatin.net\/\">EcoMatin<\/a>.<\/p>\n<\/div>\n<p>Auteur: Cedrick JIONGO<br \/>\n<a href=\"https:\/\/ecomatin.net\/eugene-nsom-reconduit-pour-6-mois-a-la-tete-de-la-beac-cameroun\/\">Cliquez ici pour lire l&rsquo;article depuis sa source.<\/a><\/p>\n","protected":false},"excerpt":{"rendered":"<p>Au si\u00e8ge de la Beac nationale \u00e0 Yaound\u00e9, la journ\u00e9e mardi 1er f\u00e9vrier 2022 a d\u00e9marr\u00e9e comme toutes les autres except\u00e9 une fra\u00eecheur inhabituelle en cette matin\u00e9e de saison s\u00e8che. Pourtant, c\u2019est bien ce jour que devait se tenir la c\u00e9r\u00e9monie de passation de service entre Eug\u00e8ne Blaise Nsom, actuel Directeur National de la Beac, [&hellip;]<\/p>\n","protected":false},"author":1969,"featured_media":0,"comment_status":"closed","ping_status":"closed","sticky":false,"template":"","format":"standard","meta":{"fifu_image_url":"","fifu_image_alt":"","footnotes":""},"categories":[82,78],"tags":[],"class_list":["post-140110","post","type-post","status-publish","format-standard","hentry","category-cameroun","category-economie"],"_links":{"self":[{"href":"https:\/\/linitiative.ca\/International\/wp-json\/wp\/v2\/posts\/140110","targetHints":{"allow":["GET"]}}],"collection":[{"href":"https:\/\/linitiative.ca\/International\/wp-json\/wp\/v2\/posts"}],"about":[{"href":"https:\/\/linitiative.ca\/International\/wp-json\/wp\/v2\/types\/post"}],"author":[{"embeddable":true,"href":"https:\/\/linitiative.ca\/International\/wp-json\/wp\/v2\/users\/1969"}],"replies":[{"embeddable":true,"href":"https:\/\/linitiative.ca\/International\/wp-json\/wp\/v2\/comments?post=140110"}],"version-history":[{"count":0,"href":"https:\/\/linitiative.ca\/International\/wp-json\/wp\/v2\/posts\/140110\/revisions"}],"wp:attachment":[{"href":"https:\/\/linitiative.ca\/International\/wp-json\/wp\/v2\/media?parent=140110"}],"wp:term":[{"taxonomy":"category","embeddable":true,"href":"https:\/\/linitiative.ca\/International\/wp-json\/wp\/v2\/categories?post=140110"},{"taxonomy":"post_tag","embeddable":true,"href":"https:\/\/linitiative.ca\/International\/wp-json\/wp\/v2\/tags?post=140110"}],"curies":[{"name":"wp","href":"https:\/\/api.w.org\/{rel}","templated":true}]}}