{"id":140114,"date":"2022-02-03T08:45:17","date_gmt":"2022-02-03T13:45:17","guid":{"rendered":"https:\/\/linitiative.ca\/International\/nord-les-consultations-pour-lelaboration-du-programme-de-developpement-regional-se-poursuivent\/"},"modified":"2022-02-03T08:45:17","modified_gmt":"2022-02-03T13:45:17","slug":"nord-les-consultations-pour-lelaboration-du-programme-de-developpement-regional-se-poursuivent","status":"publish","type":"post","link":"https:\/\/linitiative.ca\/International\/nord-les-consultations-pour-lelaboration-du-programme-de-developpement-regional-se-poursuivent\/","title":{"rendered":"Nord : Les consultations pour l\u2019\u00e9laboration du Programme de d\u00e9veloppement r\u00e9gional se poursuivent"},"content":{"rendered":"<div>\n<p><img loading=\"lazy\" decoding=\"async\" width=\"300\" height=\"153\" src=\"https:\/\/linitiative.ca\/International\/wp-content\/uploads\/sites\/23\/2022\/02\/omar-Moro-Region-Nord-Programme-de-developpement-regional-300x153-1.jpg\" class=\"attachment-medium size-medium wp-post-image\" alt=\"\" srcset=\"https:\/\/linitiative.ca\/International\/wp-content\/uploads\/sites\/23\/2022\/02\/omar-Moro-Region-Nord-Programme-de-developpement-regional-300x153-1.jpg 300w, https:\/\/aujourdhui.ma\/wp-content\/uploads\/2022\/02\/omar-Moro-Region-Nord-Programme-de-developpement-regional-274x140.jpg 274w, https:\/\/aujourdhui.ma\/wp-content\/uploads\/2022\/02\/omar-Moro-Region-Nord-Programme-de-developpement-regional.jpg 746w, https:\/\/aujourdhui.ma\/wp-content\/uploads\/2022\/02\/omar-Moro-Region-Nord-Programme-de-developpement-regional-165x84.jpg 165w, https:\/\/aujourdhui.ma\/wp-content\/uploads\/2022\/02\/omar-Moro-Region-Nord-Programme-de-developpement-regional-702x358.jpg 702w\" sizes=\"auto, (max-width: 300px) 100vw, 300px\"><\/p>\n<p><span style=\"font-size: 20px; color: #800000;\"><strong>Selon une approche participative visant \u00e0 recueillir les avis et les propositions des habitants de la r\u00e9gion<\/strong><\/span><span id=\"more-398939\"><\/span><\/p>\n<p>Lanc\u00e9e \u00e0 Fnideq, il y a plus d\u2019une quinzaine de jours, la caravane de concertations autour du nouveau Programme de d\u00e9veloppement r\u00e9gional (PDR) 2022-2027 vient de faire escale, mardi 1er f\u00e9vrier, \u00e0 T\u00e9touan, comme cinqui\u00e8me \u00e9tape de sa tourn\u00e9e r\u00e9gionale. Chapeaut\u00e9e par Omar Moro, pr\u00e9sident du Conseil r\u00e9gional de Tanger-T\u00e9touan-Al Hoceima (CR-TTA) et le gouverneur de la province de T\u00e9touan Younes Tazi, cette cinqui\u00e8me rencontre consultative s\u2019est d\u00e9roul\u00e9e, comme c\u2019\u00e9tait le cas pour les quatre pr\u00e9c\u00e9dentes \u00e9tapes (en l\u2019occurrence Fnideq, Ouezzane, Chefchaouen et Larache), en pr\u00e9sence du directeur g\u00e9n\u00e9ral de l\u2019Agence pour la promotion et le d\u00e9veloppement du Nord (APDN), Mounir El Bouyoussfi, des repr\u00e9sentants des autorit\u00e9s, des \u00e9lus r\u00e9gionaux, des responsables et des chefs des services ext\u00e9rieurs ainsi que des repr\u00e9sentants de la soci\u00e9t\u00e9 civile. Elle a connu, en plus d\u2019un d\u2019expos\u00e9 sur les indicateurs socio-\u00e9conomiques de la province de T\u00e9touan, une pr\u00e9sentation technique sur le cadre de r\u00e9f\u00e9rence pour la r\u00e9alisation de ce document, dont la version d\u00e9finitive servira, apr\u00e8s \u00eatre pass\u00e9e par toutes les phases de son \u00e9laboration et de sa mise en vigueur, \u00e0 la mise en place d\u2019une s\u00e9rie de projets et d\u2019actions permettant d\u2019insuffler une nouvelle dynamique au d\u00e9veloppement des huit pr\u00e9fectures et provinces que compte la r\u00e9gion du Nord.<\/p>\n<p>Pour une meilleure participation \u00e0 l\u2019\u00e9laboration du PDR 2022-2027, M. Moro a saisi l\u2019occasion pour faire part de la mise en place de la nouvelle plateforme \u00e9lectronique de consultation publique sur ce nouveau programme, par le biais d\u2019un lien affich\u00e9 sur le site web officiel du CR-TTA www.crtta.ma. Et ce selon une approche participative visant \u00e0 accueillir les avis et les propositions des habitants des diff\u00e9rentes pr\u00e9fectures et provinces de la r\u00e9gion ainsi que les intervenants parmi les \u00e9lus, les services ext\u00e9rieurs, les \u00e9tablissements publics, les chambres professionnelles, le secteur priv\u00e9, les organes consultatifs et les acteurs de la soci\u00e9t\u00e9 civile. Il a \u00e9t\u00e9 convenu, comme l\u2019a soulign\u00e9 le pr\u00e9sident du CR-TTA lors de son intervention, de mettre en avant l\u2019importance des diff\u00e9rentes phases de l\u2019\u00e9laboration du PDR destin\u00e9 \u00e0 couvrir les six prochaines ann\u00e9es.<\/p>\n<p>Ainsi, tous les intervenants sont appel\u00e9s \u00e0 apporter \u00abdes r\u00e9ponses appropri\u00e9es aux disparit\u00e9s sociales et spatiales, \u00e0 surmonter la lenteur constat\u00e9e dans la r\u00e9alisation de certains projets et \u00e0 actualiser les approches de gestion pour faire face aux cons\u00e9quences de la crise du coronavirus sur les domaines sanitaire, social, \u00e9conomique et environnemental\u00bb, a dit M. Moro, tout en soulignant l\u2019importance de l\u2019institution r\u00e9gionale \u00e0 m\u00eame de donner l\u2019exemple, \u00e0 travers plus de rationalisation dans la gestion des ressources financi\u00e8res, en \u00e9conomisant sur les d\u00e9penses de mise en \u0153uvre, de suivi et d\u2019\u00e9valuation des projets, gr\u00e2ce \u00e0 \u00abl\u2019utilisation optimale et efficace des ressources propres de la r\u00e9gion\u00bb.<\/p>\n<\/div>\n<p>Auteur: Najat Fa\u00efssal<br \/>\n<a href=\"https:\/\/aujourdhui.ma\/economie\/nord-les-consultations-pour-lelaboration-du-programme-de-developpement-regional-se-poursuivent\">Cliquez ici pour lire l&rsquo;article depuis sa source.<\/a><\/p>\n","protected":false},"excerpt":{"rendered":"<p>Selon une approche participative visant \u00e0 recueillir les avis et les propositions des habitants de la r\u00e9gion Lanc\u00e9e \u00e0 Fnideq, il y a plus d\u2019une quinzaine de jours, la caravane de concertations autour du nouveau Programme de d\u00e9veloppement r\u00e9gional (PDR) 2022-2027 vient de faire escale, mardi 1er f\u00e9vrier, \u00e0 T\u00e9touan, comme cinqui\u00e8me \u00e9tape de sa [&hellip;]<\/p>\n","protected":false},"author":1759,"featured_media":0,"comment_status":"closed","ping_status":"closed","sticky":false,"template":"","format":"standard","meta":{"fifu_image_url":"https:\/\/aujourdhui.ma\/wp-content\/uploads\/2022\/02\/omar-Moro-Region-Nord-Programme-de-developpement-regional-300x153.jpg","fifu_image_alt":"Nord : Les consultations pour l\u2019\u00e9laboration du Programme de d\u00e9veloppement r\u00e9gional se poursuivent","footnotes":""},"categories":[73,54],"tags":[],"class_list":["post-140114","post","type-post","status-publish","format-standard","hentry","category-actualite","category-maroc"],"_links":{"self":[{"href":"https:\/\/linitiative.ca\/International\/wp-json\/wp\/v2\/posts\/140114","targetHints":{"allow":["GET"]}}],"collection":[{"href":"https:\/\/linitiative.ca\/International\/wp-json\/wp\/v2\/posts"}],"about":[{"href":"https:\/\/linitiative.ca\/International\/wp-json\/wp\/v2\/types\/post"}],"author":[{"embeddable":true,"href":"https:\/\/linitiative.ca\/International\/wp-json\/wp\/v2\/users\/1759"}],"replies":[{"embeddable":true,"href":"https:\/\/linitiative.ca\/International\/wp-json\/wp\/v2\/comments?post=140114"}],"version-history":[{"count":0,"href":"https:\/\/linitiative.ca\/International\/wp-json\/wp\/v2\/posts\/140114\/revisions"}],"wp:attachment":[{"href":"https:\/\/linitiative.ca\/International\/wp-json\/wp\/v2\/media?parent=140114"}],"wp:term":[{"taxonomy":"category","embeddable":true,"href":"https:\/\/linitiative.ca\/International\/wp-json\/wp\/v2\/categories?post=140114"},{"taxonomy":"post_tag","embeddable":true,"href":"https:\/\/linitiative.ca\/International\/wp-json\/wp\/v2\/tags?post=140114"}],"curies":[{"name":"wp","href":"https:\/\/api.w.org\/{rel}","templated":true}]}}