{"id":140122,"date":"2022-02-03T10:57:26","date_gmt":"2022-02-03T15:57:26","guid":{"rendered":"https:\/\/linitiative.ca\/International\/maroc-pologne-vers-le-renforcement-du-partenariat-economique\/"},"modified":"2022-02-03T10:57:26","modified_gmt":"2022-02-03T15:57:26","slug":"maroc-pologne-vers-le-renforcement-du-partenariat-economique","status":"publish","type":"post","link":"https:\/\/linitiative.ca\/International\/maroc-pologne-vers-le-renforcement-du-partenariat-economique\/","title":{"rendered":"Maroc \u2013 Pologne : Vers le renforcement du partenariat \u00e9conomique"},"content":{"rendered":"<div>\n<p><img loading=\"lazy\" decoding=\"async\" width=\"300\" height=\"153\" src=\"https:\/\/linitiative.ca\/International\/wp-content\/uploads\/sites\/23\/2022\/02\/L-ambassadeur-du-Maroc-en-Pologne-Abderrahim-Atmoun-300x153-1.jpg\" class=\"attachment-medium size-medium wp-post-image\" alt=\"\" srcset=\"https:\/\/linitiative.ca\/International\/wp-content\/uploads\/sites\/23\/2022\/02\/L-ambassadeur-du-Maroc-en-Pologne-Abderrahim-Atmoun-300x153-1.jpg 300w, https:\/\/aujourdhui.ma\/wp-content\/uploads\/2022\/02\/L-ambassadeur-du-Maroc-en-Pologne-Abderrahim-Atmoun-274x140.jpg 274w, https:\/\/aujourdhui.ma\/wp-content\/uploads\/2022\/02\/L-ambassadeur-du-Maroc-en-Pologne-Abderrahim-Atmoun.jpg 746w, https:\/\/aujourdhui.ma\/wp-content\/uploads\/2022\/02\/L-ambassadeur-du-Maroc-en-Pologne-Abderrahim-Atmoun-165x84.jpg 165w, https:\/\/aujourdhui.ma\/wp-content\/uploads\/2022\/02\/L-ambassadeur-du-Maroc-en-Pologne-Abderrahim-Atmoun-702x358.jpg 702w\" sizes=\"auto, (max-width: 300px) 100vw, 300px\"><\/p>\n<p><span style=\"color: #800000; font-size: 20px;\"><strong>L\u2019ambassadeur du Maroc en Pologne, Abderrahim Atmoun a tenu, mercredi \u00e0 Varsovie, une s\u00e9ance de travail avec le PDG de l\u2019agence polonaise pour l\u2019investissement et le commerce, Krzysztof Drynda consacr\u00e9e aux moyenx \u00e0 mettre en \u0153uvre pour booster les \u00e9changes commerciaux entre le Maroc et la Pologne.<\/strong><\/span><span id=\"more-399002\"><\/span><\/p>\n<p>Selon un communiqu\u00e9 de l\u2019ambassade, cette r\u00e9union, \u00e0 laquelle ont pris part la directrice-adjointe de l\u2019agence polonaise pour l\u2019investissement et le commerce Agnieszka Cie\u0107wierz et la consultante de la r\u00e9gion Afrique et Moyen-Orient au centre polonais d\u2019export, Marta Teperska, a \u00e9t\u00e9 l\u2019occasion pour mettre en relief la dynamique enclench\u00e9e en mati\u00e8re commerciale au plan bilat\u00e9ral comme t\u00e9moigne le nombre croissant d\u2019entreprises polonaises tr\u00e8s int\u00e9ress\u00e9es par l\u2019investissement au Maroc.<\/p>\n<p>M. Drynda a salu\u00e9 la r\u00e9ussite de la mission \u00e9conomique d\u2019entreprises polonaises lors de sa visite au Maroc en septembre dernier, soulignant que l\u2019Agence polonaise pour l\u2019investissement et le commerce apporterait le soutien n\u00e9cessaire pour maintenir cette dynamique croissante des entreprises polonaises qui veulent s\u2019installer dans le Royaume.<br \/>\nLe responsable polonais a annonc\u00e9, \u00e0 cette occasion, la prochaine ouverture d\u2019une soci\u00e9t\u00e9 polonaise au Maroc, le but \u00e9tant de dynamiser les \u00e9changes commerciaux bilat\u00e9raux.<\/p>\n<p>M. Atmoun a rappel\u00e9 \u00e0 ses interlocuteurs les opportunit\u00e9s d\u2019affaires au Maroc, en particulier dans les provinces du sud du Royaume, en tant que hub et porte vers l\u2019Afrique, lesquelles connaissent un essor \u00e9conomique remarquable.<br \/>\nLes perspectives de partenariat, la coop\u00e9ration bilat\u00e9rale et le r\u00f4le de la diplomatie dans le renforcement et la consolidation des liens entre les op\u00e9rateurs \u00e9conomiques dans les deux pays ont \u00e9t\u00e9 examin\u00e9s \u00e9galement lors de cette r\u00e9union, ajoute la m\u00eame source.<\/p>\n<\/div>\n<p>Auteur: ALM<br \/>\n<a href=\"https:\/\/aujourdhui.ma\/actualite\/maroc-pologne-vers-le-renforcement-du-partenariat-economique\">Cliquez ici pour lire l&rsquo;article depuis sa source.<\/a><\/p>\n","protected":false},"excerpt":{"rendered":"<p>L\u2019ambassadeur du Maroc en Pologne, Abderrahim Atmoun a tenu, mercredi \u00e0 Varsovie, une s\u00e9ance de travail avec le PDG de l\u2019agence polonaise pour l\u2019investissement et le commerce, Krzysztof Drynda consacr\u00e9e aux moyenx \u00e0 mettre en \u0153uvre pour booster les \u00e9changes commerciaux entre le Maroc et la Pologne. Selon un communiqu\u00e9 de l\u2019ambassade, cette r\u00e9union, \u00e0 [&hellip;]<\/p>\n","protected":false},"author":1759,"featured_media":0,"comment_status":"closed","ping_status":"closed","sticky":false,"template":"","format":"standard","meta":{"fifu_image_url":"https:\/\/aujourdhui.ma\/wp-content\/uploads\/2022\/02\/L-ambassadeur-du-Maroc-en-Pologne-Abderrahim-Atmoun-300x153.jpg","fifu_image_alt":"Maroc \u2013 Pologne : Vers le renforcement du partenariat \u00e9conomique","footnotes":""},"categories":[73,54],"tags":[],"class_list":["post-140122","post","type-post","status-publish","format-standard","hentry","category-actualite","category-maroc"],"_links":{"self":[{"href":"https:\/\/linitiative.ca\/International\/wp-json\/wp\/v2\/posts\/140122","targetHints":{"allow":["GET"]}}],"collection":[{"href":"https:\/\/linitiative.ca\/International\/wp-json\/wp\/v2\/posts"}],"about":[{"href":"https:\/\/linitiative.ca\/International\/wp-json\/wp\/v2\/types\/post"}],"author":[{"embeddable":true,"href":"https:\/\/linitiative.ca\/International\/wp-json\/wp\/v2\/users\/1759"}],"replies":[{"embeddable":true,"href":"https:\/\/linitiative.ca\/International\/wp-json\/wp\/v2\/comments?post=140122"}],"version-history":[{"count":0,"href":"https:\/\/linitiative.ca\/International\/wp-json\/wp\/v2\/posts\/140122\/revisions"}],"wp:attachment":[{"href":"https:\/\/linitiative.ca\/International\/wp-json\/wp\/v2\/media?parent=140122"}],"wp:term":[{"taxonomy":"category","embeddable":true,"href":"https:\/\/linitiative.ca\/International\/wp-json\/wp\/v2\/categories?post=140122"},{"taxonomy":"post_tag","embeddable":true,"href":"https:\/\/linitiative.ca\/International\/wp-json\/wp\/v2\/tags?post=140122"}],"curies":[{"name":"wp","href":"https:\/\/api.w.org\/{rel}","templated":true}]}}