{"id":140126,"date":"2022-02-03T08:08:29","date_gmt":"2022-02-03T13:08:29","guid":{"rendered":"https:\/\/linitiative.ca\/International\/la-reouverture-de-lespace-aerien-une-decision-salvatrice\/"},"modified":"2022-02-03T08:08:29","modified_gmt":"2022-02-03T13:08:29","slug":"la-reouverture-de-lespace-aerien-une-decision-salvatrice","status":"publish","type":"post","link":"https:\/\/linitiative.ca\/International\/la-reouverture-de-lespace-aerien-une-decision-salvatrice\/","title":{"rendered":"La r\u00e9ouverture de l\u2019espace a\u00e9rien, une d\u00e9cision salvatrice"},"content":{"rendered":"<div>\n<p class=\"has-text-align-center has-vivid-red-color has-text-color\"><strong>Tourisme<\/strong><\/p>\n<p class=\"has-vivid-cyan-blue-color has-text-color\"><strong>La r\u00e9ouverture de l\u2019espace a\u00e9rien, pr\u00e9vue le 7 f\u00e9vrier, est une d\u00e9cision salvatrice pour l\u2019industrie du tourisme, a affirm\u00e9, mercredi \u00e0 Casablanca, le pr\u00e9sident de la Conf\u00e9d\u00e9ration nationale du tourisme (CNT), Hamid Bentahar.<\/strong><\/p>\n<p>\u00abCette d\u00e9cision \u00e9tait indispensable pour assurer la survie de toute notre industrie. C\u2019est une d\u00e9cision salvatrice\u00bb, a dit M. Bentahar lors d\u2019une rencontre entre le Chef du Gouvernement, Aziz Akhannouch et le pr\u00e9sident de la Conf\u00e9d\u00e9ration G\u00e9n\u00e9rale des Entreprises du Maroc (CGEM), Chakib Alj, tenue pour discuter de la n\u00e9cessit\u00e9 d\u2019accompagner la r\u00e9cente d\u00e9cision d\u2019ouvrir l\u2019espace a\u00e9rien, par des mesures adapt\u00e9es \u00e0 l\u2019ampleur des enjeux.<\/p>\n<p>Les conditions d\u2019ouverture qui ont \u00e9t\u00e9 fix\u00e9es sont aussi importantes que l\u2019ouverture elle-m\u00eame, a-t-il poursuivi, soulignant l\u2019importance de continuer \u00e0 s\u2019aligner aux standards internationaux en termes de conditions d\u2019acc\u00e8s au pays, car l\u2019un des challenges aujourd\u2019hui r\u00e9side dans la reconqu\u00eate de la confiance de nos partenaires, des prescripteurs de voyage internationaux, des Tour Op\u00e9rateurs, des compagnies a\u00e9riennes et des visiteurs (Client Final). M. Bentahar a fait savoir que les op\u00e9rateurs du secteur touristique sont dispos\u00e9s \u00e0 continuer \u00e0 mettre en \u0153uvre toutes les mesures n\u00e9cessaires en mati\u00e8re de sensibilisation et de protocole sanitaire pour pr\u00e9server la sant\u00e9 de leurs h\u00f4tes et celle de leurs employ\u00e9s. \u00abNous avons jusqu\u2019ici pris la pleine mesure des enjeux et respect\u00e9 toutes ces mesures et nous continuerons \u00e0 le faire tant que cette pand\u00e9mie n\u2019est pas \u00e9radiqu\u00e9e\u00bb.<\/p>\n<p>Par ailleurs, le pr\u00e9sident de la CNT a fait part de ses ambitions que le tourisme au Maroc retrouve sa place dans l\u2019\u00e9chiquier mondial, que la Destination Maroc redevienne attractive, qu\u2019elle retrouve sa place dans le Top 30 Mondial et que le Maroc rayonne plus que jamais \u00e0 travers le monde. \u00abSi nous sommes plus rapides dans l\u2019ex\u00e9cution de nos d\u00e9cisions et que nous mettons tout en \u0153uvre, \u00e0 savoir le contrat-programme du secteur du tourisme et les 10 mesures du pacte responsable pour l\u2019ensemble des acteurs du secteur, nous y arriverons\u00bb, a-t-il dit. Et d\u2019ajouter: \u00abNous ne pouvons pas et nous ne devons pas perdre les acquis de la vision Royale qui a fait du tourisme marocain un champion r\u00e9gional et continental\u00bb.<\/p>\n<p>Cette r\u00e9union s\u2019est d\u00e9roul\u00e9e en pr\u00e9sence de la ministre de l\u2019\u00c9conomie et des Finances, Nadia Fettah, du ministre de la Sant\u00e9 et de la Protection sociale, Khalid Ait Taleb et du ministre de l\u2019Inclusion \u00e9conomique, de la Petite entreprise, de l\u2019Emploi et des Comp\u00e9tences, Younes Sekkouri, ainsi que des membres de la Conf\u00e9d\u00e9ration.<\/p>\n<p>L\u2019article <a rel=\"nofollow\" href=\"http:\/\/albayane.press.ma\/la-reouverture-de-lespace-aerien-une-decision-salvatrice.html\">La r\u00e9ouverture de l\u2019espace a\u00e9rien, une d\u00e9cision salvatrice<\/a> est apparu en premier sur <a rel=\"nofollow\" href=\"http:\/\/albayane.press.ma\/\">ALBAYANE<\/a>.<\/p>\n<\/div>\n<p>Auteur: M&rsquo;hammed rahal<br \/>\n<a href=\"http:\/\/albayane.press.ma\/la-reouverture-de-lespace-aerien-une-decision-salvatrice.html\">Cliquez ici pour lire l&rsquo;article depuis sa source.<\/a><\/p>\n","protected":false},"excerpt":{"rendered":"<p>Tourisme La r\u00e9ouverture de l\u2019espace a\u00e9rien, pr\u00e9vue le 7 f\u00e9vrier, est une d\u00e9cision salvatrice pour l\u2019industrie du tourisme, a affirm\u00e9, mercredi \u00e0 Casablanca, le pr\u00e9sident de la Conf\u00e9d\u00e9ration nationale du tourisme (CNT), Hamid Bentahar. \u00abCette d\u00e9cision \u00e9tait indispensable pour assurer la survie de toute notre industrie. C\u2019est une d\u00e9cision salvatrice\u00bb, a dit M. Bentahar lors [&hellip;]<\/p>\n","protected":false},"author":1760,"featured_media":0,"comment_status":"closed","ping_status":"closed","sticky":false,"template":"","format":"standard","meta":{"fifu_image_url":"","fifu_image_alt":"","footnotes":""},"categories":[73,54],"tags":[],"class_list":["post-140126","post","type-post","status-publish","format-standard","hentry","category-actualite","category-maroc"],"_links":{"self":[{"href":"https:\/\/linitiative.ca\/International\/wp-json\/wp\/v2\/posts\/140126","targetHints":{"allow":["GET"]}}],"collection":[{"href":"https:\/\/linitiative.ca\/International\/wp-json\/wp\/v2\/posts"}],"about":[{"href":"https:\/\/linitiative.ca\/International\/wp-json\/wp\/v2\/types\/post"}],"author":[{"embeddable":true,"href":"https:\/\/linitiative.ca\/International\/wp-json\/wp\/v2\/users\/1760"}],"replies":[{"embeddable":true,"href":"https:\/\/linitiative.ca\/International\/wp-json\/wp\/v2\/comments?post=140126"}],"version-history":[{"count":0,"href":"https:\/\/linitiative.ca\/International\/wp-json\/wp\/v2\/posts\/140126\/revisions"}],"wp:attachment":[{"href":"https:\/\/linitiative.ca\/International\/wp-json\/wp\/v2\/media?parent=140126"}],"wp:term":[{"taxonomy":"category","embeddable":true,"href":"https:\/\/linitiative.ca\/International\/wp-json\/wp\/v2\/categories?post=140126"},{"taxonomy":"post_tag","embeddable":true,"href":"https:\/\/linitiative.ca\/International\/wp-json\/wp\/v2\/tags?post=140126"}],"curies":[{"name":"wp","href":"https:\/\/api.w.org\/{rel}","templated":true}]}}