{"id":140127,"date":"2022-02-03T08:16:37","date_gmt":"2022-02-03T13:16:37","guid":{"rendered":"https:\/\/linitiative.ca\/International\/les-volontaires-heros-de-la-soiree\/"},"modified":"2022-02-03T08:16:37","modified_gmt":"2022-02-03T13:16:37","slug":"les-volontaires-heros-de-la-soiree","status":"publish","type":"post","link":"https:\/\/linitiative.ca\/International\/les-volontaires-heros-de-la-soiree\/","title":{"rendered":"Les volontaires, h\u00e9ros de la soir\u00e9e"},"content":{"rendered":"<div>\n<p class=\"has-text-align-center has-vivid-red-color has-text-color\"><strong>Sauvetage du petit Rayan coinc\u00e9 dans un puits<\/strong><\/p>\n<p class=\"has-text-align-right\"><strong>Karim Ben Amar<\/strong><\/p>\n<p class=\"has-text-color\" style=\"color:#0651e5\"><strong>Le petit Rayan, tout juste \u00e2g\u00e9 de 5 ans, est coinc\u00e9 au fond <\/strong><strong>d\u2019un puits<\/strong><strong> <\/strong><strong>depuis le mardi 1er f\u00e9vrier. Le tragique \u00e9v\u00e8nement se d\u00e9roule dans la commune rurale de Tamrout dans les environs de Bab Berred \u00e0 proximit\u00e9 de la ville de Chefchaouen. De nombreuses vid\u00e9os et \u00abLive\u00bb montrent que l\u2019enfant est toujours en vie. Plusieurs op\u00e9rations de sauvetage se poursuivent. Fait marquant lors de cette longue soir\u00e9e\u00a0: plusieurs b\u00e9n\u00e9voles se portent <\/strong><strong>volontaires<\/strong><strong> pour aller secourir Rayan.<\/strong><\/p>\n<p class=\"has-black-color has-text-color\">Un tragique \u00e9v\u00e8nement se d\u00e9roule \u00e0 Tamrout, dans la province de Chefchaouen. Le petit\u00a0Rayan se trouve pris au pi\u00e8ge depuis l\u2019apr\u00e8s-midi du mardi 1<sup>er<\/sup> f\u00e9vrier, apr\u00e8s sa chute dans un puits.<\/p>\n<p>De nombreuses vid\u00e9os et \u00ab\u00a0Live\u00a0\u00bb relay\u00e9s par les r\u00e9seaux sociaux montrent l\u2019enfant sain et sauf. Rien de grave \u00e0 premi\u00e8re vue mis \u00e0 part une petite \u00e9gratignure sur le front, sans gravit\u00e9. De l\u2019oxyg\u00e8ne a \u00e9t\u00e9 introduit dans le puits par les autorit\u00e9s, une aide pr\u00e9cieuse pour l\u2019enfant de 5 ans. Une \u00e9quipe m\u00e9dicale est d\u00e9j\u00e0 sur place afin de prodiguer les premiers soins \u00e0 la victime de la chute d\u00e8s sa sortie.<\/p>\n<p>Son p\u00e8re, Khaled Aourem, a fait savoir dans une d\u00e9claration \u00e0 la presse que \u00abRayan a disparu aux alentours de 15H. Quelques instants plus tard, nous avons compris qu\u2019il \u00e9tait tomb\u00e9 dans le puits\u00bb. Et d\u2019ajouter, \u00abc\u2019est \u00e0 ce moment-l\u00e0 que nous avons contact\u00e9 les autorit\u00e9s qui sont sur le pied de guerre depuis mardi\u00bb.<\/p>\n<p>Quant \u00e0 l\u2019\u00e9tat de sant\u00e9 du petit Rayan, son p\u00e8re r\u00e9v\u00e8le que \u00abje ne pense pas qu\u2019il soit bless\u00e9 puisqu\u2019 il s\u2019allonge sur ses deux c\u00f4t\u00e9s. De plus, il s\u2019est assis pour boire de l\u2019eau. N\u00e9anmoins, il ne parle pas, mais il donne des signes de vie\u00bb.<\/p>\n<p>Pour information, l\u2019enfant est coinc\u00e9 \u00e0 une profondeur de 32 m\u00e8tres. Les secours doivent creuser 33 \u00e0 34 m\u00e8tres pour pouvoir extirper par le haut Rayan. La difficult\u00e9 de cette op\u00e9ration est que le puits qui a \u00e9t\u00e9 creus\u00e9 \u00e0 la sonde est tr\u00e8s \u00e9troit. De plus, il ne faut pas risquer de provoquer un \u00e9boulement, ce qui rend la t\u00e2che plus ardue. De nombreuse grues sont \u00e0 la t\u00e2che pour creuser au plus vite.<\/p>\n<p>Le p\u00e8re de Rayan a aussi tenu \u00e0 remercier les citoyens qui se sont d\u00e9plac\u00e9s en nombre pour soutenir la famille dans cette rude \u00e9preuve. Aussi, lors de cette longue soir\u00e9e plusieurs jeunes volontaires en fait le d\u00e9placement, parfois de tr\u00e8s loin, pour tenter de secourir l\u2019enfant bloqu\u00e9. Ces volontaires sont des secouristes aguerris aux sauvetages extr\u00eames en montagne. Militants associatifs ou membres de la Croix Rouge, tous n\u2019ont qu\u2019un espoir, pouvoir sortir le petit Rayan de cette gal\u00e8re au plus vite. Tous se sont plaints d\u2019un manque criant de mat\u00e9riels de sauvetage et exhortent les sauveteurs de petites tailles \u00e0 se pr\u00e9senter sur les lieux du drame pour apporter leur aide et tenter de secourir l\u2019enfant en p\u00e9n\u00e9trant dans la tr\u00e8s \u00e9troite br\u00e8che qui conduit \u00e0 la victime.<\/p>\n<p>A l\u2019heure o\u00f9 nous traitons l\u2019information, les sauveteurs continuent de creuser l\u2019ouverture qui leur permettra de sortir l\u2019enfant. Cela devra encore prendre quelques heures puisque sur les 32 m\u00e8tres de profondeur que fait le puits, les secouristes ont creus\u00e9 pour l\u2019heure 18 m\u00e8tres. Il faut compter une heure par m\u00e8tre creus\u00e9.<\/p>\n<p>L\u2019article <a rel=\"nofollow\" href=\"http:\/\/albayane.press.ma\/les-volontaires-heros-de-la-soiree.html\">Les volontaires, h\u00e9ros de la soir\u00e9e<\/a> est apparu en premier sur <a rel=\"nofollow\" href=\"http:\/\/albayane.press.ma\/\">ALBAYANE<\/a>.<\/p>\n<\/div>\n<p>Auteur: M&rsquo;hammed rahal<br \/>\n<a href=\"http:\/\/albayane.press.ma\/les-volontaires-heros-de-la-soiree.html\">Cliquez ici pour lire l&rsquo;article depuis sa source.<\/a><\/p>\n","protected":false},"excerpt":{"rendered":"<p>Sauvetage du petit Rayan coinc\u00e9 dans un puits Karim Ben Amar Le petit Rayan, tout juste \u00e2g\u00e9 de 5 ans, est coinc\u00e9 au fond d\u2019un puits depuis le mardi 1er f\u00e9vrier. Le tragique \u00e9v\u00e8nement se d\u00e9roule dans la commune rurale de Tamrout dans les environs de Bab Berred \u00e0 proximit\u00e9 de la ville de Chefchaouen. [&hellip;]<\/p>\n","protected":false},"author":1760,"featured_media":0,"comment_status":"closed","ping_status":"closed","sticky":false,"template":"","format":"standard","meta":{"fifu_image_url":"","fifu_image_alt":"","footnotes":""},"categories":[73,54],"tags":[],"class_list":["post-140127","post","type-post","status-publish","format-standard","hentry","category-actualite","category-maroc"],"_links":{"self":[{"href":"https:\/\/linitiative.ca\/International\/wp-json\/wp\/v2\/posts\/140127","targetHints":{"allow":["GET"]}}],"collection":[{"href":"https:\/\/linitiative.ca\/International\/wp-json\/wp\/v2\/posts"}],"about":[{"href":"https:\/\/linitiative.ca\/International\/wp-json\/wp\/v2\/types\/post"}],"author":[{"embeddable":true,"href":"https:\/\/linitiative.ca\/International\/wp-json\/wp\/v2\/users\/1760"}],"replies":[{"embeddable":true,"href":"https:\/\/linitiative.ca\/International\/wp-json\/wp\/v2\/comments?post=140127"}],"version-history":[{"count":0,"href":"https:\/\/linitiative.ca\/International\/wp-json\/wp\/v2\/posts\/140127\/revisions"}],"wp:attachment":[{"href":"https:\/\/linitiative.ca\/International\/wp-json\/wp\/v2\/media?parent=140127"}],"wp:term":[{"taxonomy":"category","embeddable":true,"href":"https:\/\/linitiative.ca\/International\/wp-json\/wp\/v2\/categories?post=140127"},{"taxonomy":"post_tag","embeddable":true,"href":"https:\/\/linitiative.ca\/International\/wp-json\/wp\/v2\/tags?post=140127"}],"curies":[{"name":"wp","href":"https:\/\/api.w.org\/{rel}","templated":true}]}}