{"id":140128,"date":"2022-02-03T08:57:43","date_gmt":"2022-02-03T13:57:43","guid":{"rendered":"https:\/\/linitiative.ca\/International\/politique-culturelle\/"},"modified":"2022-02-03T08:57:43","modified_gmt":"2022-02-03T13:57:43","slug":"politique-culturelle","status":"publish","type":"post","link":"https:\/\/linitiative.ca\/International\/politique-culturelle\/","title":{"rendered":"Politique culturelle !"},"content":{"rendered":"<div>\n<p class=\"has-text-align-center has-vivid-red-color has-text-color\"><strong>Sur le vif<\/strong><\/p>\n<p class=\"has-text-align-right\"><strong>Mohamed\u00a0Nait Youssef<\/strong><\/p>\n<p class=\"has-vivid-cyan-blue-color has-text-color\"><strong>A la Chambre des Repr\u00e9sentants, le d\u00e9bat sur la politique culturelle au Maroc a battu son plein, lundi 31 janvier, lors de la s\u00e9ance pl\u00e9ni\u00e8re consacr\u00e9e aux questions de politique g\u00e9n\u00e9rale adress\u00e9es au Chef du gouvernement.<\/strong><\/p>\n<p>Au total, ce sont cinq questions centrales adress\u00e9es par cinq groupes parlementaires sur le m\u00eame sujet : la culture et la politique culturelle. En outre, les ambitions du nouveau gouvernement dans son programme gouvernemental 2021-2026 ne r\u00e9pondent pas largement aux grandes attentes des professionnels et travailleurs du secteur culturel profond\u00e9ment impact\u00e9 et fragilis\u00e9 par la pand\u00e9mie.<\/p>\n<p>Car, ce secteur, ayant besoin aujourd\u2019hui plus que jamais d\u2019une relance et des id\u00e9es nouvelles, a \u00e9t\u00e9 souvent proie de l\u2019absence parfois totale de vision politique audacieuse, claire et ferme. Pis encore, les d\u00e9cideurs politiques, les \u00e9lus, \u00e0 quelques exceptions pr\u00e8s, pour ne pas g\u00e9n\u00e9raliser, n\u2019ont jamais consid\u00e9r\u00e9 la culture comme priorit\u00e9.<\/p>\n<p>En revanche, elle a toujours \u00e9t\u00e9 vue, malheureusement, comme un simple moyen de divertissement ou de luxe. La preuve ? Jusqu\u2019\u00e0 pr\u00e9sent, les politiques publiques n\u2019ont pas suffisamment investi davantage dans la culture afin de la transformer en une r\u00e9elle \u00e9conomie ind\u00e9pendante et concurrente; \u00e0 l\u2019instar des autres pays o\u00f9 le secteur culturel est g\u00e9n\u00e9rateur de revenus, cr\u00e9ateur de richesses et d\u2019offres d\u2019emploi.<\/p>\n<p>Pourtant, le discours sur les industries culturelles et cr\u00e9atives commence \u00e0 avoir une place assez importante dans la sph\u00e8re culturelle et dans certains milieux associatifs et politiques. Le discours est l\u00e0, mais il faudrait d\u2019abord et essentiellement mettre en place une vision, une strat\u00e9gie efficace, des structures structurantes et des v\u00e9ritables fondements d\u2019une industrie sur le plan \u00e9conomique, l\u00e9gislatif, administratif o\u00f9 les acteurs concern\u00e9s apportent leur pierre \u00e0 cet \u00e9difice.<\/p>\n<p>Pour ce faire, une grande partie de ce chantier se jouera au Parlement o\u00f9 des lois relatives au m\u00e9c\u00e9nat, BMDA sont les bureaux des deux chambres. Les enjeux sont de taille et les ambitions sont \u00e9normes, notamment dans un contexte qui \u00e9volue \u00e0 grande vitesse o\u00f9 le num\u00e9rique, le streaming et les nouveaux march\u00e9s envahissent le monde.<\/p>\n<p>Aujourd\u2019hui, la sc\u00e8ne artistique et culturelle est dans l\u2019attente d\u2019un v\u00e9ritable rebondissement et d\u2019une relance pour qu\u2019elle puisse retrouver son \u00e9clat.<\/p>\n<p>L\u2019article <a rel=\"nofollow\" href=\"http:\/\/albayane.press.ma\/politique-culturelle.html\">Politique culturelle !<\/a> est apparu en premier sur <a rel=\"nofollow\" href=\"http:\/\/albayane.press.ma\/\">ALBAYANE<\/a>.<\/p>\n<\/div>\n<p>Auteur: M&rsquo;hammed rahal<br \/>\n<a href=\"http:\/\/albayane.press.ma\/politique-culturelle.html\">Cliquez ici pour lire l&rsquo;article depuis sa source.<\/a><\/p>\n","protected":false},"excerpt":{"rendered":"<p>Sur le vif Mohamed\u00a0Nait Youssef A la Chambre des Repr\u00e9sentants, le d\u00e9bat sur la politique culturelle au Maroc a battu son plein, lundi 31 janvier, lors de la s\u00e9ance pl\u00e9ni\u00e8re consacr\u00e9e aux questions de politique g\u00e9n\u00e9rale adress\u00e9es au Chef du gouvernement. Au total, ce sont cinq questions centrales adress\u00e9es par cinq groupes parlementaires sur le [&hellip;]<\/p>\n","protected":false},"author":1760,"featured_media":0,"comment_status":"closed","ping_status":"closed","sticky":false,"template":"","format":"standard","meta":{"fifu_image_url":"","fifu_image_alt":"","footnotes":""},"categories":[73,54],"tags":[],"class_list":["post-140128","post","type-post","status-publish","format-standard","hentry","category-actualite","category-maroc"],"_links":{"self":[{"href":"https:\/\/linitiative.ca\/International\/wp-json\/wp\/v2\/posts\/140128","targetHints":{"allow":["GET"]}}],"collection":[{"href":"https:\/\/linitiative.ca\/International\/wp-json\/wp\/v2\/posts"}],"about":[{"href":"https:\/\/linitiative.ca\/International\/wp-json\/wp\/v2\/types\/post"}],"author":[{"embeddable":true,"href":"https:\/\/linitiative.ca\/International\/wp-json\/wp\/v2\/users\/1760"}],"replies":[{"embeddable":true,"href":"https:\/\/linitiative.ca\/International\/wp-json\/wp\/v2\/comments?post=140128"}],"version-history":[{"count":0,"href":"https:\/\/linitiative.ca\/International\/wp-json\/wp\/v2\/posts\/140128\/revisions"}],"wp:attachment":[{"href":"https:\/\/linitiative.ca\/International\/wp-json\/wp\/v2\/media?parent=140128"}],"wp:term":[{"taxonomy":"category","embeddable":true,"href":"https:\/\/linitiative.ca\/International\/wp-json\/wp\/v2\/categories?post=140128"},{"taxonomy":"post_tag","embeddable":true,"href":"https:\/\/linitiative.ca\/International\/wp-json\/wp\/v2\/tags?post=140128"}],"curies":[{"name":"wp","href":"https:\/\/api.w.org\/{rel}","templated":true}]}}