{"id":140129,"date":"2022-02-03T09:02:36","date_gmt":"2022-02-03T14:02:36","guid":{"rendered":"https:\/\/linitiative.ca\/International\/ma-nature-nouvelle-exposition-de-abdelkrim-ouazzani\/"},"modified":"2022-02-03T09:02:36","modified_gmt":"2022-02-03T14:02:36","slug":"ma-nature-nouvelle-exposition-de-abdelkrim-ouazzani","status":"publish","type":"post","link":"https:\/\/linitiative.ca\/International\/ma-nature-nouvelle-exposition-de-abdelkrim-ouazzani\/","title":{"rendered":"\u00abMa nature\u00bb nouvelle exposition de Abdelkrim Ouazzani"},"content":{"rendered":"<div>\n<p class=\"has-text-align-center has-vivid-red-color has-text-color\"><strong>La galerie \u00abKent\u00bb de Tanger transform\u00e9e en une grande parade<\/strong><\/p>\n<div class=\"wp-block-image\">\n<figure class=\"alignright size-large is-resized\"><img decoding=\"async\" loading=\"lazy\" src=\"https:\/\/linitiative.ca\/International\/wp-content\/uploads\/sites\/23\/2022\/02\/15-ouv-22.jpg\" alt=\"\" class=\"wp-image-131505\" width=\"231\" height=\"347\"><\/figure>\n<\/div>\n<p class=\"has-text-color\" style=\"color:#0651e5\"><strong>L\u2019artiste-peintre Abdelkrim Ouazzani, fait son come-back sur la sc\u00e8ne artistique Marocaine. Il revient en transformant la galerie tang\u00e9roise \u00abKent\u00bb en une grande parade. Connu par sa vision bas\u00e9e sur le plaisir, le jeu, l\u2019harmonie des formes et des couleurs, l\u2019artiste pr\u00e9sente jusqu\u2019au 17 f\u00e9vrier 2022 sa nouvelle exposition baptis\u00e9e \u00abMa nature\u00bb.<\/strong><\/p>\n<p>En effet, cette exposition transporte le public dans un monde imaginaire, merveilleux, rempli de bonheur et de joie. Tahar Ben Jelloun a t\u00e9moign\u00e9 \u00e0 cette occasion que, \u00abOuazzani est un po\u00e8te. Un po\u00e8te qui, au lieu d\u2019utiliser des mots, s\u2019empare des couleurs d\u2019enfance. Il raconte aussi des histoires, br\u00e8ves mais laissant \u00e0 notre imagination le pouvoir de les continuer, de les c\u00e9l\u00e9brer ou simplement de les garder pour soi. Il y a d\u2019abord cette l\u00e9g\u00e8ret\u00e9 qui nous emm\u00e8ne directement dans le pays du r\u00eave\u00bb.<\/p>\n<p>Il est \u00e0 souligner que, cette \u00e9v\u00e8nement donne \u00e0 voir un ensemble de cr\u00e9ations, constitu\u00e9es notamment des peintures et des sculptures color\u00e9es. On y trouve entres autres des grues-bicyclettes, des poissons-carrosses, des juments-vigognes aux mamelles de laiti\u00e8res normandes, des chouettes t\u00e9l\u00e9visions, des girafes \u00e0 h\u00e9lices ou des poussins acrobates\u2026 Indique le communiqu\u00e9 de la galerie.<\/p>\n<p>Il est \u00e0 rappeler que, l\u2019artiste chevronn\u00e9, native de T\u00e9touan Abdelkrim Ouazzani fut le premier peintre marocain \u00e0 \u00e9voluer dans la mouvance de la figuration libre. D\u2019abord son parcours a commenc\u00e9 lorsqu\u2019il a int\u00e9gr\u00e9 l\u2019\u00c9cole des Beaux-Arts de Paris en 1975, apr\u00e8s avoir achev\u00e9 un cursus identique dans sa ville natale. D\u00e8s son retour, le jeune et brillant dipl\u00f4m\u00e9 endossera la fonction de directeur p\u00e9dagogique de l\u2019Institut national des beaux-arts de T\u00e9touan, pour en assurer la direction jusqu\u2019\u00e0 sa retraite, en 2014.<\/p>\n<p>L\u2019artiste avait pr\u00e9sent\u00e9 son travail partout dans le monde et \u00e0 de nombreuses manifestations internationales. Depuis quelques ann\u00e9es, il avait re\u00e7u des honneurs principalement au Mus\u00e9e Mohammed VI d\u2019art contemporain, la Villa des arts de Rabat, le Comptoir des Mines de Marrakech, la Galerie Loft casablancaise, le r\u00e9seau entier des Instituts fran\u00e7ais, \u00e0 l\u2019Institut du Monde arabe parisien, \u00e0 Santiago du Chili, Sao Paulo, Palerme, Malaga ou Berlin. En 2019, le Centre d\u2019art moderne de T\u00e9touan lui a consacr\u00e9 sa saison, en lui rendant un grand hommage.<\/p>\n<p>L\u2019article <a rel=\"nofollow\" href=\"http:\/\/albayane.press.ma\/ma-nature-nouvelle-exposition-de-abdelkrim-ouazzani.html\">\u00abMa nature\u00bb nouvelle exposition de Abdelkrim Ouazzani<\/a> est apparu en premier sur <a rel=\"nofollow\" href=\"http:\/\/albayane.press.ma\/\">ALBAYANE<\/a>.<\/p>\n<\/div>\n<p>Auteur: M&rsquo;hammed rahal<br \/>\n<a href=\"http:\/\/albayane.press.ma\/ma-nature-nouvelle-exposition-de-abdelkrim-ouazzani.html\">Cliquez ici pour lire l&rsquo;article depuis sa source.<\/a><\/p>\n","protected":false},"excerpt":{"rendered":"<p>La galerie \u00abKent\u00bb de Tanger transform\u00e9e en une grande parade L\u2019artiste-peintre Abdelkrim Ouazzani, fait son come-back sur la sc\u00e8ne artistique Marocaine. Il revient en transformant la galerie tang\u00e9roise \u00abKent\u00bb en une grande parade. Connu par sa vision bas\u00e9e sur le plaisir, le jeu, l\u2019harmonie des formes et des couleurs, l\u2019artiste pr\u00e9sente jusqu\u2019au 17 f\u00e9vrier 2022 [&hellip;]<\/p>\n","protected":false},"author":1760,"featured_media":0,"comment_status":"closed","ping_status":"closed","sticky":false,"template":"","format":"standard","meta":{"fifu_image_url":"http:\/\/albayane.press.ma\/wp-content\/uploads\/15-ouv-22.jpg","fifu_image_alt":"\u00abMa nature\u00bb nouvelle exposition de Abdelkrim Ouazzani","footnotes":""},"categories":[73,54],"tags":[],"class_list":["post-140129","post","type-post","status-publish","format-standard","hentry","category-actualite","category-maroc"],"_links":{"self":[{"href":"https:\/\/linitiative.ca\/International\/wp-json\/wp\/v2\/posts\/140129","targetHints":{"allow":["GET"]}}],"collection":[{"href":"https:\/\/linitiative.ca\/International\/wp-json\/wp\/v2\/posts"}],"about":[{"href":"https:\/\/linitiative.ca\/International\/wp-json\/wp\/v2\/types\/post"}],"author":[{"embeddable":true,"href":"https:\/\/linitiative.ca\/International\/wp-json\/wp\/v2\/users\/1760"}],"replies":[{"embeddable":true,"href":"https:\/\/linitiative.ca\/International\/wp-json\/wp\/v2\/comments?post=140129"}],"version-history":[{"count":0,"href":"https:\/\/linitiative.ca\/International\/wp-json\/wp\/v2\/posts\/140129\/revisions"}],"wp:attachment":[{"href":"https:\/\/linitiative.ca\/International\/wp-json\/wp\/v2\/media?parent=140129"}],"wp:term":[{"taxonomy":"category","embeddable":true,"href":"https:\/\/linitiative.ca\/International\/wp-json\/wp\/v2\/categories?post=140129"},{"taxonomy":"post_tag","embeddable":true,"href":"https:\/\/linitiative.ca\/International\/wp-json\/wp\/v2\/tags?post=140129"}],"curies":[{"name":"wp","href":"https:\/\/api.w.org\/{rel}","templated":true}]}}