{"id":140131,"date":"2022-02-03T09:10:14","date_gmt":"2022-02-03T14:10:14","guid":{"rendered":"https:\/\/linitiative.ca\/International\/maintenu-vahid-reaffirme-sa-confiance-en-hadji-ziyech-leternel-banni\/"},"modified":"2022-02-03T09:10:14","modified_gmt":"2022-02-03T14:10:14","slug":"maintenu-vahid-reaffirme-sa-confiance-en-hadji-ziyech-leternel-banni","status":"publish","type":"post","link":"https:\/\/linitiative.ca\/International\/maintenu-vahid-reaffirme-sa-confiance-en-hadji-ziyech-leternel-banni\/","title":{"rendered":"Maintenu, Vahid r\u00e9affirme sa confiance en Hadji, Ziyech, l\u2019\u00e9ternel banni"},"content":{"rendered":"<div>\n<p class=\"has-text-align-center has-vivid-red-color has-text-color\"><strong>Le\u00e7ons de la CAN2021<\/strong><\/p>\n<p class=\"has-text-align-right\"><strong>Oussama Zidouhia<\/strong><\/p>\n<p class=\"has-text-color\" style=\"color:#063fe5\"><strong>Le s\u00e9lectionneur national, Vahid Halilhodzic, a tenu ce jeudi une conf\u00e9rence de presse au complexe Mohammed VI de football, dans le but d\u2019expliquer \u00e0 la presse marocaine les tenants et les aboutissants de l\u2019\u00e9chec des Lions de l\u2019Atlas en quart de finale de la Coupe d\u2019Afrique face aux Pharaons (2-1).<\/strong><\/p>\n<p>Durant cette conf\u00e9rence, Vahid a abord\u00e9 plusieurs points, \u00e0 savoir ses choix tactiques, la liste des joueurs convoqu\u00e9s, la situation de Ziyech, le non retour de Hamdallah et le r\u00f4le de Mustapha Hadji, tr\u00e8s critiqu\u00e9 r\u00e9cemment par la toile pour son apport douteux en tant qu\u2019adjoint du bosniaque.<\/p>\n<p><strong>L\u2019\u00e9limination du Maroc face aux Pharaons:<\/strong><\/p>\n<p>\u00abNous \u00e9tions tr\u00e8s d\u00e9\u00e7us et frustr\u00e9s apr\u00e8s ce match, ces derniers jours \u00e9taient difficiles mais je reste optimiste pour le football marocain. Si Nayef Aguerd avait marqu\u00e9 ce but, nous ne serons pas l\u00e0 aujourd\u2019hui. Nous avons tout donn\u00e9 pour r\u00e9aliser notre objectif et aller le plus loin possible. Salah est intraitable, le moindre espace et c\u2019est la fin, ce sont des petits d\u00e9tails qui fa\u00e7onnent le match. Les \u00c9gyptiens ont \u00e9t\u00e9 plus malins, plus vicieux, mais bagarreurs. Ce n\u2019est pas digne selon moi. Si on \u00e9tait ailleurs qu\u2019en Afrique, il y aurait au moins une dizaine d\u2019expulsions. Je n\u2019ai pas pu parler apr\u00e8s le match, car il y avait beaucoup de tensions. J\u2019ai assist\u00e9 \u00e0 un v\u00e9ritable chaos\u00bb.<\/p>\n<p><strong>Les objectifs fix\u00e9s avec la FRMF\u00a0:<\/strong><\/p>\n<p>\u00a0\u00abMon objectif \u00e9tait d\u2019atteindre au minimum les quarts de finale\u00bb, a d\u00e9clar\u00e9 Vahid. Une r\u00e9ponse qui contredit les paroles du pr\u00e9sident de la FRMF, Fouzi Lekjaa, qui avait confi\u00e9 en 2019 (jour de la pr\u00e9sentation de Vahid) que l\u2019objectif principal est la qualification pour la Coupe du monde 2022, atteindre la demi-finale de la CAN 2021 et remporter la CAN 2023.<\/p>\n<p><strong>Ziyech, le prince banni<\/strong><\/p>\n<p>\u00abVous voulez que je supplie quelqu\u2019un de jouer pour l\u2019\u00e9quipe nationale? Il y a un bon groupe, je veux prot\u00e9ger cela. Je ne peux pas convoquer un joueur qui peut exploser le groupe, m\u00eame s\u2019il s\u2019appelle Lionel Messi.\u00a0Je vais vous le r\u00e9p\u00e9ter pour la \u00e9ni\u00e8me fois, je ne prendrai pas Ziyech, j\u2019aimerai bien avoir les meilleurs joueurs possibles mais il a manqu\u00e9 de respect \u00e0 tous les marocains donc c\u2019est termin\u00e9. \u00a0Dois-je vous rappelez qu\u2019il \u00e9tait le joueur le plus critiqu\u00e9 \u00e0 l\u2019issue de la CAN 2019. Il \u00e9tait siffl\u00e9 par les supporters. N\u2019oubliez pas que je l\u2019ai r\u00e9cup\u00e9r\u00e9 en lui donnant le brassard. Si l\u2019un d\u2019entre vous, Marocains, voyait comment il s\u2019est entra\u00een\u00e9 avec l\u2019\u00e9quipe nationale marocaine, il serait tr\u00e8s d\u00e9\u00e7u.\u00a0C\u2019est malheureux. On peut pardonner des joueurs. Mais on ne peut pas pardonner 2 fois\u00bb.<\/p>\n<p>\u00abAim\u00e9 Jacquet, Didier Deschamps sont devenus champions du monde en \u00e9cartant les meilleurs joueurs (Cantona-Benzema). Je ne suis pas le premier \u00e0 faire cela\u00bb.<\/p>\n<p><strong>Une probable d\u00e9mission<\/strong><\/p>\n<p>\u00abJe peux partir d\u00e8s maintenant si vous voulez, je n\u2019ai aucune pression de partir ou non, je suis d\u00e9j\u00e0 parti dans le pass\u00e9. On a gagn\u00e9 tous nos matchs sauf celui-ci, une progression de 20 places au classement FIFA. Laissez-moi continuer de faire mon maximum pour aller \u00e0 la Coupe du monde. C\u2019est mon but ! Pour les supporters, pour sa Majest\u00e9, pour cette nation\u00bb.<\/p>\n<p><strong>Hadji, le mal-aim\u00e9<\/strong><\/p>\n<p>\u00abCertains n\u2019aiment pas Mustapha Hadji, mais si il n\u2019avait pas un r\u00f4le aussi primordial et ne travaillait pas bien il ne serait pas avec moi \u00e0 mes c\u00f4t\u00e9s. Il ne me pose aucun probl\u00e8me\u00bb.<\/p>\n<p><strong>Hamdallah<\/strong><\/p>\n<p>\u00abLes attaquants s\u00e9lectionn\u00e9s actuellement sont meilleurs. Je ne peux pas tout chambouler comme \u00e7a dans un groupe\u00bb.<\/p>\n<p><strong>Hymne national<\/strong><\/p>\n<p>\u00abAu d\u00e9part, presque aucun joueur ne chantait l\u2019hymne national. Aujourd\u2019hui, tous les joueurs le chantent. Je suis tr\u00e8s optimiste. Un jour, le Maroc gagnera la CAN et on se qualifiera au Mondial !\u00bb.<\/p>\n<p><strong>Abde Ezzalzouli<\/strong><\/p>\n<p>\u00abJ\u2019ai parl\u00e9 deux fois avec lui. Je pensais qu\u2019il allait venir en bicyclette. Le joueur est marocain.\u00a0 Mais son agent m\u2019a pos\u00e9 des conditions. Avec Vahid, il n\u2019y a aucune condition\u00bb.<\/p>\n<p><strong>Suspension CAF<\/strong><\/p>\n<p>\u00abOn va tout faire pour annuler les suspensions de Boufal et de Chakla\u00bb<\/p>\n<p><strong>Le fanatisme marocain<\/strong><\/p>\n<p>\u00abJe re\u00e7ois des menaces de mort, j\u2019ai l\u2019habitude en tant qu\u2019entra\u00eeneur, mais je re\u00e7ois aussi des encouragements, cela me fait du bien\u00bb.<\/p>\n<p><strong>Le futur de la s\u00e9lection<\/strong><\/p>\n<p>\u00abJe suis certain que cette \u00e9quipe gagnera la CAN. Peut-\u00eatre que je ne serai plus l\u00e0, mais elle la gagnera, un jour\u00bb.<\/p>\n<p><strong>Qualification Coupe du Monde 2022<\/strong><\/p>\n<p>\u00abJe ne veux pas \u00eatre pr\u00e9tentieux, mais j\u2019ai d\u00e9j\u00e0 qualifi\u00e9 3 pays en Coupe du Monde. Je ferai tout pour en qualifier un 4\u00e8me\u00bb.<\/p>\n<p>L\u2019article <a rel=\"nofollow\" href=\"http:\/\/albayane.press.ma\/maintenu-vahid-reaffirme-sa-confiance-en-hadji-ziyech-leternel-banni.html\">Maintenu, Vahid r\u00e9affirme sa confiance en Hadji, Ziyech, l\u2019\u00e9ternel banni<\/a> est apparu en premier sur <a rel=\"nofollow\" href=\"http:\/\/albayane.press.ma\/\">ALBAYANE<\/a>.<\/p>\n<\/div>\n<p>Auteur: M&rsquo;hammed rahal<br \/>\n<a href=\"http:\/\/albayane.press.ma\/maintenu-vahid-reaffirme-sa-confiance-en-hadji-ziyech-leternel-banni.html\">Cliquez ici pour lire l&rsquo;article depuis sa source.<\/a><\/p>\n","protected":false},"excerpt":{"rendered":"<p>Le\u00e7ons de la CAN2021 Oussama Zidouhia Le s\u00e9lectionneur national, Vahid Halilhodzic, a tenu ce jeudi une conf\u00e9rence de presse au complexe Mohammed VI de football, dans le but d\u2019expliquer \u00e0 la presse marocaine les tenants et les aboutissants de l\u2019\u00e9chec des Lions de l\u2019Atlas en quart de finale de la Coupe d\u2019Afrique face aux Pharaons [&hellip;]<\/p>\n","protected":false},"author":1760,"featured_media":0,"comment_status":"closed","ping_status":"closed","sticky":false,"template":"","format":"standard","meta":{"fifu_image_url":"","fifu_image_alt":"","footnotes":""},"categories":[73,54],"tags":[],"class_list":["post-140131","post","type-post","status-publish","format-standard","hentry","category-actualite","category-maroc"],"_links":{"self":[{"href":"https:\/\/linitiative.ca\/International\/wp-json\/wp\/v2\/posts\/140131","targetHints":{"allow":["GET"]}}],"collection":[{"href":"https:\/\/linitiative.ca\/International\/wp-json\/wp\/v2\/posts"}],"about":[{"href":"https:\/\/linitiative.ca\/International\/wp-json\/wp\/v2\/types\/post"}],"author":[{"embeddable":true,"href":"https:\/\/linitiative.ca\/International\/wp-json\/wp\/v2\/users\/1760"}],"replies":[{"embeddable":true,"href":"https:\/\/linitiative.ca\/International\/wp-json\/wp\/v2\/comments?post=140131"}],"version-history":[{"count":0,"href":"https:\/\/linitiative.ca\/International\/wp-json\/wp\/v2\/posts\/140131\/revisions"}],"wp:attachment":[{"href":"https:\/\/linitiative.ca\/International\/wp-json\/wp\/v2\/media?parent=140131"}],"wp:term":[{"taxonomy":"category","embeddable":true,"href":"https:\/\/linitiative.ca\/International\/wp-json\/wp\/v2\/categories?post=140131"},{"taxonomy":"post_tag","embeddable":true,"href":"https:\/\/linitiative.ca\/International\/wp-json\/wp\/v2\/tags?post=140131"}],"curies":[{"name":"wp","href":"https:\/\/api.w.org\/{rel}","templated":true}]}}